{"id":190162,"date":"2025-12-11T19:28:36","date_gmt":"2025-12-11T22:28:36","guid":{"rendered":"https:\/\/cdnoticias.com\/?p=190162"},"modified":"2025-12-11T19:28:38","modified_gmt":"2025-12-11T22:28:38","slug":"acompanantes-terapeuticos-fortalecen-la-atencion-en-la-guardia-del-hospital-municipal","status":"publish","type":"post","link":"https:\/\/cdnoticias.com\/index.php\/2025\/12\/11\/acompanantes-terapeuticos-fortalecen-la-atencion-en-la-guardia-del-hospital-municipal\/","title":{"rendered":"Acompa\u00f1antes terap\u00e9uticos fortalecen la atenci\u00f3n en la Guardia del Hospital Municipal"},"content":{"rendered":"\n<p>El programa lleva nueve meses de funcionamiento y suma un abordaje interdisciplinario para pacientes en situaci\u00f3n de vulnerabilidad. Cuatro profesionales trabajan las 24 horas en el servicio de emergencias.<\/p>\n\n\n\n<hr class=\"wp-block-separator has-alpha-channel-opacity\"\/>\n\n\n\n<p>El Hospital Municipal \u201cDoctor H\u00e9ctor Cura\u201d <strong>cumpli\u00f3 nueve meses de la puesta en marcha del Programa de Acompa\u00f1amiento Terap\u00e9utico,<\/strong> una iniciativa impulsada por el Consejo Administrativo de Salud del Municipio con el fin de mejorar la atenci\u00f3n integral en el servicio de emergencias.<\/p>\n\n\n\n<p><\/p>\n\n\n\n<p>La propuesta<strong> incorpor\u00f3 acompa\u00f1antes terap\u00e9uticos al equipo de la guardia<\/strong>, profesionales que <strong>se desempe\u00f1an durante las 24 horas <\/strong>y que trabajan en <strong>articulaci\u00f3n con enfermer\u00eda, m\u00e9dicos, salud mental, administrativos y personal de apoyo.<\/strong><\/p>\n\n\n\n<p><\/p>\n\n\n\n<blockquote class=\"wp-block-quote is-layout-flow wp-block-quote-is-layout-flow\">\n<p>Seg\u00fan indic\u00f3 la <strong>directora de Emergencias, Jorgelina Montenegro,<\/strong> la presencia de estos profesionales permite<strong> abordar de manera interdisciplinaria a pacientes con distintos niveles de vulnerabilidad, tanto f\u00edsica como psicol\u00f3gica, adem\u00e1s de brindar asistencia y contenci\u00f3n a sus familias.<\/strong><\/p>\n<\/blockquote>\n\n\n\n<p><\/p>\n\n\n\n<p>En la misma l\u00ednea,<strong> la Jefa de Guardia de Adultos, Guadalupe Gainza<\/strong>, explic\u00f3 que la necesidad surgi\u00f3 tras un <strong>relevamiento que detect\u00f3 un incremento en los ingresos por patolog\u00edas de salud mental.<\/strong> Se\u00f1al\u00f3 adem\u00e1s que el Hospital H\u00e9ctor Cura es uno de los primeros en implementar de manera formal este tipo de acompa\u00f1amiento en su estructura de emergencias.<\/p>\n\n\n\n<p><\/p>\n\n\n\n<p>El equipo de acompa\u00f1antes terap\u00e9uticos est\u00e1 integrado por <strong>cuatro profesionales<\/strong> dedicados a <strong>contener situaciones de crisis, angustia o tensiones propias del contexto de guardia.<\/strong> Su labor incluye intervenir durante la estad\u00eda del paciente, brindando sost\u00e9n ps\u00edquico y f\u00edsico, acompa\u00f1ando procesos de internaci\u00f3n y colaborando con el abordaje de casos de violencia de g\u00e9nero, situaciones sociales y consumo problem\u00e1tico.<\/p>\n\n\n\n<p><\/p>\n\n\n\n<p>Desde el programa destacaron que su rol se basa en un<strong> trabajo interdisciplinario<\/strong>, respetando los lineamientos institucionales y apuntando a intervenciones ajustadas a la singularidad de cada paciente.<\/p>\n\n\n\n<p><\/p>\n\n\n\n<p>Finalmente, la <strong>doctora Victoria Nogal <\/strong>valor\u00f3 que las acompa\u00f1antes terap\u00e9uticas se convirtieron en un puente entre pacientes y familias, contribuyendo a una <strong>atenci\u00f3n m\u00e1s humanizada<\/strong> incluso en escenarios cr\u00edticos y de alto estr\u00e9s propios de la emergencia.<\/p>\n\n\n\n<p><\/p>\n","protected":false},"excerpt":{"rendered":"<p>El programa lleva nueve meses de funcionamiento y suma un abordaje interdisciplinario para pacientes en situaci\u00f3n de vulnerabilidad. Cuatro profesionales<\/p>\n","protected":false},"author":5,"featured_media":177068,"comment_status":"closed","ping_status":"closed","sticky":false,"template":"","format":"standard","meta":{"_jetpack_memberships_contains_paid_content":false,"footnotes":""},"categories":[5,1],"tags":[],"class_list":["post-190162","post","type-post","status-publish","format-standard","has-post-thumbnail","hentry","category-informacion-general","category-portada"],"jetpack_featured_media_url":"https:\/\/i0.wp.com\/cdnoticias.com\/wp-content\/uploads\/2025\/07\/hospital-municipal-frente-00.jpg?fit=1000%2C556&ssl=1","jetpack_sharing_enabled":true,"_links":{"self":[{"href":"https:\/\/cdnoticias.com\/index.php\/wp-json\/wp\/v2\/posts\/190162","targetHints":{"allow":["GET"]}}],"collection":[{"href":"https:\/\/cdnoticias.com\/index.php\/wp-json\/wp\/v2\/posts"}],"about":[{"href":"https:\/\/cdnoticias.com\/index.php\/wp-json\/wp\/v2\/types\/post"}],"author":[{"embeddable":true,"href":"https:\/\/cdnoticias.com\/index.php\/wp-json\/wp\/v2\/users\/5"}],"replies":[{"embeddable":true,"href":"https:\/\/cdnoticias.com\/index.php\/wp-json\/wp\/v2\/comments?post=190162"}],"version-history":[{"count":0,"href":"https:\/\/cdnoticias.com\/index.php\/wp-json\/wp\/v2\/posts\/190162\/revisions"}],"wp:featuredmedia":[{"embeddable":true,"href":"https:\/\/cdnoticias.com\/index.php\/wp-json\/wp\/v2\/media\/177068"}],"wp:attachment":[{"href":"https:\/\/cdnoticias.com\/index.php\/wp-json\/wp\/v2\/media?parent=190162"}],"wp:term":[{"taxonomy":"category","embeddable":true,"href":"https:\/\/cdnoticias.com\/index.php\/wp-json\/wp\/v2\/categories?post=190162"},{"taxonomy":"post_tag","embeddable":true,"href":"https:\/\/cdnoticias.com\/index.php\/wp-json\/wp\/v2\/tags?post=190162"}],"curies":[{"name":"wp","href":"https:\/\/api.w.org\/{rel}","templated":true}]}}