{"id":190160,"date":"2025-12-11T11:06:10","date_gmt":"2025-12-11T14:06:10","guid":{"rendered":"https:\/\/cdnoticias.com\/?p=190160"},"modified":"2025-12-11T14:59:02","modified_gmt":"2025-12-11T17:59:02","slug":"cambio-el-listado-de-mayores-contribuyentes-ucr-planteo-dudas-por-el-apuro-del-oficialismo","status":"publish","type":"post","link":"https:\/\/cdnoticias.com\/index.php\/2025\/12\/11\/cambio-el-listado-de-mayores-contribuyentes-ucr-planteo-dudas-por-el-apuro-del-oficialismo\/","title":{"rendered":"Cambi\u00f3 el listado de mayores contribuyentes: UCR plante\u00f3 dudas por \u201cel apuro\u201d del oficialismo"},"content":{"rendered":"<p>Se aprob\u00f3 en la sesi\u00f3n de este jueves con los votos de Fuerza Patria y La Libertad Avanza. El concejal Pancho Gonz\u00e1lez advirti\u00f3 por \u201calg\u00fan aumento de tasas\u201d que podr\u00eda plantear el Intendente.<!--more--><\/p>\n<hr \/>\n<p>En la ma\u00f1ana de este jueves<strong> se llev\u00f3 adelante una <a href=\"https:\/\/cdnoticias.com\/index.php\/2025\/12\/10\/el-hcd-tendra-sesion-extraordinaria-y-tratara-un-pedido-de-licencia-del-intendente\/\" target=\"_blank\" rel=\"noopener\">Sesi\u00f3n Extraordinaria<\/a>\u00a0en el Honorable Concejo Deliberante<\/strong>, donde se aprob\u00f3<strong> una adecuaci\u00f3n a la composici\u00f3n de los Mayores Contribuyentes<\/strong> para que quede <strong>la misma cantidad por bloque que concejales<\/strong>.<\/p>\n<blockquote><p>Desde la UCR se inform\u00f3 que dicha medida \u201cno est\u00e1 establecida en la Ley Org\u00e1nica, que estipula que hasta el 30 de abril tiene vigencia la actual conformaci\u00f3n y no puede ser modificada\u201d. El sector intent\u00f3 postergar el tratamiento, pero no tuvo \u00e9xito.<\/p><\/blockquote>\n<p>La presentaci\u00f3n fue <strong>aprobada con los votos del bloque oficialista y de La Libertad Avanza<\/strong>, <em>\u201csituaci\u00f3n por dem\u00e1s sorpresiva\u201d<\/em> se\u00f1al\u00f3 la bancada unipersonal.<\/p>\n<p><img data-recalc-dims=\"1\" loading=\"lazy\" decoding=\"async\" class=\"alignnone size-full wp-image-190169 aligncenter\" src=\"https:\/\/i0.wp.com\/cdnoticias.com\/wp-content\/uploads\/2025\/12\/hcd-sesion-extraordinaria-00.jpg?resize=800%2C450&#038;ssl=1\" alt=\"\" width=\"800\" height=\"450\" srcset=\"https:\/\/i0.wp.com\/cdnoticias.com\/wp-content\/uploads\/2025\/12\/hcd-sesion-extraordinaria-00.jpg?w=1000&amp;ssl=1 1000w, https:\/\/i0.wp.com\/cdnoticias.com\/wp-content\/uploads\/2025\/12\/hcd-sesion-extraordinaria-00.jpg?resize=300%2C169&amp;ssl=1 300w, https:\/\/i0.wp.com\/cdnoticias.com\/wp-content\/uploads\/2025\/12\/hcd-sesion-extraordinaria-00.jpg?resize=768%2C432&amp;ssl=1 768w\" sizes=\"auto, (max-width: 800px) 100vw, 800px\" \/><\/p>\n<p>Al respecto, el <strong>concejal radical Francisco Gonz\u00e1lez<\/strong> expres\u00f3 que <strong>\u201cllama poderosamente la atenci\u00f3n el apuro<\/strong> con el cual se present\u00f3 el expediente para que se trate el d\u00eda de hoy. Es por eso que <strong>se present\u00f3 la moci\u00f3n para que vuelva a comisi\u00f3n<\/strong>, sea analizado en profundidad y se realicen las consultas pertinentes al Tribunal de Cuentas, pero <strong>no fue aceptada por el oficialismo\u201d<\/strong>.<\/p>\n<blockquote><p>En esta misma l\u00ednea, arremeti\u00f3: \u201cevidentemente hay un claro apuro para tratar algo que desconocemos, relacionado con alg\u00fan aumento de tasas o algo por el estilo, que para eso est\u00e1n los Mayores Contribuyentes. Seguramente esto lo vamos a conocer en los pr\u00f3ximos d\u00edas y dudo mucho que sea en favor de los vecinos\u201d.<\/p><\/blockquote>\n<p>Por \u00faltimo, expres\u00f3 que<strong> \u201cnos preocupa la actitud del oficialismo de tratar de modificar cosas que ya est\u00e1n establecidas por la LOM<\/strong>, as\u00ed que queremos manifestar nuestra preocupaci\u00f3n. <strong>Pr\u00f3ximamente vamos a saber el trasfondo<\/strong> del apuro en esta modificaci\u00f3n\u201d.<\/p>\n<blockquote class=\"wp-embedded-content\" data-secret=\"eyUZs9jMN7\"><p><a href=\"https:\/\/cdnoticias.com\/index.php\/2025\/12\/11\/se-aprobo-la-ordenanza-preparatoria-para-el-programa-de-lucha-contra-la-tucura\/\">Se aprob\u00f3 la Ordenanza Preparatoria para el programa de Lucha contra la Tucura<\/a><\/p><\/blockquote>\n<p><iframe loading=\"lazy\" class=\"wp-embedded-content\" sandbox=\"allow-scripts\" security=\"restricted\" style=\"position: absolute; visibility: hidden;\" title=\"&#8220;Se aprob\u00f3 la Ordenanza Preparatoria para el programa de Lucha contra la Tucura&#8221; &#8212; Central de Noticias | Olavarr\u00eda\" src=\"https:\/\/cdnoticias.com\/index.php\/2025\/12\/11\/se-aprobo-la-ordenanza-preparatoria-para-el-programa-de-lucha-contra-la-tucura\/embed\/#?secret=k89SZSjtXR#?secret=eyUZs9jMN7\" data-secret=\"eyUZs9jMN7\" width=\"600\" height=\"338\" frameborder=\"0\" marginwidth=\"0\" marginheight=\"0\" scrolling=\"no\"><\/iframe><\/p>\n","protected":false},"excerpt":{"rendered":"<p>Se aprob\u00f3 en la sesi\u00f3n de este jueves con los votos de Fuerza Patria y La Libertad Avanza. El concejal<\/p>\n","protected":false},"author":4,"featured_media":153724,"comment_status":"closed","ping_status":"closed","sticky":false,"template":"","format":"standard","meta":{"_jetpack_memberships_contains_paid_content":false,"footnotes":""},"categories":[4,1],"tags":[],"class_list":["post-190160","post","type-post","status-publish","format-standard","has-post-thumbnail","hentry","category-politica","category-portada"],"jetpack_featured_media_url":"https:\/\/i0.wp.com\/cdnoticias.com\/wp-content\/uploads\/2025\/02\/HCD-pancho-gonzalez-00.jpg?fit=1000%2C556&ssl=1","jetpack_sharing_enabled":true,"_links":{"self":[{"href":"https:\/\/cdnoticias.com\/index.php\/wp-json\/wp\/v2\/posts\/190160","targetHints":{"allow":["GET"]}}],"collection":[{"href":"https:\/\/cdnoticias.com\/index.php\/wp-json\/wp\/v2\/posts"}],"about":[{"href":"https:\/\/cdnoticias.com\/index.php\/wp-json\/wp\/v2\/types\/post"}],"author":[{"embeddable":true,"href":"https:\/\/cdnoticias.com\/index.php\/wp-json\/wp\/v2\/users\/4"}],"replies":[{"embeddable":true,"href":"https:\/\/cdnoticias.com\/index.php\/wp-json\/wp\/v2\/comments?post=190160"}],"version-history":[{"count":0,"href":"https:\/\/cdnoticias.com\/index.php\/wp-json\/wp\/v2\/posts\/190160\/revisions"}],"wp:featuredmedia":[{"embeddable":true,"href":"https:\/\/cdnoticias.com\/index.php\/wp-json\/wp\/v2\/media\/153724"}],"wp:attachment":[{"href":"https:\/\/cdnoticias.com\/index.php\/wp-json\/wp\/v2\/media?parent=190160"}],"wp:term":[{"taxonomy":"category","embeddable":true,"href":"https:\/\/cdnoticias.com\/index.php\/wp-json\/wp\/v2\/categories?post=190160"},{"taxonomy":"post_tag","embeddable":true,"href":"https:\/\/cdnoticias.com\/index.php\/wp-json\/wp\/v2\/tags?post=190160"}],"curies":[{"name":"wp","href":"https:\/\/api.w.org\/{rel}","templated":true}]}}