{"id":190158,"date":"2025-12-11T10:52:46","date_gmt":"2025-12-11T13:52:46","guid":{"rendered":"https:\/\/cdnoticias.com\/?p=190158"},"modified":"2025-12-11T16:03:30","modified_gmt":"2025-12-11T19:03:30","slug":"docentes-bonaerenses-reclaman-al-gobierno-una-nueva-convocatoria-a-paritarias","status":"publish","type":"post","link":"https:\/\/cdnoticias.com\/index.php\/2025\/12\/11\/docentes-bonaerenses-reclaman-al-gobierno-una-nueva-convocatoria-a-paritarias\/","title":{"rendered":"Docentes bonaerenses reclaman al Gobierno una nueva convocatoria a paritarias"},"content":{"rendered":"\n<p>Piden reabrir la negociaci\u00f3n para actualizar salarios antes de fin de a\u00f1o. Veronica Danelli (Suteba) advirti\u00f3 por condiciones laborales, la ausencia de paritarias nacionales y repudi\u00f3 el anuncio de una reforma educativa \u201cinconsulta\u201d.<\/p>\n\n\n\n<hr class=\"wp-block-separator has-alpha-channel-opacity\"\/>\n\n\n\n<p>Los docentes bonaerenses nucleados en el<strong> Frente de Unidad Docente Bonaerense (FUDB)<\/strong> reclamaron al Gobierno provincial una<strong> nueva convocatoria a paritarias con el objetivo de acordar un aumento salarial para el \u00faltimo mes del a\u00f1o.<\/strong><\/p>\n\n\n\n<p><\/p>\n\n\n\n<p>En di\u00e1logo con <strong>Levantate por Radio Sapiens (FM 102.7),<\/strong> la <strong>secretaria general de Suteba, Ver\u00f3nica Danelli, <\/strong>explic\u00f3 que el pedido apunta a \u201cpoder hacer una <strong>actualizaci\u00f3n en lo que es la paritaria provincial antes de fin de a\u00f1o<\/strong>, para poder nuevamente discutir nuestro salario, poder llegar a una recomposici\u00f3n o al menos poder ganarle un poquito m\u00e1s a la inflaci\u00f3n\u201d.<\/p>\n\n\n\n<p><\/p>\n\n\n\n<p>Seg\u00fan detall\u00f3, aunque los salarios docentes \u201chan ido acompa\u00f1ando la inflaci\u00f3n oficial\u201d, <strong>la evoluci\u00f3n de los precios no refleja los gastos cotidianos<\/strong>: \u201clos servicios han aumentado de forma descomunal, se espera un aumento importante a fin de a\u00f1o con la quita de los subsidios que quedaban\u201d. Indic\u00f3 adem\u00e1s que un docente con 15 a\u00f1os de antig\u00fcedad y una carga de 4 horas diarias percibe alrededor de 850.000 pesos.<\/p>\n\n\n\n<p><\/p>\n\n\n\n<p>Danelli se\u00f1al\u00f3 que antes de discutir montos, suelen abordarse temas vinculados a <strong>condiciones laborales<\/strong>, aunque aclar\u00f3 que \u201ctodav\u00eda ni siquiera tuvimos una primera reuni\u00f3n\u201d y que esperan avanzar antes del cierre del a\u00f1o para <strong>\u201cproyectar un n\u00famero\u201d.<\/strong><\/p>\n\n\n\n<p><\/p>\n\n\n\n<figure class=\"wp-block-image size-full\"><img data-recalc-dims=\"1\" loading=\"lazy\" decoding=\"async\" width=\"800\" height=\"445\" src=\"https:\/\/i0.wp.com\/cdnoticias.com\/wp-content\/uploads\/2025\/10\/docente-fud-03.png?resize=800%2C445&#038;ssl=1\" alt=\"\" class=\"wp-image-184561\" srcset=\"https:\/\/i0.wp.com\/cdnoticias.com\/wp-content\/uploads\/2025\/10\/docente-fud-03.png?w=800&amp;ssl=1 800w, https:\/\/i0.wp.com\/cdnoticias.com\/wp-content\/uploads\/2025\/10\/docente-fud-03.png?resize=300%2C167&amp;ssl=1 300w, https:\/\/i0.wp.com\/cdnoticias.com\/wp-content\/uploads\/2025\/10\/docente-fud-03.png?resize=768%2C427&amp;ssl=1 768w\" sizes=\"auto, (max-width: 800px) 100vw, 800px\" \/><\/figure>\n\n\n\n<p><\/p>\n\n\n\n<p><strong>Condiciones laborales y el acuerdo para los \u201cprofesores taxis\u201d<\/strong><\/p>\n\n\n\n<p><\/p>\n\n\n\n<p>La dirigente mencion\u00f3 el reciente acuerdo \u2014a\u00fan no instrumentado\u2014 destinado a<strong> reorganizar la carga horaria de los docentes de distintas modalidades.<\/strong><\/p>\n\n\n\n<p>Explic\u00f3 que <strong>es habitual que los trabajadores cuenten con pocas horas en varias escuelas, lo que incrementa los tiempos de traslado: <\/strong>\u201cmuchas veces hemos hablado de los profesores taxis\u201d.<\/p>\n\n\n\n<p><\/p>\n\n\n\n<blockquote class=\"wp-block-quote is-layout-flow wp-block-quote-is-layout-flow\">\n<p>El nuevo esquema apunta a concentrar horas en una \u00fanica instituci\u00f3n y comenzar\u00e1 a aplicarse en 2026 para las modalidades de Educaci\u00f3n F\u00edsica, Art\u00edstica e Ingl\u00e9s.<\/p>\n<\/blockquote>\n\n\n\n<p><\/p>\n\n\n\n<p>Por otra parte, <strong>Danelli advirti\u00f3 adem\u00e1s que la ausencia de paritarias nacionales profundiza la desigualdad salarial entre provincias y dificulta la planificaci\u00f3n de pol\u00edticas educativas: <\/strong>infraestructura, comedores, quinta hora y escuelas de doble jornada quedan supeditadas a la capacidad de cada distrito. \u201cEn algunas provincias se pudo sostener, en otras no\u201d, afirm\u00f3.<\/p>\n\n\n\n<p><\/p>\n\n\n\n<p><strong>Reforma educativa y cr\u00edticas al proyecto del Gobierno nacional<\/strong><\/p>\n\n\n\n<p><br>La secretaria general cuestion\u00f3 el enfoque del proyecto de<strong> reforma educativa <\/strong>que impulsa el Gobierno nacional, al considerar que<strong> apunta a trasladar toda la responsabilidad a las provincias. <\/strong>Record\u00f3 que un proceso similar ya se vivi\u00f3 sin presupuesto adecuado y destac\u00f3 el rol del Estado nacional para <strong>reducir desigualdades estructurales.<\/strong><\/p>\n\n\n\n<p><\/p>\n\n\n\n<p>Tambi\u00e9n critic\u00f3 el modo en que se pretende modificar la actual Ley de Educaci\u00f3n Nacional, sancionada en 2006: <strong>\u201cesta forma inconsulta, antidemocr\u00e1tica, que intenta derogar una ley que ha sido sancionada con la unanimidad del pueblo argentino nos hace mucho ruido y por supuesto repudiamos\u201d.<\/strong><\/p>\n\n\n\n<p><\/p>\n","protected":false},"excerpt":{"rendered":"<p>Piden reabrir la negociaci\u00f3n para actualizar salarios antes de fin de a\u00f1o. Veronica Danelli (Suteba) advirti\u00f3 por condiciones laborales, la<\/p>\n","protected":false},"author":5,"featured_media":88183,"comment_status":"closed","ping_status":"closed","sticky":false,"template":"","format":"standard","meta":{"_jetpack_memberships_contains_paid_content":false,"footnotes":""},"categories":[5,1],"tags":[],"class_list":["post-190158","post","type-post","status-publish","format-standard","has-post-thumbnail","hentry","category-informacion-general","category-portada"],"jetpack_featured_media_url":"https:\/\/i0.wp.com\/cdnoticias.com\/wp-content\/uploads\/2023\/06\/veronica-danelli-suteba.jpg?fit=800%2C445&ssl=1","jetpack_sharing_enabled":true,"_links":{"self":[{"href":"https:\/\/cdnoticias.com\/index.php\/wp-json\/wp\/v2\/posts\/190158","targetHints":{"allow":["GET"]}}],"collection":[{"href":"https:\/\/cdnoticias.com\/index.php\/wp-json\/wp\/v2\/posts"}],"about":[{"href":"https:\/\/cdnoticias.com\/index.php\/wp-json\/wp\/v2\/types\/post"}],"author":[{"embeddable":true,"href":"https:\/\/cdnoticias.com\/index.php\/wp-json\/wp\/v2\/users\/5"}],"replies":[{"embeddable":true,"href":"https:\/\/cdnoticias.com\/index.php\/wp-json\/wp\/v2\/comments?post=190158"}],"version-history":[{"count":0,"href":"https:\/\/cdnoticias.com\/index.php\/wp-json\/wp\/v2\/posts\/190158\/revisions"}],"wp:featuredmedia":[{"embeddable":true,"href":"https:\/\/cdnoticias.com\/index.php\/wp-json\/wp\/v2\/media\/88183"}],"wp:attachment":[{"href":"https:\/\/cdnoticias.com\/index.php\/wp-json\/wp\/v2\/media?parent=190158"}],"wp:term":[{"taxonomy":"category","embeddable":true,"href":"https:\/\/cdnoticias.com\/index.php\/wp-json\/wp\/v2\/categories?post=190158"},{"taxonomy":"post_tag","embeddable":true,"href":"https:\/\/cdnoticias.com\/index.php\/wp-json\/wp\/v2\/tags?post=190158"}],"curies":[{"name":"wp","href":"https:\/\/api.w.org\/{rel}","templated":true}]}}