{"id":190155,"date":"2025-12-11T10:13:24","date_gmt":"2025-12-11T13:13:24","guid":{"rendered":"https:\/\/cdnoticias.com\/?p=190155"},"modified":"2025-12-11T14:59:42","modified_gmt":"2025-12-11T17:59:42","slug":"reforma-laboral-javier-milei-firmo-el-proyecto-y-el-gobierno-lo-enviara-al-congreso","status":"publish","type":"post","link":"https:\/\/cdnoticias.com\/index.php\/2025\/12\/11\/reforma-laboral-javier-milei-firmo-el-proyecto-y-el-gobierno-lo-enviara-al-congreso\/","title":{"rendered":"Reforma Laboral: Javier Milei firm\u00f3 el proyecto y el Gobierno lo enviar\u00e1 al Congreso"},"content":{"rendered":"<p>Escoltado por el jefe de Gabinete, Manuel Adorni, el Presidente rubric\u00f3 el texto que ingres\u00f3 este jueves por el Senado.<!--more--><\/p>\n<hr \/>\n<p>El presidente<strong> Javier Milei regres\u00f3 de su viaje a Oslo y firm\u00f3 el proyecto de Reforma Laboral<\/strong>, que fue<strong> enviado al Congreso<\/strong> de la Naci\u00f3n, seg\u00fan pudo confirmar la Agencia Noticias Argentinas.<\/p>\n<p>El mandatario aterriz\u00f3 esta ma\u00f1ana pasada las 8 luego de asistir a la ceremonia de entrega del Premio Nobel de la Paz a la l\u00edder venezolana Mar\u00eda Corina Machado. Sin embargo, el encuentro no pudo concretarse debido a la demora de la referente de Vamos Venezuela.<\/p>\n<p>Asimismo, <strong>Milei cancel\u00f3 la agenda en Oslo para \u201cdejarle el espacio\u201d a Machado<\/strong> ante la incertidumbre que gener\u00f3 su llegada, seg\u00fan expresaron desde su entorno.<\/p>\n<blockquote class=\"twitter-tweet\">\n<p lang=\"es\" dir=\"ltr\">El Presidente Javier Milei, reci\u00e9n aterrizado en Buenos Aires, firm\u00f3 el proyecto de Modernizaci\u00f3n Laboral que el Gobierno enviar\u00e1 al Congreso, acompa\u00f1ado por su Jefe de Gabinete, Manuel Adorni. <a href=\"https:\/\/t.co\/QrGb9om6wD\">pic.twitter.com\/QrGb9om6wD<\/a><\/p>\n<p>&mdash; Oficina del Presidente (@OPRArgentina) <a href=\"https:\/\/twitter.com\/OPRArgentina\/status\/1999091783809261951?ref_src=twsrc%5Etfw\">December 11, 2025<\/a><\/p><\/blockquote>\n<p> <script async src=\"https:\/\/platform.twitter.com\/widgets.js\" charset=\"utf-8\"><\/script><\/p>\n<blockquote><p>Ya en el pa\u00eds, el libertario oficializ\u00f3 el env\u00edo de lo que denominan \u201cmodernizaci\u00f3n\u201d laboral y design\u00f3 a tres interlocutores como los voceros oficiales para defender y explicar la iniciativa. Los elegidos son el ministro de Desregulaci\u00f3n y Transformaci\u00f3n del Estado, Federico Sturzenegger; su secretario de Transformaci\u00f3n del Estado y Funci\u00f3n P\u00fablica, Maximiliano Fari\u00f1a, y el secretario de Trabajo, Empleo y Seguridad Social, Julio Cordero.<\/p><\/blockquote>\n<p>La idea de la administraci\u00f3n libertaria es que <strong>la reforma laboral ingrese por la C\u00e1mara de Senadores<\/strong> para iniciar el debate y as\u00ed intentar <strong>conquistar la media sanci\u00f3n durante el mes de diciembre<\/strong>, en el marco de las sesiones extraordinarias que iniciaron el 10 y culminar\u00e1n el 30 de este mes.<\/p>\n<blockquote class=\"twitter-tweet\">\n<p lang=\"es\" dir=\"ltr\">El Presidente de la Naci\u00f3n firm\u00f3 hace unos instantes el proyecto de modernizaci\u00f3n laboral que se enviar\u00e1 inmediatamente al Congreso de la Naci\u00f3n. El mismo representa la transformaci\u00f3n m\u00e1s grande de la historia argentina en materia laboral.<\/p>\n<p>Dios bendiga a la Rep\u00fablica Argentina.\u2026 <a href=\"https:\/\/t.co\/rJCrDJ3VY6\">pic.twitter.com\/rJCrDJ3VY6<\/a><\/p>\n<p>&mdash; Manuel Adorni (@madorni) <a href=\"https:\/\/twitter.com\/madorni\/status\/1999079304748040311?ref_src=twsrc%5Etfw\">December 11, 2025<\/a><\/p><\/blockquote>\n<p> <script async src=\"https:\/\/platform.twitter.com\/widgets.js\" charset=\"utf-8\"><\/script><\/p>\n<p><strong>En Casa Rosada aspiran a culminar el debate a principios de 2026<\/strong>, espec\u00edficamente a finales de enero y principios de febrero, fecha en la que podr\u00eda extenderse la pr\u00f3rroga para intentar sancionar la mayor cantidad de los proyectos que incluye el temario. De esta forma, <strong>intentar\u00e1n pasar la reforma laboral, la Ley de Glaciares, el Presupuesto 2026, la reforma del C\u00f3digo Penal y la Ley de Estabilidad Fiscal<\/strong>.<\/p>\n<p>Desde la<strong> Presidencia<\/strong> hicieron p\u00fablico un <strong>video en el que se lo ve al mandatario firmar el detalle de la reforma<\/strong> musicalizado por la canci\u00f3n &#8220;Back in Business&#8221; de AC\/DC, en el que se lo escucha expresar: <em>\u201cPor m\u00e1s crecimiento, m\u00e1s prosperidad, por m\u00e1s trabajo y para que la Argentina sea grande nuevamente. \u00a1Viva La Libertad, carajo!\u201d<\/em>. Se muestra escoltado por el jefe de Gabinete, Manuel Adorni.<\/p>\n<p>Fuente: <em>Noticias Argentinas<\/em><\/p>\n","protected":false},"excerpt":{"rendered":"<p>Escoltado por el jefe de Gabinete, Manuel Adorni, el Presidente rubric\u00f3 el texto que ingres\u00f3 este jueves por el Senado.<\/p>\n","protected":false},"author":4,"featured_media":190157,"comment_status":"closed","ping_status":"closed","sticky":false,"template":"","format":"standard","meta":{"_jetpack_memberships_contains_paid_content":false,"footnotes":""},"categories":[6],"tags":[],"class_list":["post-190155","post","type-post","status-publish","format-standard","has-post-thumbnail","hentry","category-nacionales"],"jetpack_featured_media_url":"https:\/\/i0.wp.com\/cdnoticias.com\/wp-content\/uploads\/2025\/12\/javier-milei-manuel-adorni.jpg?fit=1000%2C666&ssl=1","jetpack_sharing_enabled":true,"_links":{"self":[{"href":"https:\/\/cdnoticias.com\/index.php\/wp-json\/wp\/v2\/posts\/190155","targetHints":{"allow":["GET"]}}],"collection":[{"href":"https:\/\/cdnoticias.com\/index.php\/wp-json\/wp\/v2\/posts"}],"about":[{"href":"https:\/\/cdnoticias.com\/index.php\/wp-json\/wp\/v2\/types\/post"}],"author":[{"embeddable":true,"href":"https:\/\/cdnoticias.com\/index.php\/wp-json\/wp\/v2\/users\/4"}],"replies":[{"embeddable":true,"href":"https:\/\/cdnoticias.com\/index.php\/wp-json\/wp\/v2\/comments?post=190155"}],"version-history":[{"count":0,"href":"https:\/\/cdnoticias.com\/index.php\/wp-json\/wp\/v2\/posts\/190155\/revisions"}],"wp:featuredmedia":[{"embeddable":true,"href":"https:\/\/cdnoticias.com\/index.php\/wp-json\/wp\/v2\/media\/190157"}],"wp:attachment":[{"href":"https:\/\/cdnoticias.com\/index.php\/wp-json\/wp\/v2\/media?parent=190155"}],"wp:term":[{"taxonomy":"category","embeddable":true,"href":"https:\/\/cdnoticias.com\/index.php\/wp-json\/wp\/v2\/categories?post=190155"},{"taxonomy":"post_tag","embeddable":true,"href":"https:\/\/cdnoticias.com\/index.php\/wp-json\/wp\/v2\/tags?post=190155"}],"curies":[{"name":"wp","href":"https:\/\/api.w.org\/{rel}","templated":true}]}}