{"id":190153,"date":"2025-12-11T09:49:19","date_gmt":"2025-12-11T12:49:19","guid":{"rendered":"https:\/\/cdnoticias.com\/?p=190153"},"modified":"2025-12-11T14:58:54","modified_gmt":"2025-12-11T17:58:54","slug":"atardecer-de-feria-volvera-el-sabado-con-una-propuesta-navidena","status":"publish","type":"post","link":"https:\/\/cdnoticias.com\/index.php\/2025\/12\/11\/atardecer-de-feria-volvera-el-sabado-con-una-propuesta-navidena\/","title":{"rendered":"\u201cAtardecer de Feria\u201d volver\u00e1 el s\u00e1bado con una propuesta navide\u00f1a"},"content":{"rendered":"<p>Desde las 19 horas en el Centro Cultural Municipal San Jos\u00e9. Participar\u00e1n m\u00e1s de 90 feriantes, entre emprendedores y artesanos.<!--more--><\/p>\n<hr \/>\n<p>El Municipio de Olavarr\u00eda invit\u00f3 a toda la comunidad a participar de una <strong>nueva edici\u00f3n de \u201cAtardecer de Feria\u201d<\/strong>, la propuesta enmarcada en el <strong>calendario de \u201cOlavarr\u00eda en Verano\u201d<\/strong> que tendr\u00e1 este <strong>s\u00e1bado la primera edici\u00f3n de la temporada 2025\/26<\/strong>.<\/p>\n<p>Organizado desde la Secretar\u00eda de Desarrollo Econ\u00f3mico y Productivo, a trav\u00e9s de la Coordinaci\u00f3n de Econom\u00eda Popular y la Subsecretar\u00eda de Cultura y Educaci\u00f3n se desarrollar\u00e1 <strong>este 13 de diciembre, desde las 19 horas, en el Centro Cultural Municipal \u201cSan Jos\u00e9\u201d<\/strong>.<\/p>\n<blockquote><p>En las \u00faltimas horas concluy\u00f3 la convocatoria a emprendedores, lo que dej\u00f3 como resultado la confirmaci\u00f3n de que participar\u00e1n m\u00e1s de 90 feriantes, entre emprendedores y artesanos, que ofrecer\u00e1n una amplia variedad de productos y servicios en stands especialmente dispuestos para la ocasi\u00f3n.<\/p><\/blockquote>\n<p>De esta manera, el Centro Cultural ser\u00e1 el <strong>escenario perfecto para disfrutar de un atardecer \u00fanico<\/strong>, acompa\u00f1ado adem\u00e1s de <strong>m\u00fasica en vivo y un patio de comidas con foodtrucks y cerveza artesanal<\/strong>.<\/p>\n<p>&#8220;Atardecer de Feria es una propuesta que se ha incorporado al calendario local desde el inicio de la actual gesti\u00f3n municipal, generando un nuevo espacio de comercializaci\u00f3n para la econom\u00eda popular, pero tambi\u00e9n para el encuentro de la comunidad&#8221; se destac\u00f3 desde la Secretar\u00eda.<\/p>\n","protected":false},"excerpt":{"rendered":"<p>Desde las 19 horas en el Centro Cultural Municipal San Jos\u00e9. Participar\u00e1n m\u00e1s de 90 feriantes, entre emprendedores y artesanos.<\/p>\n","protected":false},"author":4,"featured_media":134280,"comment_status":"closed","ping_status":"closed","sticky":false,"template":"","format":"standard","meta":{"_jetpack_memberships_contains_paid_content":false,"footnotes":""},"categories":[9,1],"tags":[],"class_list":["post-190153","post","type-post","status-publish","format-standard","has-post-thumbnail","hentry","category-cultura","category-portada"],"jetpack_featured_media_url":"https:\/\/i0.wp.com\/cdnoticias.com\/wp-content\/uploads\/2025\/01\/AtardecerDeFeria-20.jpg?fit=1024%2C680&ssl=1","jetpack_sharing_enabled":true,"_links":{"self":[{"href":"https:\/\/cdnoticias.com\/index.php\/wp-json\/wp\/v2\/posts\/190153","targetHints":{"allow":["GET"]}}],"collection":[{"href":"https:\/\/cdnoticias.com\/index.php\/wp-json\/wp\/v2\/posts"}],"about":[{"href":"https:\/\/cdnoticias.com\/index.php\/wp-json\/wp\/v2\/types\/post"}],"author":[{"embeddable":true,"href":"https:\/\/cdnoticias.com\/index.php\/wp-json\/wp\/v2\/users\/4"}],"replies":[{"embeddable":true,"href":"https:\/\/cdnoticias.com\/index.php\/wp-json\/wp\/v2\/comments?post=190153"}],"version-history":[{"count":0,"href":"https:\/\/cdnoticias.com\/index.php\/wp-json\/wp\/v2\/posts\/190153\/revisions"}],"wp:featuredmedia":[{"embeddable":true,"href":"https:\/\/cdnoticias.com\/index.php\/wp-json\/wp\/v2\/media\/134280"}],"wp:attachment":[{"href":"https:\/\/cdnoticias.com\/index.php\/wp-json\/wp\/v2\/media?parent=190153"}],"wp:term":[{"taxonomy":"category","embeddable":true,"href":"https:\/\/cdnoticias.com\/index.php\/wp-json\/wp\/v2\/categories?post=190153"},{"taxonomy":"post_tag","embeddable":true,"href":"https:\/\/cdnoticias.com\/index.php\/wp-json\/wp\/v2\/tags?post=190153"}],"curies":[{"name":"wp","href":"https:\/\/api.w.org\/{rel}","templated":true}]}}