{"id":190148,"date":"2025-12-11T09:21:29","date_gmt":"2025-12-11T12:21:29","guid":{"rendered":"https:\/\/cdnoticias.com\/?p=190148"},"modified":"2025-12-11T10:53:13","modified_gmt":"2025-12-11T13:53:13","slug":"anegamientos-de-calles-en-azul-por-una-intensa-lluvia","status":"publish","type":"post","link":"https:\/\/cdnoticias.com\/index.php\/2025\/12\/11\/anegamientos-de-calles-en-azul-por-una-intensa-lluvia\/","title":{"rendered":"Anegamientos de calles en Azul por una intensa lluvia"},"content":{"rendered":"<p>En la noche de este mi\u00e9rcoles la vecina ciudad fue alcanzada por una tormenta con granizo y lluvia. Por la tarde el fen\u00f3meno se hab\u00eda registrado en Hinojo.<!--more--><\/p>\n<hr \/>\n<p>En la<strong> noche del mi\u00e9rcoles<\/strong> la <strong>ciudad de Azul<\/strong> registr\u00f3 numerosas calles anegadas debido a la<strong> fuerte tormenta<\/strong> que desagu\u00f3 sobre la planta urbana.<\/p>\n<blockquote><p>Por la tarde el fen\u00f3meno hab\u00eda alcanzado a la localidad de Hinojo donde se destac\u00f3 la ca\u00edda de granizo y la lluvia de \u201ctormentas dispersas\u201d. El fen\u00f3meno hab\u00eda sido adelantado por el SMN con una alerta de nivel amarillo para la regi\u00f3n centro de la provincia de Buenos Aires.<\/p><\/blockquote>\n<p>En tanto, en la ciudad de Azul se destac\u00f3 que con las<strong> precipitaciones registradas durante la noche<\/strong> se registraron numerosas <strong>calles colapsadas por el agua.<\/strong><\/p>\n<p><img data-recalc-dims=\"1\" loading=\"lazy\" decoding=\"async\" class=\"alignnone size-full wp-image-190149\" src=\"https:\/\/i0.wp.com\/cdnoticias.com\/wp-content\/uploads\/2025\/12\/Azul-tormenta-10-de-diciembre-2025-B.jpg?resize=800%2C445&#038;ssl=1\" alt=\"\" width=\"800\" height=\"445\" srcset=\"https:\/\/i0.wp.com\/cdnoticias.com\/wp-content\/uploads\/2025\/12\/Azul-tormenta-10-de-diciembre-2025-B.jpg?w=1000&amp;ssl=1 1000w, https:\/\/i0.wp.com\/cdnoticias.com\/wp-content\/uploads\/2025\/12\/Azul-tormenta-10-de-diciembre-2025-B.jpg?resize=300%2C167&amp;ssl=1 300w, https:\/\/i0.wp.com\/cdnoticias.com\/wp-content\/uploads\/2025\/12\/Azul-tormenta-10-de-diciembre-2025-B.jpg?resize=768%2C427&amp;ssl=1 768w, https:\/\/i0.wp.com\/cdnoticias.com\/wp-content\/uploads\/2025\/12\/Azul-tormenta-10-de-diciembre-2025-B.jpg?resize=800%2C445&amp;ssl=1 800w\" sizes=\"auto, (max-width: 800px) 100vw, 800px\" \/><\/p>\n<p>El<strong> secretario de Obras P\u00fablicas municipal de Azul, Gustavo Vitale<\/strong>, inform\u00f3 en LU 2 Radio Azul que se registr\u00f3 <strong>\u201cuna precipitaci\u00f3n de mucha intensidad, no de muchos mil\u00edmetros.<\/strong> Mucha agua en pocos per\u00edodos de tiempo\u201d.<\/p>\n<blockquote><p>Reconoci\u00f3 que \u201cnuestra red de desag\u00fces pluviales tiene el problema de que es antigua y no se ampli\u00f3 en simult\u00e1neo con la urbanizaci\u00f3n que tuvo Azul\u201d y expuso que el efecto visto en la noche del mi\u00e9rcoles fue que \u201cse acumula agua sobre todo en la red pavimentada que al lapso de minutos empieza a desagotarse. Eso es porque a la red le falta capacidad de drenaje. En las calles de tierra es un poco m\u00e1s complejo, tardan m\u00e1s en desagotarse\u201d.<\/p><\/blockquote>\n<p>El funcionario se refiri\u00f3 a un <strong>convenio que el Municipio firm\u00f3 con la Facultad de Ingenier\u00eda de la Universidad Nacional de La Plat<\/strong>a para realizar un estudio t\u00e9cnico con el objetivo de <strong>\u201ctener un plan director de una nueva red pluvial\u201d.<\/strong> Explic\u00f3 que, tras dicho an\u00e1lisis, se planificar\u00e1n obras de mejora de la red de desag\u00fces.<\/p>\n<p>Fotos: <em>Noticias de Azul<\/em><\/p>\n<blockquote class=\"instagram-media\" style=\"background: #FFF; border: 0; border-radius: 3px; box-shadow: 0 0 1px 0 rgba(0,0,0,0.5),0 1px 10px 0 rgba(0,0,0,0.15); margin: 1px; max-width: 540px; min-width: 326px; padding: 0; width: calc(100% - 2px);\" data-instgrm-permalink=\"https:\/\/www.instagram.com\/p\/DSGkk6MjbGS\/?utm_source=ig_embed&amp;utm_campaign=loading\" data-instgrm-version=\"14\">\n<div style=\"padding: 16px;\">\n<div style=\"display: flex; flex-direction: row; align-items: center;\">\n<div style=\"background-color: #f4f4f4; border-radius: 50%; flex-grow: 0; height: 40px; margin-right: 14px; width: 40px;\"><\/div>\n<div style=\"display: flex; flex-direction: column; flex-grow: 1; justify-content: center;\">\n<div style=\"background-color: #f4f4f4; border-radius: 4px; flex-grow: 0; height: 14px; margin-bottom: 6px; width: 100px;\"><\/div>\n<div style=\"background-color: #f4f4f4; border-radius: 4px; flex-grow: 0; height: 14px; width: 60px;\"><\/div>\n<\/div>\n<\/div>\n<div style=\"padding: 19% 0;\"><\/div>\n<div style=\"display: block; height: 50px; margin: 0 auto 12px; width: 50px;\"><\/div>\n<div style=\"padding-top: 8px;\">\n<div style=\"color: #3897f0; font-family: Arial,sans-serif; font-size: 14px; font-style: normal; font-weight: 550; line-height: 18px;\">Ver esta publicaci\u00f3n en Instagram<\/div>\n<\/div>\n<div style=\"padding: 12.5% 0;\"><\/div>\n<div style=\"display: flex; flex-direction: row; margin-bottom: 14px; align-items: center;\">\n<div>\n<div style=\"background-color: #f4f4f4; border-radius: 50%; height: 12.5px; width: 12.5px; transform: translateX(0px) translateY(7px);\"><\/div>\n<div style=\"background-color: #f4f4f4; height: 12.5px; transform: rotate(-45deg) translateX(3px) translateY(1px); width: 12.5px; flex-grow: 0; margin-right: 14px; margin-left: 2px;\"><\/div>\n<div style=\"background-color: #f4f4f4; border-radius: 50%; height: 12.5px; width: 12.5px; transform: translateX(9px) translateY(-18px);\"><\/div>\n<\/div>\n<div style=\"margin-left: 8px;\">\n<div style=\"background-color: #f4f4f4; border-radius: 50%; flex-grow: 0; height: 20px; width: 20px;\"><\/div>\n<div style=\"width: 0; height: 0; border-top: 2px solid transparent; border-left: 6px solid #f4f4f4; border-bottom: 2px solid transparent; transform: translateX(16px) translateY(-4px) rotate(30deg);\"><\/div>\n<\/div>\n<div style=\"margin-left: auto;\">\n<div style=\"width: 0px; border-top: 8px solid #F4F4F4; border-right: 8px solid transparent; transform: translateY(16px);\"><\/div>\n<div style=\"background-color: #f4f4f4; flex-grow: 0; height: 12px; width: 16px; transform: translateY(-4px);\"><\/div>\n<div style=\"width: 0; height: 0; border-top: 8px solid #F4F4F4; border-left: 8px solid transparent; transform: translateY(-4px) translateX(8px);\"><\/div>\n<\/div>\n<\/div>\n<div style=\"display: flex; flex-direction: column; flex-grow: 1; justify-content: center; margin-bottom: 24px;\">\n<div style=\"background-color: #f4f4f4; border-radius: 4px; flex-grow: 0; height: 14px; margin-bottom: 6px; width: 224px;\"><\/div>\n<div style=\"background-color: #f4f4f4; border-radius: 4px; flex-grow: 0; height: 14px; width: 144px;\"><\/div>\n<\/div>\n<p style=\"color: #c9c8cd; font-family: Arial,sans-serif; font-size: 14px; line-height: 17px; margin-bottom: 0; margin-top: 8px; overflow: hidden; padding: 8px 0 7px; text-align: center; text-overflow: ellipsis; white-space: nowrap;\"><a style=\"color: #c9c8cd; font-family: Arial,sans-serif; font-size: 14px; font-style: normal; font-weight: normal; line-height: 17px; text-decoration: none;\" href=\"https:\/\/www.instagram.com\/p\/DSGkk6MjbGS\/?utm_source=ig_embed&amp;utm_campaign=loading\" target=\"_blank\" rel=\"noopener\">Una publicaci\u00f3n compartida de NOTICIAS DE AZUL y su gente (@noticiasdeazulrandom)<\/a><\/p>\n<\/div>\n<\/blockquote>\n<p><script async src=\"\/\/www.instagram.com\/embed.js\"><\/script><\/p>\n","protected":false},"excerpt":{"rendered":"<p>En la noche de este mi\u00e9rcoles la vecina ciudad fue alcanzada por una tormenta con granizo y lluvia. Por la<\/p>\n","protected":false},"author":4,"featured_media":190150,"comment_status":"closed","ping_status":"closed","sticky":false,"template":"","format":"standard","meta":{"_jetpack_memberships_contains_paid_content":false,"footnotes":""},"categories":[6,1],"tags":[],"class_list":["post-190148","post","type-post","status-publish","format-standard","has-post-thumbnail","hentry","category-nacionales","category-portada"],"jetpack_featured_media_url":"https:\/\/i0.wp.com\/cdnoticias.com\/wp-content\/uploads\/2025\/12\/Azul-tormenta-10-de-diciembre-2025-A.jpg?fit=1000%2C557&ssl=1","jetpack_sharing_enabled":true,"_links":{"self":[{"href":"https:\/\/cdnoticias.com\/index.php\/wp-json\/wp\/v2\/posts\/190148","targetHints":{"allow":["GET"]}}],"collection":[{"href":"https:\/\/cdnoticias.com\/index.php\/wp-json\/wp\/v2\/posts"}],"about":[{"href":"https:\/\/cdnoticias.com\/index.php\/wp-json\/wp\/v2\/types\/post"}],"author":[{"embeddable":true,"href":"https:\/\/cdnoticias.com\/index.php\/wp-json\/wp\/v2\/users\/4"}],"replies":[{"embeddable":true,"href":"https:\/\/cdnoticias.com\/index.php\/wp-json\/wp\/v2\/comments?post=190148"}],"version-history":[{"count":0,"href":"https:\/\/cdnoticias.com\/index.php\/wp-json\/wp\/v2\/posts\/190148\/revisions"}],"wp:featuredmedia":[{"embeddable":true,"href":"https:\/\/cdnoticias.com\/index.php\/wp-json\/wp\/v2\/media\/190150"}],"wp:attachment":[{"href":"https:\/\/cdnoticias.com\/index.php\/wp-json\/wp\/v2\/media?parent=190148"}],"wp:term":[{"taxonomy":"category","embeddable":true,"href":"https:\/\/cdnoticias.com\/index.php\/wp-json\/wp\/v2\/categories?post=190148"},{"taxonomy":"post_tag","embeddable":true,"href":"https:\/\/cdnoticias.com\/index.php\/wp-json\/wp\/v2\/tags?post=190148"}],"curies":[{"name":"wp","href":"https:\/\/api.w.org\/{rel}","templated":true}]}}