{"id":190143,"date":"2025-12-11T08:43:55","date_gmt":"2025-12-11T11:43:55","guid":{"rendered":"https:\/\/cdnoticias.com\/?p=190143"},"modified":"2025-12-11T09:53:24","modified_gmt":"2025-12-11T12:53:24","slug":"nacion-endurece-su-negativa-a-autorizar-deuda-a-kicillof-pero-en-provincia-creen-que-finalmente-habra-ok","status":"publish","type":"post","link":"https:\/\/cdnoticias.com\/index.php\/2025\/12\/11\/nacion-endurece-su-negativa-a-autorizar-deuda-a-kicillof-pero-en-provincia-creen-que-finalmente-habra-ok\/","title":{"rendered":"Naci\u00f3n endurece su negativa a autorizar deuda a Kicillof, pero en Provincia creen que finalmente habr\u00e1 OK"},"content":{"rendered":"<p>Manuel Adorni asegura que el Gobernador no puede tomar nueva deuda porque tiene d\u00e9ficit. Provincia dice que solo busca refinanciar deuda heredada.<!--more--><\/p>\n<hr \/>\n<p>El <strong>gobierno de Javier Milei<\/strong> lanz\u00f3 una <strong>nueva advertencia al de Axel Kicillof<\/strong> en el sensible tema de la <strong>autorizaci\u00f3n de la toma de deuda<\/strong> que <a href=\"https:\/\/cdnoticias.com\/index.php\/2025\/12\/04\/esta-madrugada-quedo-aprobada-la-ley-de-endeudamiento-provincial\/\" target=\"_blank\" rel=\"noopener\">la Legislatura -con amplio apoyo opositor-<\/a> le aprob\u00f3 al gobernador:<strong> \u201cle recordamos al gobernador de la provincia de Buenos Aires que sin d\u00e9ficit, no hay nueva deuda\u201d<\/strong>, lanz\u00f3 el <strong>jefe de Gabinete, Manuel Adorni<\/strong>.<\/p>\n<p>La controversia por la autorizaci\u00f3n del endeudamiento apareci\u00f3 no bien la legislatura le dio el OK a la solicitud de Kicillof, con apoyo de la UCR, el PRO y los bloques libertarios disidentes. El primero el deslizar que Naci\u00f3n podr\u00eda no convalidar lo actuado por el parlamento fue el <strong>ministro de Econom\u00eda, Luis Caputo<\/strong>. Y ahora se sum\u00f3 Adorni.<\/p>\n<blockquote><p>La ley de financiamiento autoriza a Kicillof a tomar deuda por 3.680 millones de d\u00f3lares, pero la operaci\u00f3n, como la de cualquier provincia, debe ser autorizada por Naci\u00f3n, ya que la garant\u00eda \u00faltima es la coparticipaci\u00f3n de impuestos. Y ese resorte est\u00e1 en el centro de la controversia con Naci\u00f3n: Milei -v\u00eda Caputo- amaga usarlo para autorizar solo 1.446 millones de d\u00f3lares.<\/p><\/blockquote>\n<p>El argumento de Naci\u00f3n es que esa ser\u00eda<strong> la deuda que Provincia emitir\u00eda<\/strong> para refinanciar (la operaci\u00f3n se llama rollover en jerga financiera) deuda emitida durante el gobierno de Mar\u00eda Eugenia Vidal y que el resto<strong> es \u201cnueva\u201d y por lo tanto no tendr\u00e1 autorizaci\u00f3n<\/strong>. Provincia lo niega de plano:<strong> \u201ctodo es refinanciaci\u00f3n, excepto un peque\u00f1o tramo para obras \u201d<\/strong>, dijeron a DIB altas fuente del gobierno provincial.<\/p>\n<p>El propio<strong> Kicillof<\/strong> se\u00f1al\u00f3 en una entrevista televisiva el volumen de endeudamiento<strong> \u201cest\u00e1 estrictamente asociada con los vencimientos que tiene la Provincia.<\/strong> No es para tomar nueva deuda, endeudarse y solventar gastos corrientes&#8221;. Incluso lo <strong>contrast\u00f3 con la toma de deuda nacional: \u201cson endeudadores seriales\u201d<\/strong>, dispar\u00f3.<\/p>\n<p><strong>Adorni<\/strong> pareci\u00f3 responderle esta ma\u00f1ana: \u201chemos vuelto a la normalidad. <strong>La deuda p\u00fablica consolidada disminuy\u00f3 50 mil millones de d\u00f3lares<\/strong>, lo que convirti\u00f3 a este Gobierno en el primero en desendeudar al pa\u00eds en d\u00e9cadas\u201d, dijo durante una conferencia de prensa en la que evalu\u00f3 los resultados de los dos primeros a\u00f1os del gobierno de Javier Milei.<\/p>\n<blockquote><p>El desacuerdo entre ambas administraciones es total. Adorni habl\u00f3 de no tener d\u00e9ficit, lo que parece un criterio unilateralmente impuesto por la Casa Rosada, que considera esa pol\u00edtica la base de su plan econ\u00f3mica y busca que todos los gobernadores la incorporen, ajuste mediante. Pero Caputo hab\u00eda hablado de otra cosa: hab\u00eda dicho, apenas horas despu\u00e9s de la autorizaci\u00f3n legislativa, que Kicillof no puede pedir deuda nueva porque no cumple con un requerimiento contenido en la Ley de Responsabilidad Fiscal de 2004: aumentar el gasto primario por encima del nivel de la inflaci\u00f3n. En Provincia sostienen que no existe deuda nueva, pero adem\u00e1s argumentan que, si eso fuese cierto, estar\u00edan autorizados a tomarla porque el requerimiento del pacto es otro: que los servicios de deuda sean menores al 15% de la coparticipaci\u00f3n municipal, lo que el estado bonaerense, dicen, \u201csobre cumple\u201d al rondar el 7%.<\/p><\/blockquote>\n<h3>Tel\u00e9fono roto<\/h3>\n<p>Aunque las discrepancias como se ve son totales, <strong>no hay por ahora chances de que se habr\u00e1 una conversaci\u00f3n<\/strong> para intentar una conciliaci\u00f3n. A ser consultado sobre las reuniones con Milei que Kicillof viene solicitando, dijo que \u201cno tiene mucho sentido \u201d, una convocatoria, en la misma l\u00ednea de rechazo duro que tambi\u00e9n expres\u00f3 el ministro del Interior, Diego Santilli.<\/p>\n<p><strong>Adorni no dio explicaciones sobre los motivos de la negativa<\/strong>, sino que apel\u00f3 a una evaluaci\u00f3n pol\u00edtica sobre las intenciones que se atribuye al gobierno de Kicillof: <em>\u201cLo \u00fanico que les importa es que al Gobierno le vaya mal y a los bonaerenses les vaya mal. No hay mucho para dialogar porque no hay muestras de buena voluntad&#8221;<\/em>, dijo.<\/p>\n<h3>Confianza en Provincia<\/h3>\n<blockquote><p>Pese a la relaci\u00f3n pol\u00edtica rota, en el gobierno provincial creen que finalmente Caputo autorizar\u00e1 la emisi\u00f3n de deuda, tal como adelant\u00f3 este medio el s\u00e1bado. Aducen, adem\u00e1s del argumento de que no hay toma de deuda \u201cnueva\u201d, el hecho de que complicar una salida a los mercados de la Provincia podr\u00eda derivar en una crisis de deuda en la provincia m\u00e1s grande del pa\u00eds, lo que ser\u00eda un inconveniente serio para el programa financiero y, finalmente, para el plan econ\u00f3mico nacional.<\/p><\/blockquote>\n<p>Fuente:<em> Agencia DIB<\/em><\/p>\n","protected":false},"excerpt":{"rendered":"<p>Manuel Adorni asegura que el Gobernador no puede tomar nueva deuda porque tiene d\u00e9ficit. Provincia dice que solo busca refinanciar<\/p>\n","protected":false},"author":4,"featured_media":104157,"comment_status":"closed","ping_status":"closed","sticky":false,"template":"","format":"standard","meta":{"_jetpack_memberships_contains_paid_content":false,"footnotes":""},"categories":[6,1],"tags":[],"class_list":["post-190143","post","type-post","status-publish","format-standard","has-post-thumbnail","hentry","category-nacionales","category-portada"],"jetpack_featured_media_url":"https:\/\/i0.wp.com\/cdnoticias.com\/wp-content\/uploads\/2023\/12\/Adorni-Manuel-696x464-1.jpg?fit=696%2C464&ssl=1","jetpack_sharing_enabled":true,"_links":{"self":[{"href":"https:\/\/cdnoticias.com\/index.php\/wp-json\/wp\/v2\/posts\/190143","targetHints":{"allow":["GET"]}}],"collection":[{"href":"https:\/\/cdnoticias.com\/index.php\/wp-json\/wp\/v2\/posts"}],"about":[{"href":"https:\/\/cdnoticias.com\/index.php\/wp-json\/wp\/v2\/types\/post"}],"author":[{"embeddable":true,"href":"https:\/\/cdnoticias.com\/index.php\/wp-json\/wp\/v2\/users\/4"}],"replies":[{"embeddable":true,"href":"https:\/\/cdnoticias.com\/index.php\/wp-json\/wp\/v2\/comments?post=190143"}],"version-history":[{"count":0,"href":"https:\/\/cdnoticias.com\/index.php\/wp-json\/wp\/v2\/posts\/190143\/revisions"}],"wp:featuredmedia":[{"embeddable":true,"href":"https:\/\/cdnoticias.com\/index.php\/wp-json\/wp\/v2\/media\/104157"}],"wp:attachment":[{"href":"https:\/\/cdnoticias.com\/index.php\/wp-json\/wp\/v2\/media?parent=190143"}],"wp:term":[{"taxonomy":"category","embeddable":true,"href":"https:\/\/cdnoticias.com\/index.php\/wp-json\/wp\/v2\/categories?post=190143"},{"taxonomy":"post_tag","embeddable":true,"href":"https:\/\/cdnoticias.com\/index.php\/wp-json\/wp\/v2\/tags?post=190143"}],"curies":[{"name":"wp","href":"https:\/\/api.w.org\/{rel}","templated":true}]}}