{"id":190138,"date":"2025-12-10T20:13:53","date_gmt":"2025-12-10T23:13:53","guid":{"rendered":"https:\/\/cdnoticias.com\/?p=190138"},"modified":"2025-12-11T09:28:05","modified_gmt":"2025-12-11T12:28:05","slug":"el-hcd-tendra-sesion-extraordinaria-y-tratara-un-pedido-de-licencia-del-intendente","status":"publish","type":"post","link":"https:\/\/cdnoticias.com\/index.php\/2025\/12\/10\/el-hcd-tendra-sesion-extraordinaria-y-tratara-un-pedido-de-licencia-del-intendente\/","title":{"rendered":"El HCD tendr\u00e1 sesi\u00f3n extraordinaria y tratar\u00e1 un pedido de licencia del Intendente"},"content":{"rendered":"\n<p>Ser\u00e1 este jueves desde las 09:00 horas, donde se tratar\u00e1 una licencia del intendente Wesner y la posterior licencia de Federico Aguilera, que asumir\u00e1 como intendente interino. Ser\u00e1 la preparatoria del Programa de Lucha contra la Tucura.<\/p>\n\n\n\n<hr class=\"wp-block-separator aligncenter has-alpha-channel-opacity\"\/>\n\n\n\n<p>Informado oficialmente por el Concejo Deliberante<strong>, este jueves se realizar\u00e1 en el HCD una sesi\u00f3n extraordinaria que tratar\u00e1 cuatro proyectos de cara a lo que viene en este cierre de a\u00f1o.<\/strong><\/p>\n\n\n\n<p>En primera instancia<strong>, se tratar\u00e1 la ordenanza preparatoria del Programa de Lucha contra la Tucura<\/strong>, algo habitual de esta \u00e9poca del a\u00f1o y que readec\u00faa la ordenanza fiscal e impositiva para orientar fondos para combatir dicha plaga. Luego, tendr\u00e1 la Asamblea de Mayores Contribuyentes.<\/p>\n\n\n\n<p><strong>Justamente, se tratar\u00e1 la readecuaci\u00f3n del listado de mayores contribuyentes para el periodo 2025-2026.<\/strong><\/p>\n\n\n\n<p>A su vez,<strong> se realizar\u00e1 una sesi\u00f3n especial que tratar\u00e1 una solicitud de licencia del intendente Wesner del 5 al 18 de enero, y tambi\u00e9n se tratar\u00e1 un pedido de licencia del concejal Federico Aguilera, que asumir\u00e1 interinamente en su lugar por ser el primer concejal de la lista que consagr\u00f3 a Wesner como jefe comunal en 2023.<\/strong><\/p>\n\n\n\n<p>En el lugar de Aguilera, vale decir, asumir\u00e1<strong> Jorge Garaiz, los tres por el mismo periodo.<\/strong><\/p>\n","protected":false},"excerpt":{"rendered":"<p>Ser\u00e1 este jueves desde las 09:00 horas, donde se tratar\u00e1 una licencia del intendente Wesner y la posterior licencia de<\/p>\n","protected":false},"author":2,"featured_media":190139,"comment_status":"closed","ping_status":"closed","sticky":false,"template":"","format":"standard","meta":{"_jetpack_memberships_contains_paid_content":false,"footnotes":""},"categories":[4,1],"tags":[],"class_list":["post-190138","post","type-post","status-publish","format-standard","has-post-thumbnail","hentry","category-politica","category-portada"],"jetpack_featured_media_url":"https:\/\/i0.wp.com\/cdnoticias.com\/wp-content\/uploads\/2025\/12\/Asuncion-web-2-e1765408425826.jpg?fit=1398%2C677&ssl=1","jetpack_sharing_enabled":true,"_links":{"self":[{"href":"https:\/\/cdnoticias.com\/index.php\/wp-json\/wp\/v2\/posts\/190138","targetHints":{"allow":["GET"]}}],"collection":[{"href":"https:\/\/cdnoticias.com\/index.php\/wp-json\/wp\/v2\/posts"}],"about":[{"href":"https:\/\/cdnoticias.com\/index.php\/wp-json\/wp\/v2\/types\/post"}],"author":[{"embeddable":true,"href":"https:\/\/cdnoticias.com\/index.php\/wp-json\/wp\/v2\/users\/2"}],"replies":[{"embeddable":true,"href":"https:\/\/cdnoticias.com\/index.php\/wp-json\/wp\/v2\/comments?post=190138"}],"version-history":[{"count":0,"href":"https:\/\/cdnoticias.com\/index.php\/wp-json\/wp\/v2\/posts\/190138\/revisions"}],"wp:featuredmedia":[{"embeddable":true,"href":"https:\/\/cdnoticias.com\/index.php\/wp-json\/wp\/v2\/media\/190139"}],"wp:attachment":[{"href":"https:\/\/cdnoticias.com\/index.php\/wp-json\/wp\/v2\/media?parent=190138"}],"wp:term":[{"taxonomy":"category","embeddable":true,"href":"https:\/\/cdnoticias.com\/index.php\/wp-json\/wp\/v2\/categories?post=190138"},{"taxonomy":"post_tag","embeddable":true,"href":"https:\/\/cdnoticias.com\/index.php\/wp-json\/wp\/v2\/tags?post=190138"}],"curies":[{"name":"wp","href":"https:\/\/api.w.org\/{rel}","templated":true}]}}