{"id":190134,"date":"2025-12-10T19:30:33","date_gmt":"2025-12-10T22:30:33","guid":{"rendered":"https:\/\/cdnoticias.com\/?p=190134"},"modified":"2025-12-11T08:44:30","modified_gmt":"2025-12-11T11:44:30","slug":"el-municipio-reitera-el-pedido-de-comprar-carne-unicamente-en-locales-habilitados","status":"publish","type":"post","link":"https:\/\/cdnoticias.com\/index.php\/2025\/12\/10\/el-municipio-reitera-el-pedido-de-comprar-carne-unicamente-en-locales-habilitados\/","title":{"rendered":"El Municipio reitera el pedido de comprar carne \u00fanicamente en locales habilitados"},"content":{"rendered":"\n<p>Se solicita, a la par, que se denuncie a trav\u00e9s de un mensaje de WhatsApp a Vecinos En Red (2284 544817) cualquier informaci\u00f3n referida a sitios donde se lleve a cabo la venta de carne en condiciones irregulares.<\/p>\n\n\n\n<hr class=\"wp-block-separator aligncenter has-alpha-channel-opacity\"\/>\n\n\n\n<p>El Municipio de Olavarr\u00eda, a trav\u00e9s de la Subsecretar\u00eda de Protecci\u00f3n Ciudadana, despliega distintos trabajos para <strong>desalentar la comercializaci\u00f3n ilegal de carne, <\/strong>una pr\u00e1ctica que <strong>no s\u00f3lo afecta la actividad econ\u00f3mica de carnicer\u00edas y comercios registrados<\/strong>, sino que representa adem\u00e1s un<strong> grave riesgo para la salud p\u00fablica, <\/strong>ya que se trata de <strong>alimentos que no han recibido los controles bromatol\u00f3gicos<\/strong> de rigor.<\/p>\n\n\n\n<p><\/p>\n\n\n\n<p>En ese marco, <strong>se reitera el pedido a la comunidad de comprar este tipo de productos \u00fanicamente en locales habilitados.<\/strong> D\u00edas atr\u00e1s el intendente <strong>Maximiliano Wesner<\/strong>, junto al Subsecretario de Protecci\u00f3n Ciudadana <strong>El\u00edas Quintas y el Veterinario Agust\u00edn Romero,<\/strong><a href=\"https:\/\/cdnoticias.com\/index.php\/2025\/12\/03\/el-municipio-reunio-a-carniceros-para-abordar-la-faena-clandestina\/\" target=\"_blank\" rel=\"noreferrer noopener\"> encabez\u00f3 un encuentro con carniceros locales<\/a>, a quienes les manifest\u00f3 el compromiso del Municipio de coordinar tareas para abordar tanto la<strong> comercializaci\u00f3n ilegal como la faena clandestina.<\/strong><\/p>\n\n\n\n<p><\/p>\n\n\n\n<blockquote class=\"wp-block-quote is-layout-flow wp-block-quote-is-layout-flow\">\n<p>Tal es as\u00ed que, de manera paralela a las averiguaciones que se realizan desde la Polic\u00eda de la Provincia de Buenos Aires y el Poder Judicial, desde la Subsecretar\u00eda de Protecci\u00f3n Ciudadana se realizan relevamientos e incluso se ha dado inicio a una campa\u00f1a visual para informar a la comunidad acerca de los riesgos de este tipo de pr\u00e1cticas.<\/p>\n<\/blockquote>\n\n\n\n<p><\/p>\n\n\n\n<p>Se solicita, a la par, que <strong>se denuncie a trav\u00e9s de un mensaje de WhatsApp a Vecinos En Red (2284 544817) <\/strong>cualquier informaci\u00f3n referida a <strong>sitios donde se lleve a cabo la venta de carne en condiciones irregulares. <\/strong>En ese sentido, se recuerda que es muy f\u00e1cil incorporarse a VER, la red de prevenci\u00f3n ciudadana que ya integran miles de olavarrienses.\u00a0<\/p>\n\n\n\n<p><\/p>\n\n\n\n<p>Se deben<strong> comunicar \u00fanicamente a trav\u00e9s de WhatsApp <\/strong>y requerir la incorporaci\u00f3n, la cual se efectivizar\u00e1 una vez que se aporten <strong>datos b\u00e1sicos de contacto. <\/strong>De esa manera se podr\u00e1 <strong>alertar de inmediato cualquier tipo de situaci\u00f3n,<\/strong> ya que se trata de una l\u00ednea de comunicaci\u00f3n directa con el <strong>Centro de Monitoreo Municipal.<\/strong><\/p>\n\n\n\n<p><\/p>\n","protected":false},"excerpt":{"rendered":"<p>Se solicita, a la par, que se denuncie a trav\u00e9s de un mensaje de WhatsApp a Vecinos En Red (2284<\/p>\n","protected":false},"author":6,"featured_media":80299,"comment_status":"closed","ping_status":"closed","sticky":false,"template":"","format":"standard","meta":{"_jetpack_memberships_contains_paid_content":false,"footnotes":""},"categories":[5,1],"tags":[],"class_list":["post-190134","post","type-post","status-publish","format-standard","has-post-thumbnail","hentry","category-informacion-general","category-portada"],"jetpack_featured_media_url":"https:\/\/i0.wp.com\/cdnoticias.com\/wp-content\/uploads\/2023\/03\/carne-carniceria.jpg?fit=1200%2C668&ssl=1","jetpack_sharing_enabled":true,"_links":{"self":[{"href":"https:\/\/cdnoticias.com\/index.php\/wp-json\/wp\/v2\/posts\/190134","targetHints":{"allow":["GET"]}}],"collection":[{"href":"https:\/\/cdnoticias.com\/index.php\/wp-json\/wp\/v2\/posts"}],"about":[{"href":"https:\/\/cdnoticias.com\/index.php\/wp-json\/wp\/v2\/types\/post"}],"author":[{"embeddable":true,"href":"https:\/\/cdnoticias.com\/index.php\/wp-json\/wp\/v2\/users\/6"}],"replies":[{"embeddable":true,"href":"https:\/\/cdnoticias.com\/index.php\/wp-json\/wp\/v2\/comments?post=190134"}],"version-history":[{"count":0,"href":"https:\/\/cdnoticias.com\/index.php\/wp-json\/wp\/v2\/posts\/190134\/revisions"}],"wp:featuredmedia":[{"embeddable":true,"href":"https:\/\/cdnoticias.com\/index.php\/wp-json\/wp\/v2\/media\/80299"}],"wp:attachment":[{"href":"https:\/\/cdnoticias.com\/index.php\/wp-json\/wp\/v2\/media?parent=190134"}],"wp:term":[{"taxonomy":"category","embeddable":true,"href":"https:\/\/cdnoticias.com\/index.php\/wp-json\/wp\/v2\/categories?post=190134"},{"taxonomy":"post_tag","embeddable":true,"href":"https:\/\/cdnoticias.com\/index.php\/wp-json\/wp\/v2\/tags?post=190134"}],"curies":[{"name":"wp","href":"https:\/\/api.w.org\/{rel}","templated":true}]}}