{"id":190128,"date":"2025-12-10T19:00:16","date_gmt":"2025-12-10T22:00:16","guid":{"rendered":"https:\/\/cdnoticias.com\/?p=190128"},"modified":"2025-12-10T19:00:18","modified_gmt":"2025-12-10T22:00:18","slug":"se-desarrollo-una-nueva-jornada-de-barrio-por-barrio","status":"publish","type":"post","link":"https:\/\/cdnoticias.com\/index.php\/2025\/12\/10\/se-desarrollo-una-nueva-jornada-de-barrio-por-barrio\/","title":{"rendered":"Se desarroll\u00f3 una nueva jornada de \u201cBarrio por Barrio\u201d"},"content":{"rendered":"\n<p>En este caso fue el turno de los barrios Independencia, Ituzaing\u00f3, Provincia, Los Reseros, La Candela y Costero Sur.&nbsp;<\/p>\n\n\n\n<hr class=\"wp-block-separator aligncenter has-alpha-channel-opacity\"\/>\n\n\n\n<p>En la jornada de <strong>este mi\u00e9rcoles se llev\u00f3 a cabo una nueva edici\u00f3n del Programa Municipal \u201cBarrio por Barrio\u201d<\/strong>, el dispositivo de abordaje territorial e integral que acerca a la comunidad la gesti\u00f3n de diferentes tr\u00e1mites y servicios, que se viene desarrollando desde hace un a\u00f1o de manera ininterrumpida.<\/p>\n\n\n\n<p><\/p>\n\n\n\n<blockquote class=\"wp-block-quote is-layout-flow wp-block-quote-is-layout-flow\">\n<p>En este caso fue el turno de los barrios Independencia, Ituzaing\u00f3, Provincia, Los Reseros, La Candela y Costero Sur. La propuesta tuvo como punto de encuentro la sede del CAPS N\u00b0 7, en avenida Pueyrred\u00f3n y Ayacucho.<\/p>\n<\/blockquote>\n\n\n\n<p><\/p>\n\n\n\n<p>En ese punto, <strong>se instalaron los diferentes puestos de atenci\u00f3n de \u00e1reas del Municipio,<\/strong> donde vecinos y vecinas pudieron gestionar diferentes tr\u00e1mites que van desde aquellos relativos a la <strong>Tarjeta SUBE <\/strong>y la Validaci\u00f3n identidad de la<strong> aplicaci\u00f3n Mi Argentina<\/strong>, hasta <strong>asesoramiento m\u00e9dico y puesto de vacunaci\u00f3n, vacunaci\u00f3n antirr\u00e1bica canina y felina, <\/strong>intervenciones quir\u00fargicas en el <strong>Quir\u00f3fano Veterinario M\u00f3vil, <\/strong>asesoramiento e inscripci\u00f3n a los programas M\u00e1s Vida y PAAC (personas con celiaqu\u00eda) e inscripci\u00f3n a<strong> Jardines Maternales, Centros de D\u00eda, Envi\u00f3n y Callejeadas.<\/strong><\/p>\n\n\n\n<p><\/p>\n\n\n\n<figure class=\"wp-block-image aligncenter size-full\"><img data-recalc-dims=\"1\" loading=\"lazy\" decoding=\"async\" width=\"800\" height=\"526\" src=\"https:\/\/i0.wp.com\/cdnoticias.com\/wp-content\/uploads\/2025\/12\/barrioporbarrio-independencia.jpg?resize=800%2C526&#038;ssl=1\" alt=\"\" class=\"wp-image-190132\" srcset=\"https:\/\/i0.wp.com\/cdnoticias.com\/wp-content\/uploads\/2025\/12\/barrioporbarrio-independencia.jpg?w=890&amp;ssl=1 890w, https:\/\/i0.wp.com\/cdnoticias.com\/wp-content\/uploads\/2025\/12\/barrioporbarrio-independencia.jpg?resize=300%2C197&amp;ssl=1 300w, https:\/\/i0.wp.com\/cdnoticias.com\/wp-content\/uploads\/2025\/12\/barrioporbarrio-independencia.jpg?resize=768%2C505&amp;ssl=1 768w\" sizes=\"auto, (max-width: 800px) 100vw, 800px\" \/><\/figure>\n\n\n\n<p><\/p>\n\n\n\n<blockquote class=\"wp-block-quote is-layout-flow wp-block-quote-is-layout-flow\">\n<p>Tambi\u00e9n all\u00ed, durante este nuevo mi\u00e9rcoles de \u201cBarrio por Barrio\u201d, como es habitual personal municipal de Defensa del Consumidor, Relaciones Vecinales, Casa de Tierras y Regularizaci\u00f3n Dominial, Desarrollo Social, Mujeres, G\u00e9neros y Diversidades y Empleo, brindaron asesoramiento en relaci\u00f3n a temas puntuales de cada \u00e1rea,<\/p>\n<\/blockquote>\n\n\n\n<p><\/p>\n\n\n\n<p>En paralelo, se despleg\u00f3 el <strong>habitual dispositivo puerta a puerta<\/strong> en el que se dialog\u00f3 con vecinos y vecinas para conocer sus inquietudes y necesidades, las cuales son remitidas a las \u00e1reas municipales correspondientes. Asimismo, en cada jornada se brinda informaci\u00f3n de inter\u00e9s, v\u00edas de comunicaci\u00f3n, entre otros.<\/p>\n\n\n\n<p><\/p>\n\n\n\n<p>Por su parte, distintos equipos de trabajo llevaron adelante durante la jornada del mi\u00e9rcoles tareas de <strong>materia de limpieza, como as\u00ed tambi\u00e9n mantenimiento de calles y espacios p\u00fablicos.\u00a0<\/strong><\/p>\n\n\n\n<p><\/p>\n\n\n\n<figure class=\"wp-block-image aligncenter size-full\"><img data-recalc-dims=\"1\" loading=\"lazy\" decoding=\"async\" width=\"800\" height=\"545\" src=\"https:\/\/i0.wp.com\/cdnoticias.com\/wp-content\/uploads\/2025\/12\/barrioporbarrio-independencia1.png?resize=800%2C545&#038;ssl=1\" alt=\"\" class=\"wp-image-190131\" srcset=\"https:\/\/i0.wp.com\/cdnoticias.com\/wp-content\/uploads\/2025\/12\/barrioporbarrio-independencia1.png?w=858&amp;ssl=1 858w, https:\/\/i0.wp.com\/cdnoticias.com\/wp-content\/uploads\/2025\/12\/barrioporbarrio-independencia1.png?resize=300%2C205&amp;ssl=1 300w, https:\/\/i0.wp.com\/cdnoticias.com\/wp-content\/uploads\/2025\/12\/barrioporbarrio-independencia1.png?resize=768%2C524&amp;ssl=1 768w, https:\/\/i0.wp.com\/cdnoticias.com\/wp-content\/uploads\/2025\/12\/barrioporbarrio-independencia1.png?resize=130%2C90&amp;ssl=1 130w\" sizes=\"auto, (max-width: 800px) 100vw, 800px\" \/><\/figure>\n\n\n\n<p><\/p>\n\n\n\n<p>Por \u00faltimo, se trabaj\u00f3 de manera simult\u00e1nea y complementaria con personal de empresas que brindan servicios para el Municipio, como <strong>Coopelectric y Transportes Malvinas,<\/strong> para una respuesta integral.<\/p>\n","protected":false},"excerpt":{"rendered":"<p>En este caso fue el turno de los barrios Independencia, Ituzaing\u00f3, Provincia, Los Reseros, La Candela y Costero Sur.&nbsp; En<\/p>\n","protected":false},"author":6,"featured_media":190130,"comment_status":"closed","ping_status":"closed","sticky":false,"template":"","format":"standard","meta":{"_jetpack_memberships_contains_paid_content":false,"footnotes":""},"categories":[5,1],"tags":[],"class_list":["post-190128","post","type-post","status-publish","format-standard","has-post-thumbnail","hentry","category-informacion-general","category-portada"],"jetpack_featured_media_url":"https:\/\/i0.wp.com\/cdnoticias.com\/wp-content\/uploads\/2025\/12\/barrioporbarrio-independencia2.jpg?fit=881%2C567&ssl=1","jetpack_sharing_enabled":true,"_links":{"self":[{"href":"https:\/\/cdnoticias.com\/index.php\/wp-json\/wp\/v2\/posts\/190128","targetHints":{"allow":["GET"]}}],"collection":[{"href":"https:\/\/cdnoticias.com\/index.php\/wp-json\/wp\/v2\/posts"}],"about":[{"href":"https:\/\/cdnoticias.com\/index.php\/wp-json\/wp\/v2\/types\/post"}],"author":[{"embeddable":true,"href":"https:\/\/cdnoticias.com\/index.php\/wp-json\/wp\/v2\/users\/6"}],"replies":[{"embeddable":true,"href":"https:\/\/cdnoticias.com\/index.php\/wp-json\/wp\/v2\/comments?post=190128"}],"version-history":[{"count":0,"href":"https:\/\/cdnoticias.com\/index.php\/wp-json\/wp\/v2\/posts\/190128\/revisions"}],"wp:featuredmedia":[{"embeddable":true,"href":"https:\/\/cdnoticias.com\/index.php\/wp-json\/wp\/v2\/media\/190130"}],"wp:attachment":[{"href":"https:\/\/cdnoticias.com\/index.php\/wp-json\/wp\/v2\/media?parent=190128"}],"wp:term":[{"taxonomy":"category","embeddable":true,"href":"https:\/\/cdnoticias.com\/index.php\/wp-json\/wp\/v2\/categories?post=190128"},{"taxonomy":"post_tag","embeddable":true,"href":"https:\/\/cdnoticias.com\/index.php\/wp-json\/wp\/v2\/tags?post=190128"}],"curies":[{"name":"wp","href":"https:\/\/api.w.org\/{rel}","templated":true}]}}