{"id":190121,"date":"2025-12-10T18:31:43","date_gmt":"2025-12-10T21:31:43","guid":{"rendered":"https:\/\/cdnoticias.com\/?p=190121"},"modified":"2025-12-10T18:33:25","modified_gmt":"2025-12-10T21:33:25","slug":"agasajo-con-motivo-de-la-conmemoracion-del-dia-del-trabajador-a-social","status":"publish","type":"post","link":"https:\/\/cdnoticias.com\/index.php\/2025\/12\/10\/agasajo-con-motivo-de-la-conmemoracion-del-dia-del-trabajador-a-social\/","title":{"rendered":"Agasajo con motivo de la conmemoraci\u00f3n del D\u00eda del Trabajador Social"},"content":{"rendered":"\n<p>Fue este mi\u00e9rcoles en el Sal\u00f3n Rivadavia debido a la conmemoraci\u00f3n que en nuestro pa\u00eds se celebra cada 10 de diciembre, en coincidencia con el D\u00eda Internacional de los Derechos Humanos.&nbsp;<\/p>\n\n\n\n<hr class=\"wp-block-separator aligncenter has-alpha-channel-opacity\"\/>\n\n\n\n<p>Este mi\u00e9rcoles se realiz\u00f3 en el Sal\u00f3n Rivadavia del Palacio Municipal un<strong> agasajo a trabajadoras y trabajadores sociales<\/strong>, con motivo de la conmemoraci\u00f3n de su d\u00eda, que en nuestro pa\u00eds <strong>se celebra cada 10 de diciembre<\/strong>, en coincidencia con el<strong> D\u00eda Internacional de los Derechos Humanos.\u00a0<\/strong><\/p>\n\n\n\n<p><\/p>\n\n\n\n<p>El encuentro fue encabezado por la Jefa de Gabinete Mercedes Land\u00edvar, quien estuvo acompa\u00f1ada por la secretar\u00eda de Desarrollo de la Comunidad Laura Gamberini, la subsecretaria de Desarrollo Social Mar\u00eda Jos\u00e9 Maidana y la Subsecretaria de Protecci\u00f3n Integral de Derechos Malena Pianciola.<\/p>\n\n\n\n<p><\/p>\n\n\n\n<p>&#8220;Al encuentro<strong> concurrieron alrededor de 50 personas,<\/strong> quienes integran distintos equipos de trabajo de la Secretar\u00eda de Desarrollo de la Comunidad, personal municipal que realiza una tarea trascendental en territorio, tendiendo un puente imprescindible entre la gesti\u00f3n municipal y la comunidad&#8221; se\u00f1alaron desde el Municipio. <\/p>\n\n\n\n<p><\/p>\n\n\n\n<figure class=\"wp-block-image aligncenter size-full\"><img data-recalc-dims=\"1\" loading=\"lazy\" decoding=\"async\" width=\"800\" height=\"506\" src=\"https:\/\/i0.wp.com\/cdnoticias.com\/wp-content\/uploads\/2025\/12\/diadeltrabajadorsocial3.jpg?resize=800%2C506&#038;ssl=1\" alt=\"\" class=\"wp-image-190123\" srcset=\"https:\/\/i0.wp.com\/cdnoticias.com\/wp-content\/uploads\/2025\/12\/diadeltrabajadorsocial3.jpg?w=892&amp;ssl=1 892w, https:\/\/i0.wp.com\/cdnoticias.com\/wp-content\/uploads\/2025\/12\/diadeltrabajadorsocial3.jpg?resize=300%2C190&amp;ssl=1 300w, https:\/\/i0.wp.com\/cdnoticias.com\/wp-content\/uploads\/2025\/12\/diadeltrabajadorsocial3.jpg?resize=768%2C486&amp;ssl=1 768w\" sizes=\"auto, (max-width: 800px) 100vw, 800px\" \/><\/figure>\n\n\n\n<p><\/p>\n\n\n\n<p><strong><em>\u201cEsto no es un acto protocolar, ni nada por el estilo, es un festejo de ustedes. Lo que estamos haciendo, simplemente, es compartir con ustedes el festejo de su d\u00eda. Que sea un ida y vuelta, que podamos compartir entre todos y todas<\/em><\/strong>\u201d, expres\u00f3 la jefa de Gabinete, quien adem\u00e1s transmiti\u00f3 el saludo y reconocimiento del Intendente municipal.<\/p>\n\n\n\n<p><\/p>\n\n\n\n<p>En ese sentido, &#8220;el agasajo fue pensado para poner en valor el trabajo que realizan, expresar el agradecimiento pero tambi\u00e9n propiciar un espacio de di\u00e1logo e intercambio que permita seguir aunando esfuerzos y coordinar acciones en pos de las y los olavarrienses&#8221; se\u00f1alaron. <\/p>\n\n\n\n<p><\/p>\n\n\n\n<p><em>\u201cValoramos mucho el trabajo diario que ustedes hacen. En nombre de todo el equipo les agradecemos un mont\u00f3n por la vocaci\u00f3n, por el esfuerzo y por la dedicaci\u00f3n que demuestran d\u00eda a d\u00eda\u201d,<\/em> concluy\u00f3 Mercedes Land\u00edvar.<\/p>\n\n\n\n<p><\/p>\n\n\n\n<figure class=\"wp-block-image aligncenter size-full\"><img data-recalc-dims=\"1\" loading=\"lazy\" decoding=\"async\" width=\"800\" height=\"512\" src=\"https:\/\/i0.wp.com\/cdnoticias.com\/wp-content\/uploads\/2025\/12\/diadeltrabajadorsocial1.jpg?resize=800%2C512&#038;ssl=1\" alt=\"\" class=\"wp-image-190125\" srcset=\"https:\/\/i0.wp.com\/cdnoticias.com\/wp-content\/uploads\/2025\/12\/diadeltrabajadorsocial1.jpg?w=882&amp;ssl=1 882w, https:\/\/i0.wp.com\/cdnoticias.com\/wp-content\/uploads\/2025\/12\/diadeltrabajadorsocial1.jpg?resize=300%2C192&amp;ssl=1 300w, https:\/\/i0.wp.com\/cdnoticias.com\/wp-content\/uploads\/2025\/12\/diadeltrabajadorsocial1.jpg?resize=768%2C492&amp;ssl=1 768w\" sizes=\"auto, (max-width: 800px) 100vw, 800px\" \/><\/figure>\n\n\n\n<p><\/p>\n\n\n\n<p><\/p>\n","protected":false},"excerpt":{"rendered":"<p>Fue este mi\u00e9rcoles en el Sal\u00f3n Rivadavia debido a la conmemoraci\u00f3n que en nuestro pa\u00eds se celebra cada 10 de<\/p>\n","protected":false},"author":6,"featured_media":190124,"comment_status":"closed","ping_status":"closed","sticky":false,"template":"","format":"standard","meta":{"_jetpack_memberships_contains_paid_content":false,"footnotes":""},"categories":[5,1],"tags":[],"class_list":["post-190121","post","type-post","status-publish","format-standard","has-post-thumbnail","hentry","category-informacion-general","category-portada"],"jetpack_featured_media_url":"https:\/\/i0.wp.com\/cdnoticias.com\/wp-content\/uploads\/2025\/12\/diadeltrabajadorsocial2.jpg?fit=894%2C570&ssl=1","jetpack_sharing_enabled":true,"_links":{"self":[{"href":"https:\/\/cdnoticias.com\/index.php\/wp-json\/wp\/v2\/posts\/190121","targetHints":{"allow":["GET"]}}],"collection":[{"href":"https:\/\/cdnoticias.com\/index.php\/wp-json\/wp\/v2\/posts"}],"about":[{"href":"https:\/\/cdnoticias.com\/index.php\/wp-json\/wp\/v2\/types\/post"}],"author":[{"embeddable":true,"href":"https:\/\/cdnoticias.com\/index.php\/wp-json\/wp\/v2\/users\/6"}],"replies":[{"embeddable":true,"href":"https:\/\/cdnoticias.com\/index.php\/wp-json\/wp\/v2\/comments?post=190121"}],"version-history":[{"count":0,"href":"https:\/\/cdnoticias.com\/index.php\/wp-json\/wp\/v2\/posts\/190121\/revisions"}],"wp:featuredmedia":[{"embeddable":true,"href":"https:\/\/cdnoticias.com\/index.php\/wp-json\/wp\/v2\/media\/190124"}],"wp:attachment":[{"href":"https:\/\/cdnoticias.com\/index.php\/wp-json\/wp\/v2\/media?parent=190121"}],"wp:term":[{"taxonomy":"category","embeddable":true,"href":"https:\/\/cdnoticias.com\/index.php\/wp-json\/wp\/v2\/categories?post=190121"},{"taxonomy":"post_tag","embeddable":true,"href":"https:\/\/cdnoticias.com\/index.php\/wp-json\/wp\/v2\/tags?post=190121"}],"curies":[{"name":"wp","href":"https:\/\/api.w.org\/{rel}","templated":true}]}}