{"id":190110,"date":"2025-12-10T18:00:20","date_gmt":"2025-12-10T21:00:20","guid":{"rendered":"https:\/\/cdnoticias.com\/?p=190110"},"modified":"2025-12-11T08:44:22","modified_gmt":"2025-12-11T11:44:22","slug":"historica-visita-del-embajador-de-alemania-a-las-colonias-de-olavarria","status":"publish","type":"post","link":"https:\/\/cdnoticias.com\/index.php\/2025\/12\/10\/historica-visita-del-embajador-de-alemania-a-las-colonias-de-olavarria\/","title":{"rendered":"Hist\u00f3rica visita del Embajador de Alemania a las Colonias de Olavarr\u00eda"},"content":{"rendered":"<p>Durante dos jornadas, el diplom\u00e1tico estuvo en las Colonias Hinojo, Nievas y San Miguel. Se destac\u00f3 que fue la primera visita de este tipo \u201ca lo largo de 147 a\u00f1os de vida de las colonias\u201d.<!--more--><\/p>\n<hr \/>\n<p>El <strong>Embajador de Alemania en Argentina, Dieter Laml\u00e9<\/strong> recorri\u00f3 las <strong>Colonias del partido de Olavarr\u00eda<\/strong>. Lleg\u00f3 el jueves 4 de diciembre a <strong>Colonia Hinojo<\/strong>.<\/p>\n<p>\u00a0<\/p>\n<p><a href=\"https:\/\/cdnoticias.com\/index.php\/2025\/12\/05\/el-intendente-wesner-recibio-al-embajador-de-alemania-en-el-marco-de-los-200-anos-de-amistad-entre-ambos-paises\/\" target=\"_blank\" rel=\"noopener\">Como estaba previsto<\/a>, <strong>lleg\u00f3 al Monumento a los Fundadores alrededor de las 15 horas<\/strong> donde fue recibido por la <strong>Presidente de la Uni\u00f3n de Colonias Alemanas de Olavarr\u00eda Gladys Stoessel y el Vicepresidente Osvaldo Bugliese<\/strong>. Tambi\u00e9n participaron autoridades municipales, entre ellos el<strong> director de Localidades, Gast\u00f3n Sarachu<\/strong> quien lo hizo en representaci\u00f3n del Intendente Municipal. Asimismo, asistieron representantes del HCD, el Padre Jos\u00e9 Quattrocchio, el Presidente de FAAG, Germ\u00e1n Lehrke, y la vicepresidente, Victoria Von Neufforge. Tambi\u00e9n la responsable de Subcomisi\u00f3n Federal de FAAG, In\u00e9s Kaiser, el apoderado general de la Congregaci\u00f3n Evang\u00e9lica Alemana, Mat\u00edas Storni y su directora General de Diacon\u00eda, Marisa Stehle. Todos presenciaron el acto representantes de las Fuerzas Armadas y de Seguridad junto a vecinos<strong> descendientes de los fundadores.<\/strong><\/p>\n<p>\u00a0<\/p>\n<p>Previo a comenzar con el acto protocolar <strong>el Embajador Laml\u00e9 se brind\u00f3 de manera sumamente cordial<\/strong> compartiendo charlas y respondiendo preguntas, adem\u00e1s de acceder a las distintas personas que quer\u00edan tomarse fotograf\u00edas.<\/p>\n<p>\u00a0<\/p>\n<p><img data-recalc-dims=\"1\" loading=\"lazy\" decoding=\"async\" class=\"alignnone size-full wp-image-190117\" src=\"https:\/\/i0.wp.com\/cdnoticias.com\/wp-content\/uploads\/2025\/12\/embajador-de-alemania-colonias-alemanes-del-volga-00.jpg?resize=800%2C445&#038;ssl=1\" alt=\"\" width=\"800\" height=\"445\" srcset=\"https:\/\/i0.wp.com\/cdnoticias.com\/wp-content\/uploads\/2025\/12\/embajador-de-alemania-colonias-alemanes-del-volga-00.jpg?w=1000&amp;ssl=1 1000w, https:\/\/i0.wp.com\/cdnoticias.com\/wp-content\/uploads\/2025\/12\/embajador-de-alemania-colonias-alemanes-del-volga-00.jpg?resize=300%2C167&amp;ssl=1 300w, https:\/\/i0.wp.com\/cdnoticias.com\/wp-content\/uploads\/2025\/12\/embajador-de-alemania-colonias-alemanes-del-volga-00.jpg?resize=768%2C427&amp;ssl=1 768w, https:\/\/i0.wp.com\/cdnoticias.com\/wp-content\/uploads\/2025\/12\/embajador-de-alemania-colonias-alemanes-del-volga-00.jpg?resize=800%2C445&amp;ssl=1 800w\" sizes=\"auto, (max-width: 800px) 100vw, 800px\" \/><\/p>\n<p>\u00a0<\/p>\n<p><img data-recalc-dims=\"1\" loading=\"lazy\" decoding=\"async\" class=\"alignnone size-full wp-image-190116\" src=\"https:\/\/i0.wp.com\/cdnoticias.com\/wp-content\/uploads\/2025\/12\/embajador-de-alemania-colonias-alemanes-del-volga-01.jpg?resize=800%2C533&#038;ssl=1\" alt=\"\" width=\"800\" height=\"533\" srcset=\"https:\/\/i0.wp.com\/cdnoticias.com\/wp-content\/uploads\/2025\/12\/embajador-de-alemania-colonias-alemanes-del-volga-01.jpg?w=1000&amp;ssl=1 1000w, https:\/\/i0.wp.com\/cdnoticias.com\/wp-content\/uploads\/2025\/12\/embajador-de-alemania-colonias-alemanes-del-volga-01.jpg?resize=300%2C200&amp;ssl=1 300w, https:\/\/i0.wp.com\/cdnoticias.com\/wp-content\/uploads\/2025\/12\/embajador-de-alemania-colonias-alemanes-del-volga-01.jpg?resize=768%2C511&amp;ssl=1 768w, https:\/\/i0.wp.com\/cdnoticias.com\/wp-content\/uploads\/2025\/12\/embajador-de-alemania-colonias-alemanes-del-volga-01.jpg?resize=272%2C182&amp;ssl=1 272w\" sizes=\"auto, (max-width: 800px) 100vw, 800px\" \/><\/p>\n<p>\u00a0<\/p>\n<p>Luego se procedi\u00f3 a entonar los himnos argentino y alem\u00e1n y brindaron <strong>palabras de bienvenida la presidente de la Uni\u00f3n de Colonias Alemanas de Olavarr\u00eda, Gladys Stoessel<\/strong>, quien en parte de su discurso expres\u00f3 \u201csu presencia no s\u00f3lo nos distingue, sino que despierta en nuestra comunidad una emoci\u00f3n especial: la de<strong> sentir que a trav\u00e9s de Ud. se estrecha nuevamente el v\u00ednculo con la tierra de nuestros antepasados\u201d.<\/strong><\/p>\n<p>\u00a0<\/p>\n<p>Seguidamente expres\u00f3 su bienvenida el <strong>director Gast\u00f3n Sarachu<\/strong> y a continuaci\u00f3n hizo su<strong> discurso el Embajador Laml\u00e9<\/strong> quien dej\u00f3 en claro que<strong> la comunidad alemana no se divide por el lugar de donde provienen ya que son todos del mismo origen, todos alemanes<\/strong>.<\/p>\n<p>\u00a0<\/p>\n<p>Para continuar con lo establecido, el Embajador y quienes acompa\u00f1aban, <strong>plantaron un \u00e1rbol como s\u00edmbolo de amistad entre ambos pa\u00edses<\/strong>. Luego <strong>recorrieron la Iglesia<\/strong>, donde los recibi\u00f3 el Padre Jos\u00e9, siguiendo por el <strong>Cementerio<\/strong>, mostr\u00e1ndose muy interesado por las antiguas sepulturas, por lo que integrantes de instituciones del lugar le brindaron la informaci\u00f3n respectiva. Posteriormente se dirigieron a<strong> visitar el Museo \u201cAriel Chieric\u00f3\u201d<\/strong>.<\/p>\n<p>\u00a0<\/p>\n<p><img data-recalc-dims=\"1\" loading=\"lazy\" decoding=\"async\" class=\"alignnone size-full wp-image-190118 aligncenter\" src=\"https:\/\/i0.wp.com\/cdnoticias.com\/wp-content\/uploads\/2025\/12\/embajador-de-alemania-colonias-alemanes-del-volga-07.jpg?resize=800%2C360&#038;ssl=1\" alt=\"\" width=\"800\" height=\"360\" srcset=\"https:\/\/i0.wp.com\/cdnoticias.com\/wp-content\/uploads\/2025\/12\/embajador-de-alemania-colonias-alemanes-del-volga-07.jpg?w=1000&amp;ssl=1 1000w, https:\/\/i0.wp.com\/cdnoticias.com\/wp-content\/uploads\/2025\/12\/embajador-de-alemania-colonias-alemanes-del-volga-07.jpg?resize=300%2C135&amp;ssl=1 300w, https:\/\/i0.wp.com\/cdnoticias.com\/wp-content\/uploads\/2025\/12\/embajador-de-alemania-colonias-alemanes-del-volga-07.jpg?resize=768%2C346&amp;ssl=1 768w\" sizes=\"auto, (max-width: 800px) 100vw, 800px\" \/><\/p>\n<p>\u00a0<\/p>\n<p><img data-recalc-dims=\"1\" loading=\"lazy\" decoding=\"async\" class=\"alignnone size-full wp-image-190112\" src=\"https:\/\/i0.wp.com\/cdnoticias.com\/wp-content\/uploads\/2025\/12\/embajador-de-alemania-colonias-alemanes-del-volga-05.jpg?resize=800%2C445&#038;ssl=1\" alt=\"\" width=\"800\" height=\"445\" srcset=\"https:\/\/i0.wp.com\/cdnoticias.com\/wp-content\/uploads\/2025\/12\/embajador-de-alemania-colonias-alemanes-del-volga-05.jpg?w=1000&amp;ssl=1 1000w, https:\/\/i0.wp.com\/cdnoticias.com\/wp-content\/uploads\/2025\/12\/embajador-de-alemania-colonias-alemanes-del-volga-05.jpg?resize=300%2C167&amp;ssl=1 300w, https:\/\/i0.wp.com\/cdnoticias.com\/wp-content\/uploads\/2025\/12\/embajador-de-alemania-colonias-alemanes-del-volga-05.jpg?resize=768%2C427&amp;ssl=1 768w, https:\/\/i0.wp.com\/cdnoticias.com\/wp-content\/uploads\/2025\/12\/embajador-de-alemania-colonias-alemanes-del-volga-05.jpg?resize=800%2C445&amp;ssl=1 800w\" sizes=\"auto, (max-width: 800px) 100vw, 800px\" \/><\/p>\n<p>\u00a0<\/p>\n<p>A las 17, toda la comitiva se dirigi\u00f3 al <strong>sal\u00f3n de la asociaci\u00f3n de descendientes de Alemanes del Volga<\/strong> para dar inicio al<strong> \u201c4\u00b0 Encuentro Anual de la Uni\u00f3n de Colonias del partido de Olavarr\u00eda\u201d<\/strong>. Habl\u00f3 la presidente de la Uni\u00f3n a quien siguieron los representantes de las Colonias Hinojo, Nievas y San Miguel con detalles de las actividades anuales y proyectos que se tienen en miras. Los<strong> hermanos Rolando y Carlos Hess<\/strong> hicieron entrega a Laml\u00e9 del libro de su autor\u00eda, <strong>\u201cColonia Hinojo Madre de Pueblos Alemanes del Volga\u201d<\/strong>.<\/p>\n<p>\u00a0<\/p>\n<p>Para cerrar las disertaciones el<strong> vicepresidente de Uni\u00f3n de Colonias, Osvaldo Bugliese, hizo un recorrido por los \u201c200 a\u00f1os de Amistad Alemania en Argentina\u201d<\/strong> procediendo a hacer<strong> entrega al Embajador Laml\u00e9, del libro \u201cAlemania en Argentina- Dos Siglos de Encuentros- 1825-2025\u201d<\/strong> del cual Bugliese es el autor y que fue editado especialmente para esta celebraci\u00f3n. Tambi\u00e9n se entregaron ejemplares al Presidente de FAAG, Germ\u00e1n Lehrke, Presidente de Ra\u00edces Alemanas Tandil (RAT), Victoria Von Neufforge, a Responsable de Subcomisi\u00f3n Federal, In\u00e9s Kaiser, Apoderado de Congregaci\u00f3n Evang\u00e9lica Alemana, Mat\u00edas Storni y a Presidente de Uni\u00f3n de Colonias, Gladys Stoessel.<\/p>\n<p>\u00a0<\/p>\n<p>Para finalizar la jornada el Embajador se dirigi\u00f3 a la Empresa Zimmermann donde se reunieron <strong>empresarios descendientes alemanes y finalizaron con una cena de camarader\u00eda<\/strong>.<\/p>\n<p>\u00a0<\/p>\n<p><img data-recalc-dims=\"1\" loading=\"lazy\" decoding=\"async\" class=\"alignnone size-full wp-image-190114\" src=\"https:\/\/i0.wp.com\/cdnoticias.com\/wp-content\/uploads\/2025\/12\/embajador-de-alemania-colonias-alemanes-del-volga-03.jpg?resize=800%2C360&#038;ssl=1\" alt=\"\" width=\"800\" height=\"360\" srcset=\"https:\/\/i0.wp.com\/cdnoticias.com\/wp-content\/uploads\/2025\/12\/embajador-de-alemania-colonias-alemanes-del-volga-03.jpg?w=1000&amp;ssl=1 1000w, https:\/\/i0.wp.com\/cdnoticias.com\/wp-content\/uploads\/2025\/12\/embajador-de-alemania-colonias-alemanes-del-volga-03.jpg?resize=300%2C135&amp;ssl=1 300w, https:\/\/i0.wp.com\/cdnoticias.com\/wp-content\/uploads\/2025\/12\/embajador-de-alemania-colonias-alemanes-del-volga-03.jpg?resize=768%2C346&amp;ssl=1 768w\" sizes=\"auto, (max-width: 800px) 100vw, 800px\" \/><\/p>\n<p>\u00a0<\/p>\n<p><img data-recalc-dims=\"1\" loading=\"lazy\" decoding=\"async\" class=\"alignnone size-full wp-image-190113\" src=\"https:\/\/i0.wp.com\/cdnoticias.com\/wp-content\/uploads\/2025\/12\/embajador-de-alemania-colonias-alemanes-del-volga-04.jpg?resize=800%2C359&#038;ssl=1\" alt=\"\" width=\"800\" height=\"359\" srcset=\"https:\/\/i0.wp.com\/cdnoticias.com\/wp-content\/uploads\/2025\/12\/embajador-de-alemania-colonias-alemanes-del-volga-04.jpg?w=1000&amp;ssl=1 1000w, https:\/\/i0.wp.com\/cdnoticias.com\/wp-content\/uploads\/2025\/12\/embajador-de-alemania-colonias-alemanes-del-volga-04.jpg?resize=300%2C135&amp;ssl=1 300w, https:\/\/i0.wp.com\/cdnoticias.com\/wp-content\/uploads\/2025\/12\/embajador-de-alemania-colonias-alemanes-del-volga-04.jpg?resize=768%2C345&amp;ssl=1 768w\" sizes=\"auto, (max-width: 800px) 100vw, 800px\" \/><\/p>\n<p>\u00a0<\/p>\n<p>El <strong>viernes 5<\/strong> continu\u00f3 la actividad del Embajador Laml\u00e9. Fue<strong> recibido en la Iglesia de Colonia San Miguel<\/strong> por autoridades municipales, referentes locales y descendientes. Luego asisti\u00f3 al<strong> Museo \u201cMiguel Stoessel M\u00fcller\u201d<\/strong> donde <strong>se descubri\u00f3 una placa imponi\u00e9ndole el nombre \u201cDehler\u201d<\/strong> a una de las salas, con alusi\u00f3n a la presencia del Diplom\u00e1tico en el lugar. En otras de las salas, el Presidente de FAAG, German Lehrke <strong>dej\u00f3 inaugurada la muestra \u201cLa Vida Religiosa de los Alemanes del Volga\u201d, la cual permanecer\u00e1 abierta al p\u00fablico<\/strong>. Para finalizar se brind\u00f3 un agasajo en el sal\u00f3n de la Sociedad de Fomento local.<\/p>\n<p>\u00a0<\/p>\n<p>Pasado el mediod\u00eda<strong> arrib\u00f3 a Colonia Nievas<\/strong> donde fue recibido <strong>en la Capilla \u201cSan Miguel Arc\u00e1ngel\u201d<\/strong> por el director municipal de Localidades, Gast\u00f3n Sarachu, la delegada Municipal, Cecilia Roth, el descendiente de fundadores, \u201cMingo\u201d Jacobo, el Vicepresidente de la Uni\u00f3n de Colonias y Vicepresidente de la Sociedad de Fomento de dicha localidad, Osvaldo Bugliese.<\/p>\n<p>\u00a0<\/p>\n<p><blockquote class=\"wp-embedded-content\" data-secret=\"2u62PTE3Ty\"><a href=\"https:\/\/cdnoticias.com\/index.php\/2025\/12\/05\/el-intendente-wesner-recibio-al-embajador-de-alemania-en-el-marco-de-los-200-anos-de-amistad-entre-ambos-paises\/\">El intendente Wesner recibi\u00f3 al embajador de Alemania en el marco de los 200 a\u00f1os de amistad entre ambos pa\u00edses<\/a><\/blockquote><iframe loading=\"lazy\" class=\"wp-embedded-content\" sandbox=\"allow-scripts\" security=\"restricted\" style=\"position: absolute; visibility: hidden;\" title=\"&#8220;El intendente Wesner recibi\u00f3 al embajador de Alemania en el marco de los 200 a\u00f1os de amistad entre ambos pa\u00edses&#8221; &#8212; Central de Noticias | Olavarr\u00eda\" src=\"https:\/\/cdnoticias.com\/index.php\/2025\/12\/05\/el-intendente-wesner-recibio-al-embajador-de-alemania-en-el-marco-de-los-200-anos-de-amistad-entre-ambos-paises\/embed\/#?secret=ST9LatxMn0#?secret=2u62PTE3Ty\" data-secret=\"2u62PTE3Ty\" width=\"600\" height=\"338\" frameborder=\"0\" marginwidth=\"0\" marginheight=\"0\" scrolling=\"no\"><\/iframe><\/p>\n<p>\u00a0<\/p>\n<p>Luego de recorrer la Capilla y el material hist\u00f3rico que se conserva -dado que es la primera iglesia fundada por Alemanes del Volga en el pa\u00eds-, se procedi\u00f3 a <strong>plantar el \u00e1rbol, en esta oportunidad n\u00famero 35, como s\u00edmbolo de amistad entre Alemania y Argentina<\/strong>. All\u00ed la directora de Diacon\u00eda, Marisa Stehle, expres\u00f3 unas palabras, como hizo en cada colonia, explicando el sentido de la colocaci\u00f3n de un \u00e1rbol en cada lugar que visita el se\u00f1or Embajador.<\/p>\n<p>\u00a0<\/p>\n<p>M\u00e1s tarde, <strong>Laml\u00e9 recibi\u00f3 un ejemplar del libro \u201cColonia Nievas Alemanes del Volga, Relatos de su Historia\u201d<\/strong> por parte de uno de sus autores \u201cMingo\u201d Jacobo, el libro entregado es la edici\u00f3n en alem\u00e1n (\u201cDie Kolonie Nievas, Erz\u00e4hlungen \u00fcber die Wolgadeutschen und ihre Geschichte\u201d, traducido y presentado en Alemania por Gladys Westphal y Ulrike Kleinberg).<\/p>\n<p>\u00a0<\/p>\n<blockquote>\n<p>Para cerrar el vicepresidente de la Uni\u00f3n de Colonias, Bugliese reflexion\u00f3 que con la visita a Colonia Nievas \u201cfinaliz\u00f3 esta hist\u00f3rica visita del Embajador de Alemania en Argentina, Dieter Laml\u00e9, quien se constituye en el primer Embajador que a lo largo de 147 a\u00f1os de vida de las colonias viene a visitarlas y que adem\u00e1s nos deja un mensaje lleno de esperanza\u201d. En ese sentido, cit\u00f3 las palabras del diplom\u00e1tico quien refiri\u00f3 que \u201ctodos somos alemanes de origen sin importar el lugar de donde vienen\u201d y para ello concluy\u00f3 en que \u201cse ve claramente la intenci\u00f3n de dejar de lado la diferencia que durante tanto tiempo existi\u00f3 por ser del Volga\u201d.<\/p>\n<\/blockquote>\n<p>\u00a0<\/p>\n<p><img data-recalc-dims=\"1\" loading=\"lazy\" decoding=\"async\" class=\"alignnone size-full wp-image-190111\" src=\"https:\/\/i0.wp.com\/cdnoticias.com\/wp-content\/uploads\/2025\/12\/embajador-de-alemania-colonias-alemanes-del-volga-06.jpg?resize=800%2C445&#038;ssl=1\" alt=\"\" width=\"800\" height=\"445\" srcset=\"https:\/\/i0.wp.com\/cdnoticias.com\/wp-content\/uploads\/2025\/12\/embajador-de-alemania-colonias-alemanes-del-volga-06.jpg?w=1000&amp;ssl=1 1000w, https:\/\/i0.wp.com\/cdnoticias.com\/wp-content\/uploads\/2025\/12\/embajador-de-alemania-colonias-alemanes-del-volga-06.jpg?resize=300%2C167&amp;ssl=1 300w, https:\/\/i0.wp.com\/cdnoticias.com\/wp-content\/uploads\/2025\/12\/embajador-de-alemania-colonias-alemanes-del-volga-06.jpg?resize=768%2C427&amp;ssl=1 768w, https:\/\/i0.wp.com\/cdnoticias.com\/wp-content\/uploads\/2025\/12\/embajador-de-alemania-colonias-alemanes-del-volga-06.jpg?resize=800%2C445&amp;ssl=1 800w\" sizes=\"auto, (max-width: 800px) 100vw, 800px\" \/>\u00a0<\/p>\n<p>\u00a0<\/p>\n\n\n<p><\/p>\n","protected":false},"excerpt":{"rendered":"<p>Durante dos jornadas, el diplom\u00e1tico estuvo en las Colonias Hinojo, Nievas y San Miguel. Se destac\u00f3 que fue la primera<\/p>\n","protected":false},"author":4,"featured_media":190115,"comment_status":"closed","ping_status":"closed","sticky":false,"template":"","format":"standard","meta":{"_jetpack_memberships_contains_paid_content":false,"footnotes":""},"categories":[9,1],"tags":[],"class_list":["post-190110","post","type-post","status-publish","format-standard","has-post-thumbnail","hentry","category-cultura","category-portada"],"jetpack_featured_media_url":"https:\/\/i0.wp.com\/cdnoticias.com\/wp-content\/uploads\/2025\/12\/embajador-de-alemania-colonias-alemanes-del-volga-02.jpg?fit=1000%2C556&ssl=1","jetpack_sharing_enabled":true,"_links":{"self":[{"href":"https:\/\/cdnoticias.com\/index.php\/wp-json\/wp\/v2\/posts\/190110","targetHints":{"allow":["GET"]}}],"collection":[{"href":"https:\/\/cdnoticias.com\/index.php\/wp-json\/wp\/v2\/posts"}],"about":[{"href":"https:\/\/cdnoticias.com\/index.php\/wp-json\/wp\/v2\/types\/post"}],"author":[{"embeddable":true,"href":"https:\/\/cdnoticias.com\/index.php\/wp-json\/wp\/v2\/users\/4"}],"replies":[{"embeddable":true,"href":"https:\/\/cdnoticias.com\/index.php\/wp-json\/wp\/v2\/comments?post=190110"}],"version-history":[{"count":0,"href":"https:\/\/cdnoticias.com\/index.php\/wp-json\/wp\/v2\/posts\/190110\/revisions"}],"wp:featuredmedia":[{"embeddable":true,"href":"https:\/\/cdnoticias.com\/index.php\/wp-json\/wp\/v2\/media\/190115"}],"wp:attachment":[{"href":"https:\/\/cdnoticias.com\/index.php\/wp-json\/wp\/v2\/media?parent=190110"}],"wp:term":[{"taxonomy":"category","embeddable":true,"href":"https:\/\/cdnoticias.com\/index.php\/wp-json\/wp\/v2\/categories?post=190110"},{"taxonomy":"post_tag","embeddable":true,"href":"https:\/\/cdnoticias.com\/index.php\/wp-json\/wp\/v2\/tags?post=190110"}],"curies":[{"name":"wp","href":"https:\/\/api.w.org\/{rel}","templated":true}]}}