{"id":190083,"date":"2025-12-10T11:24:33","date_gmt":"2025-12-10T14:24:33","guid":{"rendered":"https:\/\/cdnoticias.com\/?p=190083"},"modified":"2025-12-10T17:58:01","modified_gmt":"2025-12-10T20:58:01","slug":"comercio-minorista-en-olavarria-caida-del-consumo-y-aumento-en-carnes-hacia-fin-de-ano","status":"publish","type":"post","link":"https:\/\/cdnoticias.com\/index.php\/2025\/12\/10\/comercio-minorista-en-olavarria-caida-del-consumo-y-aumento-en-carnes-hacia-fin-de-ano\/","title":{"rendered":"Comercio minorista en Olavarr\u00eda: ca\u00edda del consumo y aumento en carnes hacia fin de a\u00f1o"},"content":{"rendered":"<p>As\u00ed lo anticip\u00f3 el referente del comercio minorista Julio De Felice. Analiz\u00f3 ventas, precios y h\u00e1bitos de compra. Sostuvo que la canasta navide\u00f1a en almacenes a\u00fan mantiene valores accesibles pese a la competencia de las grandes cadenas.<!--more--><\/p>\n<hr \/>\n<p><strong>Julio De Felice, referente del comercio minorista local<\/strong>, analiz\u00f3 la situaci\u00f3n del <strong>consumo<\/strong> en una entrevista con <strong>Levantate, por Radio Sapiens (FM 102.7)<\/strong>. Se\u00f1al\u00f3 que <strong>el panorama \u201ces preocupante\u201d<\/strong> porque, aunque hubo un<strong> peque\u00f1o \u201crebote\u201d en 2024, las ventas se sostienen \u201cen una meseta bastante baja\u201d<\/strong>.<\/p>\n<blockquote><p>Afirm\u00f3 que la ca\u00edda del consumo impacta directamente en los comercios: \u201chan ca\u00eddo las ventas y los gastos siguen. Si bien la mercader\u00eda no aumenta mucho, incluso hay productos en oferta que bajan, igual estamos preocupados\u201d.<\/p><\/blockquote>\n<p>En su repaso por rubros, sostuvo que las <strong>carnicer\u00edas<\/strong> esperan que algunos<strong> cortes lleguen \u201ca 20 mil pesos el kilo\u201d hacia fin de a\u00f1o<\/strong>, cuando hoy la mayor\u00eda ronda entre 17 y 18 mil pesos. En los <strong>supermercados<\/strong>, detall\u00f3, ciertos cortes como el<strong> vac\u00edo ya superan los 22 mil pesos<\/strong>. <em>\u201cLa gente se enloquece por el vac\u00edo. Los carniceros me dicen: \u2018le pongo un precio m\u00e1s alto porque todo el mundo lo quiere\u2019\u201d<\/em>, se\u00f1al\u00f3.<\/p>\n<p><img data-recalc-dims=\"1\" loading=\"lazy\" decoding=\"async\" class=\"alignnone size-full wp-image-183778 aligncenter\" src=\"https:\/\/i0.wp.com\/cdnoticias.com\/wp-content\/uploads\/2025\/09\/carne-carniceria-la-autentica-01.png?resize=800%2C445&#038;ssl=1\" alt=\"\" width=\"800\" height=\"445\" srcset=\"https:\/\/i0.wp.com\/cdnoticias.com\/wp-content\/uploads\/2025\/09\/carne-carniceria-la-autentica-01.png?w=800&amp;ssl=1 800w, https:\/\/i0.wp.com\/cdnoticias.com\/wp-content\/uploads\/2025\/09\/carne-carniceria-la-autentica-01.png?resize=300%2C167&amp;ssl=1 300w, https:\/\/i0.wp.com\/cdnoticias.com\/wp-content\/uploads\/2025\/09\/carne-carniceria-la-autentica-01.png?resize=768%2C427&amp;ssl=1 768w\" sizes=\"auto, (max-width: 800px) 100vw, 800px\" \/><\/p>\n<p>Respecto a los <strong>art\u00edculos de limpieza<\/strong>, indic\u00f3 que <strong>es \u201clo primero que se deja de vender\u201d en contextos de ajuste familiar<\/strong>. Explic\u00f3 que los consumidores priorizan otros productos y optan por marcas m\u00e1s econ\u00f3micas, aunque<em> detergente y lavandina mantienen cierta regularidad en la demanda.<\/em><\/p>\n<p>Sobre la <strong>canasta navide\u00f1a<\/strong>, De Felice remarc\u00f3 que <strong>en los almacenes se encuentran valores accesibles<\/strong> e incluso m\u00e1s bajos que en grandes cadenas. Sin embargo, advirti\u00f3 que durante las fiestas resulta dif\u00edcil competir: <strong>\u201cLas cadenas te ponen el 2&#215;1, el 70% en la segunda unidad y con eso no pod\u00e9s competir\u201d<\/strong>.<\/p>\n<p><img data-recalc-dims=\"1\" loading=\"lazy\" decoding=\"async\" class=\"alignnone size-full wp-image-190085 aligncenter\" src=\"https:\/\/i0.wp.com\/cdnoticias.com\/wp-content\/uploads\/2025\/12\/canasta-navidena-00.jpg?resize=800%2C600&#038;ssl=1\" alt=\"\" width=\"800\" height=\"600\" srcset=\"https:\/\/i0.wp.com\/cdnoticias.com\/wp-content\/uploads\/2025\/12\/canasta-navidena-00.jpg?w=1000&amp;ssl=1 1000w, https:\/\/i0.wp.com\/cdnoticias.com\/wp-content\/uploads\/2025\/12\/canasta-navidena-00.jpg?resize=300%2C225&amp;ssl=1 300w, https:\/\/i0.wp.com\/cdnoticias.com\/wp-content\/uploads\/2025\/12\/canasta-navidena-00.jpg?resize=768%2C576&amp;ssl=1 768w\" sizes=\"auto, (max-width: 800px) 100vw, 800px\" \/><\/p>\n<blockquote><p>Tambi\u00e9n mencion\u00f3 una cr\u00edtica a los mayoristas: \u201cnuestros mayoristas son nuestros propios competidores porque le vas a comprar y te encontr\u00e1s a tu cliente comprando al mismo precio que vos\u201d.<\/p><\/blockquote>\n<p>En cuanto a los<strong> pan dulces<\/strong>, se\u00f1al\u00f3 que <strong>\u201chay buenos productos por 3.500 o 3.700 pesos\u201d<\/strong>, aunque existen opciones mucho m\u00e1s costosas seg\u00fan marca y calidad.<\/p>\n","protected":false},"excerpt":{"rendered":"<p>As\u00ed lo anticip\u00f3 el referente del comercio minorista Julio De Felice. Analiz\u00f3 ventas, precios y h\u00e1bitos de compra. Sostuvo que<\/p>\n","protected":false},"author":4,"featured_media":59099,"comment_status":"closed","ping_status":"closed","sticky":false,"template":"","format":"standard","meta":{"_jetpack_memberships_contains_paid_content":false,"footnotes":""},"categories":[5,1],"tags":[],"class_list":["post-190083","post","type-post","status-publish","format-standard","has-post-thumbnail","hentry","category-informacion-general","category-portada"],"jetpack_featured_media_url":"https:\/\/i0.wp.com\/cdnoticias.com\/wp-content\/uploads\/2022\/07\/julio-de-felice-comercio-minorista-camara-empresaria-01.jpg?fit=800%2C445&ssl=1","jetpack_sharing_enabled":true,"_links":{"self":[{"href":"https:\/\/cdnoticias.com\/index.php\/wp-json\/wp\/v2\/posts\/190083","targetHints":{"allow":["GET"]}}],"collection":[{"href":"https:\/\/cdnoticias.com\/index.php\/wp-json\/wp\/v2\/posts"}],"about":[{"href":"https:\/\/cdnoticias.com\/index.php\/wp-json\/wp\/v2\/types\/post"}],"author":[{"embeddable":true,"href":"https:\/\/cdnoticias.com\/index.php\/wp-json\/wp\/v2\/users\/4"}],"replies":[{"embeddable":true,"href":"https:\/\/cdnoticias.com\/index.php\/wp-json\/wp\/v2\/comments?post=190083"}],"version-history":[{"count":0,"href":"https:\/\/cdnoticias.com\/index.php\/wp-json\/wp\/v2\/posts\/190083\/revisions"}],"wp:featuredmedia":[{"embeddable":true,"href":"https:\/\/cdnoticias.com\/index.php\/wp-json\/wp\/v2\/media\/59099"}],"wp:attachment":[{"href":"https:\/\/cdnoticias.com\/index.php\/wp-json\/wp\/v2\/media?parent=190083"}],"wp:term":[{"taxonomy":"category","embeddable":true,"href":"https:\/\/cdnoticias.com\/index.php\/wp-json\/wp\/v2\/categories?post=190083"},{"taxonomy":"post_tag","embeddable":true,"href":"https:\/\/cdnoticias.com\/index.php\/wp-json\/wp\/v2\/tags?post=190083"}],"curies":[{"name":"wp","href":"https:\/\/api.w.org\/{rel}","templated":true}]}}