{"id":190079,"date":"2025-12-10T09:22:51","date_gmt":"2025-12-10T12:22:51","guid":{"rendered":"https:\/\/cdnoticias.com\/?p=190079"},"modified":"2025-12-10T11:24:54","modified_gmt":"2025-12-10T14:24:54","slug":"rige-un-alerta-por-tormenta-para-la-tarde-en-olavarria","status":"publish","type":"post","link":"https:\/\/cdnoticias.com\/index.php\/2025\/12\/10\/rige-un-alerta-por-tormenta-para-la-tarde-en-olavarria\/","title":{"rendered":"Rige un alerta por tormenta para la tarde en Olavarr\u00eda"},"content":{"rendered":"<p>Sigue vigente la advertencia del SMN de nivel amarillo para casi toda la provincia de Buenos Aires. \u201cSe prev\u00e9n valores de precipitaci\u00f3n acumulada entre 20 y 50 mm.\u201d indic\u00f3 el organismo para el centro bonaerense.<!--more--><\/p>\n<hr \/>\n<p><a href=\"https:\/\/cdnoticias.com\/index.php\/2025\/12\/09\/alerta-amarilla-por-tormentas-para-olavarria-3\/\" target=\"_blank\" rel=\"noopener\">Tal como se adelant\u00f3 en<strong> Central de Noticias<\/strong><\/a>, sigue vigente el<strong> alerta meteorol\u00f3gico<\/strong> emitido para gran parte de la provincia de Buenos Aires por tormenta.<\/p>\n<p>En el caso de<strong> Olavarr\u00eda<\/strong>, rige para la <strong>tarde de este mi\u00e9rcoles y es de nivel amarillo<\/strong>. Se esperan<strong> tormentas fuertes<\/strong> en la regi\u00f3n centro bonaerense.<\/p>\n<blockquote class=\"twitter-tweet\">\n<p dir=\"ltr\" lang=\"es\">10 DIC \u26a0\ufe0f <a href=\"https:\/\/twitter.com\/hashtag\/Alertas?src=hash&amp;ref_src=twsrc%5Etfw\">#Alertas<\/a> para hoy:<\/p>\n<p>\u26c8\ufe0f <a href=\"https:\/\/twitter.com\/hashtag\/Tormenta?src=hash&amp;ref_src=twsrc%5Etfw\">#Tormenta<\/a><br \/>\n\u26a0\ufe0f Lluvias intensas<br \/>\n\ud83d\udfe8 10-50 mm con r\u00e1fagas \u2265 60 km\/h<br \/>\n\ud83e\uddca Granizo<\/p>\n<p>\ud83e\udd75 Temperaturas extremas: <a href=\"https:\/\/twitter.com\/hashtag\/calor?src=hash&amp;ref_src=twsrc%5Etfw\">#calor<\/a> \u26a0\ufe0f<br \/>\n\ud83d\udfe8 Efecto leve a moderado en la salud<\/p>\n<p>\ud83d\udcf2 M\u00e1s info y recomendaciones: <a href=\"https:\/\/t.co\/GRjfngFWuF\">https:\/\/t.co\/GRjfngFWuF<\/a> <a href=\"https:\/\/t.co\/19kyAwDW9r\">pic.twitter.com\/19kyAwDW9r<\/a><\/p>\n<p>\u2014 SMN Argentina (@SMN_Argentina) <a href=\"https:\/\/twitter.com\/SMN_Argentina\/status\/1998713466379448831?ref_src=twsrc%5Etfw\">December 10, 2025<\/a><\/p><\/blockquote>\n<p><script async src=\"https:\/\/platform.twitter.com\/widgets.js\" charset=\"utf-8\"><\/script><\/p>\n<blockquote><p>\u201cEl \u00e1rea ser\u00e1 afectada por tormentas de variada intensidad, algunas localmente fuertes. Las mismas estar\u00e1n acompa\u00f1adas por frecuente actividad el\u00e9ctrica, ocasional ca\u00edda de granizo, r\u00e1fagas que puntualmente podr\u00edan alcanzar los 70 km\/h, y abundante ca\u00edda de agua en cortos per\u00edodos. Se prev\u00e9n valores de precipitaci\u00f3n acumulada entre 20 y 50 mm., que pueden ser superados en forma puntual\u201d indic\u00f3 el organismo.<\/p><\/blockquote>\n<p>El aviso del SMN para este mi\u00e9rcoles abarca a las regiones costera, norte, este y oeste de la provincia de Buenos Aires, adem\u00e1s de los distritos del centro. En el <strong>sector costero y parte de la regi\u00f3n centro -sin incluir a Olavarr\u00eda-, el alerta por tormenta se mantiene durante este jueves<\/strong>.<\/p>\n","protected":false},"excerpt":{"rendered":"<p>Sigue vigente la advertencia del SMN de nivel amarillo para casi toda la provincia de Buenos Aires. \u201cSe prev\u00e9n valores<\/p>\n","protected":false},"author":4,"featured_media":189581,"comment_status":"closed","ping_status":"closed","sticky":false,"template":"","format":"standard","meta":{"_jetpack_memberships_contains_paid_content":false,"footnotes":""},"categories":[5,1],"tags":[],"class_list":["post-190079","post","type-post","status-publish","format-standard","has-post-thumbnail","hentry","category-informacion-general","category-portada"],"jetpack_featured_media_url":"https:\/\/i0.wp.com\/cdnoticias.com\/wp-content\/uploads\/2025\/12\/lluvia-alerta-tormenta-olavarria3.jpg?fit=800%2C445&ssl=1","jetpack_sharing_enabled":true,"_links":{"self":[{"href":"https:\/\/cdnoticias.com\/index.php\/wp-json\/wp\/v2\/posts\/190079","targetHints":{"allow":["GET"]}}],"collection":[{"href":"https:\/\/cdnoticias.com\/index.php\/wp-json\/wp\/v2\/posts"}],"about":[{"href":"https:\/\/cdnoticias.com\/index.php\/wp-json\/wp\/v2\/types\/post"}],"author":[{"embeddable":true,"href":"https:\/\/cdnoticias.com\/index.php\/wp-json\/wp\/v2\/users\/4"}],"replies":[{"embeddable":true,"href":"https:\/\/cdnoticias.com\/index.php\/wp-json\/wp\/v2\/comments?post=190079"}],"version-history":[{"count":0,"href":"https:\/\/cdnoticias.com\/index.php\/wp-json\/wp\/v2\/posts\/190079\/revisions"}],"wp:featuredmedia":[{"embeddable":true,"href":"https:\/\/cdnoticias.com\/index.php\/wp-json\/wp\/v2\/media\/189581"}],"wp:attachment":[{"href":"https:\/\/cdnoticias.com\/index.php\/wp-json\/wp\/v2\/media?parent=190079"}],"wp:term":[{"taxonomy":"category","embeddable":true,"href":"https:\/\/cdnoticias.com\/index.php\/wp-json\/wp\/v2\/categories?post=190079"},{"taxonomy":"post_tag","embeddable":true,"href":"https:\/\/cdnoticias.com\/index.php\/wp-json\/wp\/v2\/tags?post=190079"}],"curies":[{"name":"wp","href":"https:\/\/api.w.org\/{rel}","templated":true}]}}