{"id":190077,"date":"2025-12-10T09:09:45","date_gmt":"2025-12-10T12:09:45","guid":{"rendered":"https:\/\/cdnoticias.com\/?p=190077"},"modified":"2025-12-10T09:09:46","modified_gmt":"2025-12-10T12:09:46","slug":"ines-isabel-loza-viuda-de-fernandez-q-e-p-d","status":"publish","type":"post","link":"https:\/\/cdnoticias.com\/index.php\/2025\/12\/10\/ines-isabel-loza-viuda-de-fernandez-q-e-p-d\/","title":{"rendered":"In\u00e9s Isabel Loza viuda de Fernandez (Q.E.P.D.)"},"content":{"rendered":"<p>Falleci\u00f3 en Olavarr\u00eda el 10 de diciembre de 2025 a los 88 a\u00f1os.<\/p>\n<p>Sus hijos Mar\u00eda Ines y Rolando Fernandez; su hija pol\u00edtica Norma Maceo; sus nietos Mariana, Alejandra y Mar\u00eda Paula Fernandez; sus nietos pol\u00edticos Federico, Sebasti\u00e1n y Toti; sus bisnietas Malena y Emilia; y dem\u00e1s deudos participan su fallecimiento.<\/p>\n<p>Sus restos ser\u00e1n velados en la Sala de Espa\u00f1a 2942, departamento \u201cF\u201d, con responso en la Capilla Ardiente, e inhumados en el Cementerio Loma de Paz este jueves 11 de diciembre a las 8:30 horas. Servicio adherido a Coopelectric.<\/p>\n<p>Nacida en Olavarr\u00eda, vecina de barrio Hip\u00f3lito Irigoyen, jubilada y pensionada.<\/p>\n","protected":false},"excerpt":{"rendered":"<p>Falleci\u00f3 en Olavarr\u00eda el 10 de diciembre de 2025 a los 88 a\u00f1os. Sus hijos Mar\u00eda Ines y Rolando Fernandez;<\/p>\n","protected":false},"author":4,"featured_media":51544,"comment_status":"closed","ping_status":"closed","sticky":false,"template":"","format":"standard","meta":{"_jetpack_memberships_contains_paid_content":false,"footnotes":""},"categories":[10],"tags":[],"class_list":["post-190077","post","type-post","status-publish","format-standard","has-post-thumbnail","hentry","category-necrologicas"],"jetpack_featured_media_url":"https:\/\/i0.wp.com\/cdnoticias.com\/wp-content\/uploads\/2022\/04\/necrologicas-390-x-240.jpg?fit=390%2C240&ssl=1","jetpack_sharing_enabled":true,"_links":{"self":[{"href":"https:\/\/cdnoticias.com\/index.php\/wp-json\/wp\/v2\/posts\/190077","targetHints":{"allow":["GET"]}}],"collection":[{"href":"https:\/\/cdnoticias.com\/index.php\/wp-json\/wp\/v2\/posts"}],"about":[{"href":"https:\/\/cdnoticias.com\/index.php\/wp-json\/wp\/v2\/types\/post"}],"author":[{"embeddable":true,"href":"https:\/\/cdnoticias.com\/index.php\/wp-json\/wp\/v2\/users\/4"}],"replies":[{"embeddable":true,"href":"https:\/\/cdnoticias.com\/index.php\/wp-json\/wp\/v2\/comments?post=190077"}],"version-history":[{"count":0,"href":"https:\/\/cdnoticias.com\/index.php\/wp-json\/wp\/v2\/posts\/190077\/revisions"}],"wp:featuredmedia":[{"embeddable":true,"href":"https:\/\/cdnoticias.com\/index.php\/wp-json\/wp\/v2\/media\/51544"}],"wp:attachment":[{"href":"https:\/\/cdnoticias.com\/index.php\/wp-json\/wp\/v2\/media?parent=190077"}],"wp:term":[{"taxonomy":"category","embeddable":true,"href":"https:\/\/cdnoticias.com\/index.php\/wp-json\/wp\/v2\/categories?post=190077"},{"taxonomy":"post_tag","embeddable":true,"href":"https:\/\/cdnoticias.com\/index.php\/wp-json\/wp\/v2\/tags?post=190077"}],"curies":[{"name":"wp","href":"https:\/\/api.w.org\/{rel}","templated":true}]}}