{"id":190075,"date":"2025-12-10T10:31:55","date_gmt":"2025-12-10T13:31:55","guid":{"rendered":"https:\/\/cdnoticias.com\/?p=190075"},"modified":"2025-12-10T12:05:37","modified_gmt":"2025-12-10T15:05:37","slug":"este-domingo-primera-edicion-de-la-fiesta-del-vermut","status":"publish","type":"post","link":"https:\/\/cdnoticias.com\/index.php\/2025\/12\/10\/este-domingo-primera-edicion-de-la-fiesta-del-vermut\/","title":{"rendered":"Este domingo, primera edici\u00f3n de la Fiesta del Vermut"},"content":{"rendered":"<p>Ser\u00e1 en Colonia Nievas, desde las 12 horas, con entrada libre y gratuita. Organizada por la tradicional Pulper\u00eda y productores locales, con el acompa\u00f1amiento del Municipio.<!--more--><\/p>\n<hr \/>\n<p>El <strong>Municipio de Olavarr\u00eda<\/strong> informa que <strong>este domingo 14 de diciembre<\/strong> se llevar\u00e1 a cabo la <strong>primera edici\u00f3n de la Fiesta del Vermut<\/strong>, la propuesta que semanas atr\u00e1s debi\u00f3 postergarse debido a las condiciones clim\u00e1ticas. Se realizar\u00e1 <strong>desde las 12 horas, en Colonia Nievas, con entrada libre y gratuita<\/strong>. La propuesta es organizada por la tradicional Pulper\u00eda de la localidad y productores locales, con el acompa\u00f1amiento del Municipio.<\/p>\n<p>La invitaci\u00f3n es abierta a toda la comunidad y desde la organizaci\u00f3n se detall\u00f3 que la propuesta<strong> se extender\u00e1 hasta las 22 horas, en los predios tanto de la Pulper\u00eda como de la Sociedad de Fomento de la localidad.<\/strong><\/p>\n<p>Se contar\u00e1 adem\u00e1s con la presencia de <strong>productores locales<\/strong> tales como Monos Sabios y Trinchera, adem\u00e1s de la participaci\u00f3n de <strong>emprendedores, artesanos y foodtrucks.<\/strong><\/p>\n<p>Colonia Nievas est\u00e1 ubicada a unos 600 metros de la Ruta Nacional 226, con acceso a la altura del kil\u00f3metro 273, una ubicaci\u00f3n estrat\u00e9gica, que permite el arribo de visitantes de Olavarr\u00eda y distritos vecinos. Es una localidad tur\u00edstica, con detalles culturales e identitarios \u00fanicos, que para la ocasi\u00f3n contar\u00e1 con un marco natural que se vestir\u00e1 de fiesta y donde se podr\u00e1 escuchar buena m\u00fasica, disfrutando de un Vermut, comida t\u00edpica campera, adem\u00e1s de la presencia de artesanos y emprendedores que trabajan con productos tradicionales.<\/p>\n<p>Esta iniciativa cuenta con el apoyo del Municipio a trav\u00e9s de la Secretar\u00eda de Desarrollo Econ\u00f3mico y Productivo y la Subsecretar\u00eda de Cultura, desde donde se entiende que este tipo de eventos constituye un aporte a la identidad pero tambi\u00e9n al movimiento econ\u00f3mico de la regi\u00f3n.<\/p>\n","protected":false},"excerpt":{"rendered":"<p>Ser\u00e1 en Colonia Nievas, desde las 12 horas, con entrada libre y gratuita. Organizada por la tradicional Pulper\u00eda y productores<\/p>\n","protected":false},"author":4,"featured_media":142490,"comment_status":"closed","ping_status":"closed","sticky":false,"template":"","format":"standard","meta":{"_jetpack_memberships_contains_paid_content":false,"footnotes":""},"categories":[9,1],"tags":[],"class_list":["post-190075","post","type-post","status-publish","format-standard","has-post-thumbnail","hentry","category-cultura","category-portada"],"jetpack_featured_media_url":"https:\/\/i0.wp.com\/cdnoticias.com\/wp-content\/uploads\/2025\/01\/colonia-nievas-mantenimiento.png?fit=896%2C474&ssl=1","jetpack_sharing_enabled":true,"_links":{"self":[{"href":"https:\/\/cdnoticias.com\/index.php\/wp-json\/wp\/v2\/posts\/190075","targetHints":{"allow":["GET"]}}],"collection":[{"href":"https:\/\/cdnoticias.com\/index.php\/wp-json\/wp\/v2\/posts"}],"about":[{"href":"https:\/\/cdnoticias.com\/index.php\/wp-json\/wp\/v2\/types\/post"}],"author":[{"embeddable":true,"href":"https:\/\/cdnoticias.com\/index.php\/wp-json\/wp\/v2\/users\/4"}],"replies":[{"embeddable":true,"href":"https:\/\/cdnoticias.com\/index.php\/wp-json\/wp\/v2\/comments?post=190075"}],"version-history":[{"count":0,"href":"https:\/\/cdnoticias.com\/index.php\/wp-json\/wp\/v2\/posts\/190075\/revisions"}],"wp:featuredmedia":[{"embeddable":true,"href":"https:\/\/cdnoticias.com\/index.php\/wp-json\/wp\/v2\/media\/142490"}],"wp:attachment":[{"href":"https:\/\/cdnoticias.com\/index.php\/wp-json\/wp\/v2\/media?parent=190075"}],"wp:term":[{"taxonomy":"category","embeddable":true,"href":"https:\/\/cdnoticias.com\/index.php\/wp-json\/wp\/v2\/categories?post=190075"},{"taxonomy":"post_tag","embeddable":true,"href":"https:\/\/cdnoticias.com\/index.php\/wp-json\/wp\/v2\/tags?post=190075"}],"curies":[{"name":"wp","href":"https:\/\/api.w.org\/{rel}","templated":true}]}}