{"id":190071,"date":"2025-12-10T08:58:13","date_gmt":"2025-12-10T11:58:13","guid":{"rendered":"https:\/\/cdnoticias.com\/?p=190071"},"modified":"2025-12-10T10:38:25","modified_gmt":"2025-12-10T13:38:25","slug":"indec-en-octubre-la-construccion-se-incremento-8-pero-la-produccion-industrial-retrocedio-29","status":"publish","type":"post","link":"https:\/\/cdnoticias.com\/index.php\/2025\/12\/10\/indec-en-octubre-la-construccion-se-incremento-8-pero-la-produccion-industrial-retrocedio-29\/","title":{"rendered":"Indec: en octubre la construcci\u00f3n se increment\u00f3 8%, pero la producci\u00f3n industrial retrocedi\u00f3 2,9%"},"content":{"rendered":"\n<p><\/p>\n\n\n\n<p>En construcci\u00f3n, el acumulado de los primeros 10 meses del a\u00f1o present\u00f3 una suba de 7,9%. En la industria, el acumulado mostr\u00f3 un incremento de 3,1%.<\/p>\n\n\n\n<hr class=\"wp-block-separator has-alpha-channel-opacity\"\/>\n\n\n\n<p>En<strong> octubre <\/strong>el<strong> Indicador Sint\u00e9tico de la Actividad de la Construcci\u00f3n (ISAC) <\/strong>registr\u00f3 una <strong>suba de 8%<\/strong> en relaci\u00f3n con el mismo mes del a\u00f1o anterior. As\u00ed, el <strong>acumulado de los primeros diez meses del a\u00f1o present\u00f3 un incremento de 7,9%<\/strong> respecto del mismo per\u00edodo de 2024. En la serie desestacionalizada, el \u00edndice mostr\u00f3 una <strong>variaci\u00f3n mensual de -0,5%<\/strong>, mientras que la tendencia-ciclo exhibi\u00f3 una leve suba de 0,1% frente a septiembre.<\/p>\n\n\n\n<p><\/p>\n\n\n\n<p>En tanto, tambi\u00e9n en <strong>octubre<\/strong>, el<strong> \u00cdndice de Producci\u00f3n Industrial Manufacturero (IPI) <\/strong>registr\u00f3 una<strong> ca\u00edda interanual de 2,9%<\/strong>, siempre seg\u00fan el Indec. Pese al descenso mensual, el acumulado del per\u00edodo <strong>enero-octubre mostr\u00f3 un incremento de 3,1%<\/strong> frente al mismo tramo del a\u00f1o anterior. En t\u00e9rminos desestacionalizados, el indicador general exhibi\u00f3 una <strong>baja mensual de 0,8%<\/strong>, mientras que la serie tendencia-ciclo present\u00f3 una variaci\u00f3n negativa de 0,3%.<\/p>\n\n\n\n<p><\/p>\n\n\n\n<figure class=\"wp-block-embed is-type-wp-embed is-provider-central-de-noticias-olavarr-a wp-block-embed-central-de-noticias-olavarr-a\"><div class=\"wp-block-embed__wrapper\">\n<blockquote class=\"wp-embedded-content\" data-secret=\"OxFF8qqeoO\"><a href=\"https:\/\/cdnoticias.com\/index.php\/2025\/12\/09\/censo-industrial-olavarria-2024-mas-de-la-mitad-de-las-empresas-tienen-menos-de-10-empleados\/\">Censo Industrial Olavarr\u00eda 2024: m\u00e1s de la mitad de las empresas tienen menos de 10 empleados<\/a><\/blockquote><iframe loading=\"lazy\" class=\"wp-embedded-content\" sandbox=\"allow-scripts\" security=\"restricted\" style=\"position: absolute; visibility: hidden;\" title=\"&#8220;Censo Industrial Olavarr\u00eda 2024: m\u00e1s de la mitad de las empresas tienen menos de 10 empleados&#8221; &#8212; Central de Noticias | Olavarr\u00eda\" src=\"https:\/\/cdnoticias.com\/index.php\/2025\/12\/09\/censo-industrial-olavarria-2024-mas-de-la-mitad-de-las-empresas-tienen-menos-de-10-empleados\/embed\/#?secret=XkEGkhx4YS#?secret=OxFF8qqeoO\" data-secret=\"OxFF8qqeoO\" width=\"600\" height=\"338\" frameborder=\"0\" marginwidth=\"0\" marginheight=\"0\" scrolling=\"no\"><\/iframe>\n<\/div><\/figure>\n\n\n\n<p><\/p>\n\n\n\n<h2 class=\"wp-block-heading\">La construcci\u00f3n seg\u00fan el Indec<\/h2>\n\n\n\n<p><\/p>\n\n\n\n<p>De acuerdo con el Instituto Nacional de Estad\u00edstica y Censos, el <strong>consumo<\/strong> aparente de <strong>insumos para la construcci\u00f3n <\/strong>mostr\u00f3 en octubre<strong> variaciones interanuales dispares <\/strong>entre los distintos materiales.  <a href=\"https:\/\/www.indec.gob.ar\/uploads\/informesdeprensa\/isac_12_254E690A2F16.pdf\" target=\"_blank\" rel=\"noreferrer noopener\">(Informe completo)<\/a><\/p>\n\n\n\n<p><\/p>\n\n\n\n<blockquote class=\"wp-block-quote is-layout-flow wp-block-quote-is-layout-flow\">\n<p>Se verificaron incrementos de 40,7% en hormig\u00f3n elaborado; 35,7% en art\u00edculos sanitarios de cer\u00e1mica; 33,6% en asfalto; 24,5% en mosaicos gran\u00edticos y calc\u00e1reos; 13,1% en pinturas; 12,4% en el grupo denominado \u201cresto de los insumos\u201d; 7,7% en hierro redondo y aceros para la construcci\u00f3n; 7,5% en cemento portland. En contraste, se registraron bajas de 11,2% en yeso; 6,9% en ladrillos huecos; 6,4% en pisos y revestimientos cer\u00e1micos; 3,6% en cales; y 0,6% en placas de yeso.<\/p>\n<\/blockquote>\n\n\n\n<p><\/p>\n\n\n\n<p>En cuanto a la <strong>evoluci\u00f3n acumulada entre enero y octubre de 2025<\/strong>, los insumos que mostraron mayores incrementos fueron el <strong>asfalto (51,1%)<\/strong>, los <strong>art\u00edculos sanitarios de cer\u00e1mica (30,8%)<\/strong>, el <strong>hormig\u00f3n elaborado (22,3%)<\/strong> y los <strong>mosaicos gran\u00edticos y calc\u00e1reos (17,7%)<\/strong>. Tambi\u00e9n se registraron aumentos en hierro redondo y aceros (13,2%), placas de yeso (13,1%), pisos y revestimientos cer\u00e1micos (10,9%), cemento portland (7,2%) y pinturas (6,7%). El yeso fue el \u00fanico insumo que present\u00f3 una ca\u00edda en el acumulado, con -0,5%.<\/p>\n\n\n\n<p><\/p>\n\n\n\n<figure class=\"wp-block-image size-full\"><img data-recalc-dims=\"1\" loading=\"lazy\" decoding=\"async\" width=\"800\" height=\"445\" src=\"https:\/\/i0.wp.com\/cdnoticias.com\/wp-content\/uploads\/2025\/08\/construccion-obra-2.jpg?resize=800%2C445&#038;ssl=1\" alt=\"\" class=\"wp-image-179538\" srcset=\"https:\/\/i0.wp.com\/cdnoticias.com\/wp-content\/uploads\/2025\/08\/construccion-obra-2.jpg?w=1000&amp;ssl=1 1000w, https:\/\/i0.wp.com\/cdnoticias.com\/wp-content\/uploads\/2025\/08\/construccion-obra-2.jpg?resize=300%2C167&amp;ssl=1 300w, https:\/\/i0.wp.com\/cdnoticias.com\/wp-content\/uploads\/2025\/08\/construccion-obra-2.jpg?resize=768%2C427&amp;ssl=1 768w, https:\/\/i0.wp.com\/cdnoticias.com\/wp-content\/uploads\/2025\/08\/construccion-obra-2.jpg?resize=800%2C445&amp;ssl=1 800w\" sizes=\"auto, (max-width: 800px) 100vw, 800px\" \/><\/figure>\n\n\n\n<p><\/p>\n\n\n\n<p>El informe incluy\u00f3 adem\u00e1s datos sobre los <strong>puestos de trabajo registrados en el sector privado<\/strong>. En <strong>septiembre de 2025<\/strong> la cantidad de trabajadores ascendi\u00f3 a 389.430, lo que represent\u00f3 un <strong>incremento interanual de 3,3%<\/strong>. Sin embargo, en el per\u00edodo <strong>enero-septiembre el indicador acumul\u00f3 una baja de 0,4%<\/strong> comparado con el mismo tramo del a\u00f1o previo.<\/p>\n\n\n\n<p><\/p>\n\n\n\n<blockquote class=\"wp-block-quote is-layout-flow wp-block-quote-is-layout-flow\">\n<p>La superficie autorizada por los permisos de edificaci\u00f3n en 246 municipios relevados alcanz\u00f3 en septiembre los 1.401.140 metros cuadrados, cifra que implic\u00f3 un aumento interanual de 6%. En el acumulado de los primeros nueve meses del a\u00f1o, la superficie total creci\u00f3 7,1% en comparaci\u00f3n con 2024. En el mismo mes se otorgaron 5.183 permisos de obra.<\/p>\n<\/blockquote>\n\n\n\n<p><\/p>\n\n\n\n<p>El Indec difundi\u00f3 tambi\u00e9n los <strong>resultados de la encuesta cualitativa a grandes empresas del sector<\/strong>. Para el per\u00edodo <strong>noviembre 2025 a enero 2026, el 68,5% de las firmas dedicadas a obras privadas y el 59,8% de las orientadas a obras p\u00fablicas<\/strong> estimaron que el nivel de <strong>actividad se mantendr\u00e1 sin cambios<\/strong>. Dentro de cada grupo, 21% y 24,7%, respectivamente, prev\u00e9n una disminuci\u00f3n, mientras que 10,5% y 15,5% anticipan un aumento.<\/p>\n\n\n\n<p><\/p>\n\n\n\n<p>Respecto de la evoluci\u00f3n del <strong>personal ocupado<\/strong> en los pr\u00f3ximos tres meses, 69,2% de las empresas privadas y 62,9% de las vinculadas a obras p\u00fablicas se\u00f1alaron que no esperan variaciones en la dotaci\u00f3n.<\/p>\n\n\n\n<p><\/p>\n\n\n\n<h2 class=\"wp-block-heading\">La industria seg\u00fan el Indec<\/h2>\n\n\n\n<p><\/p>\n\n\n\n<p>Sobre el<strong> \u00cdndice de Producci\u00f3n Industrial Manufacturero<\/strong> (producci\u00f3n industrial), el informe detalla que <strong>once de las diecis\u00e9is divisiones industriales mostraron retrocesos interanuales<\/strong>. (<a href=\"https:\/\/www.indec.gob.ar\/uploads\/informesdeprensa\/ipi_manufacturero_12_25423A1210A3.pdf\" target=\"_blank\" rel=\"noreferrer noopener\">Informe completo<\/a>)<\/p>\n\n\n\n<p><\/p>\n\n\n\n<figure class=\"wp-block-image size-full\"><img data-recalc-dims=\"1\" loading=\"lazy\" decoding=\"async\" width=\"800\" height=\"445\" src=\"https:\/\/i0.wp.com\/cdnoticias.com\/wp-content\/uploads\/2025\/09\/dia-de-la-industria-02.jpg?resize=800%2C445&#038;ssl=1\" alt=\"\" class=\"wp-image-181184\" srcset=\"https:\/\/i0.wp.com\/cdnoticias.com\/wp-content\/uploads\/2025\/09\/dia-de-la-industria-02.jpg?w=1000&amp;ssl=1 1000w, https:\/\/i0.wp.com\/cdnoticias.com\/wp-content\/uploads\/2025\/09\/dia-de-la-industria-02.jpg?resize=300%2C167&amp;ssl=1 300w, https:\/\/i0.wp.com\/cdnoticias.com\/wp-content\/uploads\/2025\/09\/dia-de-la-industria-02.jpg?resize=768%2C427&amp;ssl=1 768w, https:\/\/i0.wp.com\/cdnoticias.com\/wp-content\/uploads\/2025\/09\/dia-de-la-industria-02.jpg?resize=800%2C445&amp;ssl=1 800w\" sizes=\"auto, (max-width: 800px) 100vw, 800px\" \/><\/figure>\n\n\n\n<p><\/p>\n\n\n\n<p>Entre las <strong>ca\u00eddas m\u00e1s relevantes <\/strong>se ubicaron<strong> prendas de vestir, cuero y calzado (-15,1%)<\/strong>, <strong>productos textiles (-24%),<\/strong> productos de caucho y pl\u00e1stico (-12%) y productos de tabaco (-12,4%). Tambi\u00e9n registraron disminuciones sectores como <strong>alimentos y bebidas (-1,7%)<\/strong>, productos de metal (-8,1%) y veh\u00edculos automotores y autopartes (-4,1%).<\/p>\n\n\n\n<p><\/p>\n\n\n\n<blockquote class=\"wp-block-quote is-layout-flow wp-block-quote-is-layout-flow\">\n<p>Dentro del rubro alimentos y bebidas, la actividad descendi\u00f3 1,7% interanual. Entre los subrubros, se destacaron bajas en galletitas y panificados (-7%), gaseosas y bebidas (-6,8%) y vino (-9,7%). En contraste, los productos l\u00e1cteos (+10,4%) y el az\u00facar, confiter\u00eda y chocolates (+9,5%) mostraron incrementos interanuales.<\/p>\n<\/blockquote>\n\n\n\n<p><\/p>\n\n\n\n<p>El sector <strong>productos de tabaco<\/strong> present\u00f3 una ca\u00edda interanual de 12,4%, con un descenso equivalente en la elaboraci\u00f3n de cigarrillos. En tanto,<strong> productos textiles<\/strong> registr\u00f3 una baja de 24%, afectado por retrocesos en hilados de algod\u00f3n (-34,7%) y tejidos y acabados textiles (-34,1%).<\/p>\n\n\n\n<p><\/p>\n\n\n\n<figure class=\"wp-block-image size-large\"><img data-recalc-dims=\"1\" loading=\"lazy\" decoding=\"async\" width=\"800\" height=\"480\" src=\"https:\/\/i0.wp.com\/cdnoticias.com\/wp-content\/uploads\/2022\/04\/cemento-construccion-loma-negra-3.jpeg?resize=800%2C480&#038;ssl=1\" alt=\"\" class=\"wp-image-52307\" srcset=\"https:\/\/i0.wp.com\/cdnoticias.com\/wp-content\/uploads\/2022\/04\/cemento-construccion-loma-negra-3.jpeg?resize=1024%2C614&amp;ssl=1 1024w, https:\/\/i0.wp.com\/cdnoticias.com\/wp-content\/uploads\/2022\/04\/cemento-construccion-loma-negra-3.jpeg?resize=300%2C180&amp;ssl=1 300w, https:\/\/i0.wp.com\/cdnoticias.com\/wp-content\/uploads\/2022\/04\/cemento-construccion-loma-negra-3.jpeg?resize=768%2C461&amp;ssl=1 768w, https:\/\/i0.wp.com\/cdnoticias.com\/wp-content\/uploads\/2022\/04\/cemento-construccion-loma-negra-3.jpeg?w=1280&amp;ssl=1 1280w\" sizes=\"auto, (max-width: 800px) 100vw, 800px\" \/><\/figure>\n\n\n\n<p><\/p>\n\n\n\n<blockquote class=\"wp-block-quote is-layout-flow wp-block-quote-is-layout-flow\">\n<p>Por su parte, la divisi\u00f3n productos minerales no met\u00e1licos mostr\u00f3 un incremento interanual de 1,1%, impulsado por el crecimiento del cemento (+8,2%) y de los art\u00edculos de cemento y yeso (+21,6%). <\/p>\n<\/blockquote>\n\n\n\n<p><\/p>\n\n\n\n<p>Tambi\u00e9n exhibieron variaciones positivas sectores como <strong>industrias met\u00e1licas b\u00e1sicas (+0,9%) <\/strong>y <strong>Refinaci\u00f3n del petr\u00f3leo, coque y combustible nuclear (+3,2%)<\/strong>.<\/p>\n\n\n\n<p><\/p>\n\n\n\n<p>Finalmente, el informe indica <strong>descensos en ramas vinculadas con bienes de capital<\/strong>, como productos de metal (-8,1%) y maquinaria y equipo (-2,2%). En cambio, otros equipos, aparatos e instrumentos verific\u00f3 una suba de 2% interanual.<\/p>\n\n\n\n<p><\/p>\n\n\n\n<p>Fuente:<em> Agencia DIB<\/em><\/p>\n","protected":false},"excerpt":{"rendered":"<p>En construcci\u00f3n, el acumulado de los primeros 10 meses del a\u00f1o present\u00f3 una suba de 7,9%. En la industria, el<\/p>\n","protected":false},"author":4,"featured_media":91930,"comment_status":"closed","ping_status":"closed","sticky":false,"template":"","format":"standard","meta":{"_jetpack_memberships_contains_paid_content":false,"footnotes":""},"categories":[6,1],"tags":[],"class_list":["post-190071","post","type-post","status-publish","format-standard","has-post-thumbnail","hentry","category-nacionales","category-portada"],"jetpack_featured_media_url":"https:\/\/i0.wp.com\/cdnoticias.com\/wp-content\/uploads\/2023\/08\/construccion-obra-02.jpg?fit=800%2C445&ssl=1","jetpack_sharing_enabled":true,"_links":{"self":[{"href":"https:\/\/cdnoticias.com\/index.php\/wp-json\/wp\/v2\/posts\/190071","targetHints":{"allow":["GET"]}}],"collection":[{"href":"https:\/\/cdnoticias.com\/index.php\/wp-json\/wp\/v2\/posts"}],"about":[{"href":"https:\/\/cdnoticias.com\/index.php\/wp-json\/wp\/v2\/types\/post"}],"author":[{"embeddable":true,"href":"https:\/\/cdnoticias.com\/index.php\/wp-json\/wp\/v2\/users\/4"}],"replies":[{"embeddable":true,"href":"https:\/\/cdnoticias.com\/index.php\/wp-json\/wp\/v2\/comments?post=190071"}],"version-history":[{"count":0,"href":"https:\/\/cdnoticias.com\/index.php\/wp-json\/wp\/v2\/posts\/190071\/revisions"}],"wp:featuredmedia":[{"embeddable":true,"href":"https:\/\/cdnoticias.com\/index.php\/wp-json\/wp\/v2\/media\/91930"}],"wp:attachment":[{"href":"https:\/\/cdnoticias.com\/index.php\/wp-json\/wp\/v2\/media?parent=190071"}],"wp:term":[{"taxonomy":"category","embeddable":true,"href":"https:\/\/cdnoticias.com\/index.php\/wp-json\/wp\/v2\/categories?post=190071"},{"taxonomy":"post_tag","embeddable":true,"href":"https:\/\/cdnoticias.com\/index.php\/wp-json\/wp\/v2\/tags?post=190071"}],"curies":[{"name":"wp","href":"https:\/\/api.w.org\/{rel}","templated":true}]}}