{"id":190041,"date":"2025-12-10T17:56:13","date_gmt":"2025-12-10T20:56:13","guid":{"rendered":"https:\/\/cdnoticias.com\/?p=190041"},"modified":"2025-12-10T17:56:16","modified_gmt":"2025-12-10T20:56:16","slug":"escuela-ediciones-lanza-el-segundo-volumen-de-su-catalogo-viajes","status":"publish","type":"post","link":"https:\/\/cdnoticias.com\/index.php\/2025\/12\/10\/escuela-ediciones-lanza-el-segundo-volumen-de-su-catalogo-viajes\/","title":{"rendered":"Escuela Ediciones lanza el segundo volumen de su cat\u00e1logo: \u201cViajes\u201d"},"content":{"rendered":"\n<p>La presentaci\u00f3n, con entrada libre y gratuita, ser\u00e1 el viernes 12 de diciembre a las 19 horas, en el Centro Cultural San Jos\u00e9.<\/p>\n\n\n\n<hr class=\"wp-block-separator aligncenter has-alpha-channel-opacity\"\/>\n\n\n\n<p>Desde la <strong>Escuela Municipal de Artes Pl\u00e1sticas de Sierras Bayas<\/strong> se invita a participar del<strong> lanzamiento de la editorial Escuela Ediciones<\/strong> con la <strong>presentaci\u00f3n del segundo volumen de su cat\u00e1logo: \u201cViajes\u201d de Mario Arabito.<\/strong><\/p>\n\n\n\n<p><\/p>\n\n\n\n<blockquote class=\"wp-block-quote is-layout-flow wp-block-quote-is-layout-flow\">\n<p>La presentaci\u00f3n, con entrada libre y gratuita, ser\u00e1 el viernes 12 de diciembre a las 19 horas, en el Centro Cultural San Jos\u00e9 y estar\u00e1 a cargo de la Arquitecta Agustina Carreira Neto y la Arquitecta Silvia Tellez.<\/p>\n<\/blockquote>\n\n\n\n<p><\/p>\n\n\n\n<p>Seg\u00fan cuenta su autor, <strong>la pr\u00e1ctica del dibujo ha sido desde siempre para los arquitectos,<\/strong> la herramienta imprescindible para prefigurar, antes de su materializaci\u00f3n, el objeto de su quehacer diario. Es decir, <strong>proyectos de edificios y de transformaciones urbanas.<\/strong><\/p>\n\n\n\n<p><\/p>\n\n\n\n<p>Tambi\u00e9n, los croquis ejecutados in situ permiten el reconocimiento y an\u00e1lisis de los lugares donde ser\u00e1 implantada una obra. Las im\u00e1genes digitales, renders y planos t\u00e9cnicos, han transformado hoy la manera de <strong>transmitir la idea de un objeto que a\u00fan no existe<\/strong>. Pero el dibujo donde la mano ejecuta lo que la reflexi\u00f3n, la imaginaci\u00f3n y el sentimiento, interact\u00faan, no ha perdido su eficacia.<\/p>\n\n\n\n<p><\/p>\n\n\n\n<p>Los croquis presentados en esta publicaci\u00f3n transmiten la voluntad de apropiaci\u00f3n sobre un sitio, sea este paisaje natural o construido, urbano o rural.\u00a0Se trata de registrar con precisi\u00f3n y s\u00edntesis los elementos que el ojo selecciona. De esto tratan estos <strong>dibujos de Mario Arabito, tomados de paisajes y lugares que por su calidad lo han cautivado.<\/strong><\/p>\n","protected":false},"excerpt":{"rendered":"<p>La presentaci\u00f3n, con entrada libre y gratuita, ser\u00e1 el viernes 12 de diciembre a las 19 horas, en el Centro<\/p>\n","protected":false},"author":6,"featured_media":176749,"comment_status":"closed","ping_status":"closed","sticky":false,"template":"","format":"standard","meta":{"_jetpack_memberships_contains_paid_content":false,"footnotes":""},"categories":[9,1],"tags":[],"class_list":["post-190041","post","type-post","status-publish","format-standard","has-post-thumbnail","hentry","category-cultura","category-portada"],"jetpack_featured_media_url":"https:\/\/i0.wp.com\/cdnoticias.com\/wp-content\/uploads\/2025\/07\/centro-cultural-municipal-san-jose-3.jpeg?fit=1000%2C563&ssl=1","jetpack_sharing_enabled":true,"_links":{"self":[{"href":"https:\/\/cdnoticias.com\/index.php\/wp-json\/wp\/v2\/posts\/190041","targetHints":{"allow":["GET"]}}],"collection":[{"href":"https:\/\/cdnoticias.com\/index.php\/wp-json\/wp\/v2\/posts"}],"about":[{"href":"https:\/\/cdnoticias.com\/index.php\/wp-json\/wp\/v2\/types\/post"}],"author":[{"embeddable":true,"href":"https:\/\/cdnoticias.com\/index.php\/wp-json\/wp\/v2\/users\/6"}],"replies":[{"embeddable":true,"href":"https:\/\/cdnoticias.com\/index.php\/wp-json\/wp\/v2\/comments?post=190041"}],"version-history":[{"count":0,"href":"https:\/\/cdnoticias.com\/index.php\/wp-json\/wp\/v2\/posts\/190041\/revisions"}],"wp:featuredmedia":[{"embeddable":true,"href":"https:\/\/cdnoticias.com\/index.php\/wp-json\/wp\/v2\/media\/176749"}],"wp:attachment":[{"href":"https:\/\/cdnoticias.com\/index.php\/wp-json\/wp\/v2\/media?parent=190041"}],"wp:term":[{"taxonomy":"category","embeddable":true,"href":"https:\/\/cdnoticias.com\/index.php\/wp-json\/wp\/v2\/categories?post=190041"},{"taxonomy":"post_tag","embeddable":true,"href":"https:\/\/cdnoticias.com\/index.php\/wp-json\/wp\/v2\/tags?post=190041"}],"curies":[{"name":"wp","href":"https:\/\/api.w.org\/{rel}","templated":true}]}}