{"id":190035,"date":"2025-12-10T08:28:41","date_gmt":"2025-12-10T11:28:41","guid":{"rendered":"https:\/\/cdnoticias.com\/?p=190035"},"modified":"2025-12-10T08:28:42","modified_gmt":"2025-12-10T11:28:42","slug":"se-llevara-a-cabo-el-taller-eso-que-llaman-monotributo","status":"publish","type":"post","link":"https:\/\/cdnoticias.com\/index.php\/2025\/12\/10\/se-llevara-a-cabo-el-taller-eso-que-llaman-monotributo\/","title":{"rendered":"Se llevar\u00e1 a cabo el taller \u201cEso que llaman Monotributo\u201d"},"content":{"rendered":"\n<p>Ser\u00e1 este jueves 11 de diciembre en el Centro Interdisciplinario de Innovaci\u00f3n Tecnol\u00f3gica. Inscripci\u00f3n abierta.&nbsp;<\/p>\n\n\n\n<hr class=\"wp-block-separator aligncenter has-alpha-channel-opacity\"\/>\n\n\n\n<p>Este <strong>jueves 11 de diciembre<\/strong> se llevar\u00e1 a cabo el<strong> taller \u201cEso que llaman Monotributo\u201d, <\/strong>una propuesta impulsada y que ser\u00e1 adem\u00e1s encabezada desde la Coordinaci\u00f3n de Econom\u00eda Popular, dependiente de la Secretar\u00eda de Desarrollo Econ\u00f3mico y Productivo.<\/p>\n\n\n\n<p><\/p>\n\n\n\n<p>La jornada se realizar\u00e1 de<strong> 9 a 11 horas en el Centro Interdisciplinario de Innovaci\u00f3n Tecnol\u00f3gica,<\/strong> ubicado en el edificio del <strong>Museo de Ciencias, en el Polo Recreativo y Educativo Municipal \u201cLa M\u00e1xima\u201d.<\/strong><\/p>\n\n\n\n<p><\/p>\n\n\n\n<blockquote class=\"wp-block-quote is-layout-flow wp-block-quote-is-layout-flow\">\n<p>En la ocasi\u00f3n, entre distintos contenidos, se abordar\u00e1n preguntas tales como \u00bfpara qu\u00e9 y porqu\u00e9 formalizar un emprendimiento? \u00bfc\u00f3mo formalizar mi proyecto?, adem\u00e1s de ventajas y desventajas de la formalizaci\u00f3n, formalizaci\u00f3n legal e impositiva, metodolog\u00eda, peque\u00f1os versus grandes contribuyentes, r\u00e9gimen actual para peque\u00f1os contribuyentes, introducci\u00f3n para la inscripci\u00f3n y gesti\u00f3n en los organismos intervinientes, seguimiento y control, programas sociales o de exenci\u00f3n impositiva vigentes.<\/p>\n<\/blockquote>\n\n\n\n<p><\/p>\n\n\n\n<p>Se tratar\u00e1 de <strong>un \u00fanico encuentro<\/strong>, con una duraci\u00f3n aproximada de 150 minutos. Quienes quieran sumarse<strong> podr\u00e1n anotarse<\/strong> haciendo <a href=\"https:\/\/docs.google.com\/forms\/d\/e\/1FAIpQLScSIkbSoVtuIFSZYc7Mz8qOXi5i2Hel8dJQDidRToRBFp01kw\/viewform\" target=\"_blank\" rel=\"noreferrer noopener\"><strong>click aqu\u00ed<\/strong><\/a>.<\/p>\n\n\n\n<p><\/p>\n\n\n\n<p>La propuesta est\u00e1 <strong>destinada a trabajadores y trabajadoras de la econom\u00eda popular<\/strong> que lleven adelante diferentes emprendimientos productivos o de servicios, y que tengan la intenci\u00f3n de formalizar sus proyectos.<\/p>\n\n\n\n<p><\/p>\n","protected":false},"excerpt":{"rendered":"<p>Ser\u00e1 este jueves 11 de diciembre en el Centro Interdisciplinario de Innovaci\u00f3n Tecnol\u00f3gica. Inscripci\u00f3n abierta.&nbsp; Este jueves 11 de diciembre<\/p>\n","protected":false},"author":6,"featured_media":172889,"comment_status":"closed","ping_status":"closed","sticky":false,"template":"","format":"standard","meta":{"_jetpack_memberships_contains_paid_content":false,"footnotes":""},"categories":[5,1],"tags":[],"class_list":["post-190035","post","type-post","status-publish","format-standard","has-post-thumbnail","hentry","category-informacion-general","category-portada"],"jetpack_featured_media_url":"https:\/\/i0.wp.com\/cdnoticias.com\/wp-content\/uploads\/2025\/06\/polo-educativo-la-maxima-inauguracion5.png?fit=891%2C513&ssl=1","jetpack_sharing_enabled":true,"_links":{"self":[{"href":"https:\/\/cdnoticias.com\/index.php\/wp-json\/wp\/v2\/posts\/190035","targetHints":{"allow":["GET"]}}],"collection":[{"href":"https:\/\/cdnoticias.com\/index.php\/wp-json\/wp\/v2\/posts"}],"about":[{"href":"https:\/\/cdnoticias.com\/index.php\/wp-json\/wp\/v2\/types\/post"}],"author":[{"embeddable":true,"href":"https:\/\/cdnoticias.com\/index.php\/wp-json\/wp\/v2\/users\/6"}],"replies":[{"embeddable":true,"href":"https:\/\/cdnoticias.com\/index.php\/wp-json\/wp\/v2\/comments?post=190035"}],"version-history":[{"count":0,"href":"https:\/\/cdnoticias.com\/index.php\/wp-json\/wp\/v2\/posts\/190035\/revisions"}],"wp:featuredmedia":[{"embeddable":true,"href":"https:\/\/cdnoticias.com\/index.php\/wp-json\/wp\/v2\/media\/172889"}],"wp:attachment":[{"href":"https:\/\/cdnoticias.com\/index.php\/wp-json\/wp\/v2\/media?parent=190035"}],"wp:term":[{"taxonomy":"category","embeddable":true,"href":"https:\/\/cdnoticias.com\/index.php\/wp-json\/wp\/v2\/categories?post=190035"},{"taxonomy":"post_tag","embeddable":true,"href":"https:\/\/cdnoticias.com\/index.php\/wp-json\/wp\/v2\/tags?post=190035"}],"curies":[{"name":"wp","href":"https:\/\/api.w.org\/{rel}","templated":true}]}}