{"id":190020,"date":"2025-12-09T13:49:02","date_gmt":"2025-12-09T16:49:02","guid":{"rendered":"https:\/\/cdnoticias.com\/?p=190020"},"modified":"2025-12-09T13:49:04","modified_gmt":"2025-12-09T16:49:04","slug":"jura-en-la-legislatura-evelyn-diaz-asumio-como-senadora-provincial","status":"publish","type":"post","link":"https:\/\/cdnoticias.com\/index.php\/2025\/12\/09\/jura-en-la-legislatura-evelyn-diaz-asumio-como-senadora-provincial\/","title":{"rendered":"Jura en la Legislatura: Evelyn D\u00edaz asumi\u00f3 como senadora provincial"},"content":{"rendered":"<p>La vicegobernadora y presidenta de la C\u00e1mara Alta, Ver\u00f3nica Magario, tom\u00f3 los juramentos. Las licencias. La interna oficialista que dej\u00f3 a un \u201clibertario dialoguista\u201d como \u00fanico vicepresidente.<!--more--><\/p>\n<hr \/>\n<p>En Sesi\u00f3n Preparatoria, la<strong> vicegobernadora bonaerense Ver\u00f3nica Magario, tom\u00f3 juramento a las y los senadores electos<\/strong> durante las \u00faltimas elecciones legislativas provinciales. El acto se desarroll\u00f3 este lunes.<\/p>\n<blockquote><p>De esta manera, la olavarriense Evelyn D\u00edaz qued\u00f3 formalmente integrada a la C\u00e1mara en el bloque de Uni\u00f3n por la Patria. \u201cPor mi familia, por mis compa\u00f1eros y compa\u00f1eras, por N\u00e9stor y por la libertad de Cristina, s\u00ed, juro\u201d expres\u00f3 la ya senadora en su asunci\u00f3n. <a href=\"https:\/\/cdnoticias.com\/index.php\/2025\/12\/02\/evelyn-diaz-recibio-su-diploma-como-senadora-provincial\/\" target=\"_blank\" rel=\"noopener\">La semana anterior hab\u00eda recibido el diploma que la habilitaba a asumir<\/a>.<\/p><\/blockquote>\n<p><img data-recalc-dims=\"1\" loading=\"lazy\" decoding=\"async\" class=\"alignnone size-full wp-image-190023\" src=\"https:\/\/i0.wp.com\/cdnoticias.com\/wp-content\/uploads\/2025\/12\/evelyn-diaz-senadora-02.jpg?resize=800%2C446&#038;ssl=1\" alt=\"\" width=\"800\" height=\"446\" srcset=\"https:\/\/i0.wp.com\/cdnoticias.com\/wp-content\/uploads\/2025\/12\/evelyn-diaz-senadora-02.jpg?w=1000&amp;ssl=1 1000w, https:\/\/i0.wp.com\/cdnoticias.com\/wp-content\/uploads\/2025\/12\/evelyn-diaz-senadora-02.jpg?resize=300%2C167&amp;ssl=1 300w, https:\/\/i0.wp.com\/cdnoticias.com\/wp-content\/uploads\/2025\/12\/evelyn-diaz-senadora-02.jpg?resize=768%2C428&amp;ssl=1 768w, https:\/\/i0.wp.com\/cdnoticias.com\/wp-content\/uploads\/2025\/12\/evelyn-diaz-senadora-02.jpg?resize=800%2C445&amp;ssl=1 800w\" sizes=\"auto, (max-width: 800px) 100vw, 800px\" \/><\/p>\n<p>Junto a ella, asumieron <strong>otros dos representantes de la S\u00e9ptima secci\u00f3n<\/strong> por el oficialismo bonaerense:<strong> In\u00e9s Laurini de Azul y Marcos Pissano de Bol\u00edvar.<\/strong><\/p>\n<p>El ex legislador provincial y referente del peronismo seccional,<strong> C\u00e9sar Valicenti<\/strong>, destac\u00f3 que con la asunci\u00f3n <strong>\u201cse consolid\u00f3 el gran trabajo de la S\u00e9ptima secci\u00f3n para fortalecer el protagonismo del Peronismo en el Senado PBA<\/strong>. Con humildad y compromiso, siempre representando a nuestros pueblos del interior bonaerense\u201d.<\/p>\n<blockquote class=\"twitter-tweet\">\n<p dir=\"ltr\" lang=\"es\">Desde donde nos toque, vamos a aportar para construir una Patria libre, justa y soberana. Por la memoria de N\u00e9stor y por la libertad de <a href=\"https:\/\/twitter.com\/CFKArgentina?ref_src=twsrc%5Etfw\">@CFKArgentina<\/a>. <a href=\"https:\/\/t.co\/rItSSgkaJj\">pic.twitter.com\/rItSSgkaJj<\/a><\/p>\n<p>\u2014 Cesar Valicenti (@CesarValicenti) <a href=\"https:\/\/twitter.com\/CesarValicenti\/status\/1998170034657784200?ref_src=twsrc%5Etfw\">December 8, 2025<\/a><\/p><\/blockquote>\n<p><script async src=\"https:\/\/platform.twitter.com\/widgets.js\" charset=\"utf-8\"><\/script><\/p>\n<h3>Los nuevos senadores<\/h3>\n<p>Este lunes iniciaron su per\u00edodo legislativo <strong>representando a Uni\u00f3n por la Patria:<\/strong> Gabriel Katopodis, Malena Galmarini, Mario Ishii, M\u00f3nica Macha y Fernando Coronel (primera secci\u00f3n); Diego Videla, Valeria Arata y Germ\u00e1n Lago (cuarta secci\u00f3n), Fernanda Raverta y Jorge Paredi (quinta secci\u00f3n), Mar\u00eda In\u00e9s Laurini, Marcos Pisano y Evelyn D\u00edaz (s\u00e9ptima secci\u00f3n).<\/p>\n<p>Por<strong> La Libertad Avanza<\/strong>, arribaron a la C\u00e1mara Alta: Diego Valenzuela, Mar\u00eda Luz Bambaci y Luciano Olivera (primera secci\u00f3n), Gonzalo Cabezas y Anal\u00eda Balaudo (cuarta secci\u00f3n), Guillermo Montenegro, Mar\u00eda Cecilia Mart\u00ednez y Mat\u00edas de Urraza (quinta secci\u00f3n).<\/p>\n<blockquote class=\"twitter-tweet\">\n<p dir=\"ltr\" lang=\"es\">\u270bJuraron senadoras y senadores de la s\u00e9ptima secci\u00f3n<\/p>\n<p>\u25aa\ufe0f Mar\u00eda In\u00e9s Laurini<br \/>\n\u25aa\ufe0f <a href=\"https:\/\/twitter.com\/MarcosEPisano?ref_src=twsrc%5Etfw\">@MarcosEPisano<\/a><br \/>\n\u25aa\ufe0f Evelyn D\u00edaz <a href=\"https:\/\/t.co\/cKXdrzHzQk\">pic.twitter.com\/cKXdrzHzQk<\/a><\/p>\n<p>\u2014 Senado BA (@Senado_BA) <a href=\"https:\/\/twitter.com\/Senado_BA\/status\/1998143975761609003?ref_src=twsrc%5Etfw\">December 8, 2025<\/a><\/p><\/blockquote>\n<p><script async src=\"https:\/\/platform.twitter.com\/widgets.js\" charset=\"utf-8\"><\/script><\/p>\n<p>Por el bloque <strong>Somos Buenos Aires<\/strong>, juraron: Pablo Petrecca y Natalia Quintana (cuarta secci\u00f3n).<\/p>\n<p>Sobre el final de la sesi\u00f3n preparatoria, se fijaron los <em>d\u00edas y horas para desarrollar las sesiones ordinarias<\/em> correspondientes al 154\u00b0 per\u00edodo legislativo: martes, mi\u00e9rcoles y jueves a partir de las 14 horas.<\/p>\n<h3>Pol\u00e9mica por licencias<\/h3>\n<p>La primera sorpresa lleg\u00f3 r\u00e1pido: <strong>Katopodis, ministro de Infraestructura del gobierno de Axel Kicillof, pidi\u00f3 licencia<\/strong> apenas terminada su jura para permanecer en el gabinete.<\/p>\n<p><img data-recalc-dims=\"1\" loading=\"lazy\" decoding=\"async\" class=\"alignnone size-full wp-image-190022 aligncenter\" src=\"https:\/\/i0.wp.com\/cdnoticias.com\/wp-content\/uploads\/2025\/12\/evelyn-diaz-senadora-ines-laurini-03.jpg?resize=800%2C445&#038;ssl=1\" alt=\"\" width=\"800\" height=\"445\" srcset=\"https:\/\/i0.wp.com\/cdnoticias.com\/wp-content\/uploads\/2025\/12\/evelyn-diaz-senadora-ines-laurini-03.jpg?w=1000&amp;ssl=1 1000w, https:\/\/i0.wp.com\/cdnoticias.com\/wp-content\/uploads\/2025\/12\/evelyn-diaz-senadora-ines-laurini-03.jpg?resize=300%2C167&amp;ssl=1 300w, https:\/\/i0.wp.com\/cdnoticias.com\/wp-content\/uploads\/2025\/12\/evelyn-diaz-senadora-ines-laurini-03.jpg?resize=768%2C427&amp;ssl=1 768w, https:\/\/i0.wp.com\/cdnoticias.com\/wp-content\/uploads\/2025\/12\/evelyn-diaz-senadora-ines-laurini-03.jpg?resize=800%2C445&amp;ssl=1 800w\" sizes=\"auto, (max-width: 800px) 100vw, 800px\" \/><\/p>\n<p>Minutos despu\u00e9s hizo lo mismo el libertario <strong>Diego Valenzuela, intendente de Tres de Febrero<\/strong>, quien tampoco ocupar\u00e1 su banca porque aspira a desempe\u00f1ar funciones en el gobierno nacional. El jefe comunal, primero en saltar desde el PRO a La Libertad Avanza, suena como principal candidato para<strong> asumir en la renovada Agencia Nacional de Migraciones<\/strong>, que depende del Ministerio de Seguridad.<\/p>\n<p>Ambas licencias fueron luego el disparador de <strong>uno de los debates m\u00e1s \u00e1speros de la tarde<\/strong>.<\/p>\n<h3>Galmarini ovacionada<\/h3>\n<p>Entre las escenas m\u00e1s destacadas figur\u00f3 el juramento de Galmarini, ovacionada en un palco donde se encontraba Sergio Massa, y la presencia de un nutrido grupo de militantes acompa\u00f1ando a Ishii. Tambi\u00e9n gener\u00f3 repercusi\u00f3n el mensaje de M\u00f3nica Macha, quien asumi\u00f3 \u201cpor Cristina libre\u201d, lo que reforz\u00f3 el tono pol\u00edtico del evento.<\/p>\n<p>El trasfondo de tensiones se hizo evidente cuando deb\u00eda resolverse la elecci\u00f3n de autoridades de la C\u00e1mara, un paso habitual en esta instancia y clave para definir el manejo pol\u00edtico y presupuestario del Senado.<\/p>\n<p>Con 24 senadores, el oficialismo de Uni\u00f3n por la Patria cuenta con mayor\u00eda propia, pero la fractura interna impidi\u00f3 llegar a un acuerdo sobre la vicepresidencia primera, un cargo que, de acuerdo con la tradici\u00f3n, corresponde al bloque mayoritario.<\/p>\n<p><img data-recalc-dims=\"1\" loading=\"lazy\" decoding=\"async\" class=\"alignnone size-full wp-image-190021 aligncenter\" src=\"https:\/\/i0.wp.com\/cdnoticias.com\/wp-content\/uploads\/2025\/12\/evelyn-diaz-senadora-01.jpg?resize=800%2C445&#038;ssl=1\" alt=\"\" width=\"800\" height=\"445\" srcset=\"https:\/\/i0.wp.com\/cdnoticias.com\/wp-content\/uploads\/2025\/12\/evelyn-diaz-senadora-01.jpg?w=1000&amp;ssl=1 1000w, https:\/\/i0.wp.com\/cdnoticias.com\/wp-content\/uploads\/2025\/12\/evelyn-diaz-senadora-01.jpg?resize=300%2C167&amp;ssl=1 300w, https:\/\/i0.wp.com\/cdnoticias.com\/wp-content\/uploads\/2025\/12\/evelyn-diaz-senadora-01.jpg?resize=768%2C427&amp;ssl=1 768w, https:\/\/i0.wp.com\/cdnoticias.com\/wp-content\/uploads\/2025\/12\/evelyn-diaz-senadora-01.jpg?resize=800%2C445&amp;ssl=1 800w\" sizes=\"auto, (max-width: 800px) 100vw, 800px\" \/><\/p>\n<h3><\/h3>\n<h3>Las disputas<\/h3>\n<p>El gobernador Kicillof y Magario<strong> impulsaban a la bahiense Ayel\u00e9n Dur\u00e1n, de La Patria es el Otro<\/strong>, el espacio referenciado en Andr\u00e9s \u201cCuervo\u201d Larroque. Pero esa postulaci\u00f3n gener\u00f3 <strong>resistencias tanto en La C\u00e1mpora<\/strong> como en el massismo. Malena Galmarini aspiraba a ocupar el puesto, al igual que Mario Ishii, uno de los dirigentes territoriales con m\u00e1s peso propio.<\/p>\n<blockquote><p>La falta de consensos forz\u00f3 el cierre abrupto de la sesi\u00f3n sin renovar la mesa directiva, un hecho excepcional que dej\u00f3 en evidencia la magnitud del conflicto interno.<\/p><\/blockquote>\n<p>En medio del debate, <strong>el senador Sergio Berni pidi\u00f3 un cuarto intermedio<\/strong> sin horario para discutir la <strong>elecci\u00f3n de autoridades<\/strong>, pero su moci\u00f3n no alcanz\u00f3 los dos tercios necesarios. Minutos m\u00e1s tarde, Berni envi\u00f3 una carta a Magario <strong>denunciando una supuesta violaci\u00f3n del reglamento interno<\/strong>: sostuvo que las licencias de Katopodis y Valenzuela no pod\u00edan votarse en una sesi\u00f3n preparatoria y calific\u00f3 el acto como \u201cnulo de nulidad absoluta\u201d.<\/p>\n<p>La discusi\u00f3n dej\u00f3 un efecto concreto: <strong>el senador Carlos Kikuchi, ex armador pol\u00edtico de Javier Milei en la provincia, qued\u00f3 como \u00fanico vicepresidente en ejercicio<\/strong>. Al no haberse renovado las autoridades, Kikuchi -hoy parte de un bloque dialoguista- es, por el momento, la \u00fanica figura habilitada para presidir el Senado en ausencia de Magario.<\/p>\n<p>Fuentes:<em> informaci\u00f3n propia, Senado BA y Agencia DIB<\/em><\/p>\n<p><iframe loading=\"lazy\" title=\"YouTube video player\" src=\"https:\/\/www.youtube.com\/embed\/R_kt4VTbTHI?si=E2qbmugq1pr59Amr&amp;start=4306\" width=\"560\" height=\"315\" frameborder=\"0\" allowfullscreen=\"allowfullscreen\"><\/iframe><\/p>\n","protected":false},"excerpt":{"rendered":"<p>La vicegobernadora y presidenta de la C\u00e1mara Alta, Ver\u00f3nica Magario, tom\u00f3 los juramentos. Las licencias. La interna oficialista que dej\u00f3<\/p>\n","protected":false},"author":4,"featured_media":190024,"comment_status":"closed","ping_status":"closed","sticky":false,"template":"","format":"standard","meta":{"_jetpack_memberships_contains_paid_content":false,"footnotes":""},"categories":[4,1],"tags":[],"class_list":["post-190020","post","type-post","status-publish","format-standard","has-post-thumbnail","hentry","category-politica","category-portada"],"jetpack_featured_media_url":"https:\/\/i0.wp.com\/cdnoticias.com\/wp-content\/uploads\/2025\/12\/evelyn-diaz-senadora-00.jpg?fit=1000%2C556&ssl=1","jetpack_sharing_enabled":true,"_links":{"self":[{"href":"https:\/\/cdnoticias.com\/index.php\/wp-json\/wp\/v2\/posts\/190020","targetHints":{"allow":["GET"]}}],"collection":[{"href":"https:\/\/cdnoticias.com\/index.php\/wp-json\/wp\/v2\/posts"}],"about":[{"href":"https:\/\/cdnoticias.com\/index.php\/wp-json\/wp\/v2\/types\/post"}],"author":[{"embeddable":true,"href":"https:\/\/cdnoticias.com\/index.php\/wp-json\/wp\/v2\/users\/4"}],"replies":[{"embeddable":true,"href":"https:\/\/cdnoticias.com\/index.php\/wp-json\/wp\/v2\/comments?post=190020"}],"version-history":[{"count":0,"href":"https:\/\/cdnoticias.com\/index.php\/wp-json\/wp\/v2\/posts\/190020\/revisions"}],"wp:featuredmedia":[{"embeddable":true,"href":"https:\/\/cdnoticias.com\/index.php\/wp-json\/wp\/v2\/media\/190024"}],"wp:attachment":[{"href":"https:\/\/cdnoticias.com\/index.php\/wp-json\/wp\/v2\/media?parent=190020"}],"wp:term":[{"taxonomy":"category","embeddable":true,"href":"https:\/\/cdnoticias.com\/index.php\/wp-json\/wp\/v2\/categories?post=190020"},{"taxonomy":"post_tag","embeddable":true,"href":"https:\/\/cdnoticias.com\/index.php\/wp-json\/wp\/v2\/tags?post=190020"}],"curies":[{"name":"wp","href":"https:\/\/api.w.org\/{rel}","templated":true}]}}