{"id":190003,"date":"2025-12-09T16:03:36","date_gmt":"2025-12-09T19:03:36","guid":{"rendered":"https:\/\/cdnoticias.com\/?p=190003"},"modified":"2025-12-09T16:03:40","modified_gmt":"2025-12-09T19:03:40","slug":"nuevo-curso-de-comunicacion-estrategica-en-la-era-digital","status":"publish","type":"post","link":"https:\/\/cdnoticias.com\/index.php\/2025\/12\/09\/nuevo-curso-de-comunicacion-estrategica-en-la-era-digital\/","title":{"rendered":"Nuevo curso de comunicaci\u00f3n estrat\u00e9gica en la era digital"},"content":{"rendered":"\n<p>La propuesta estar\u00e1 a cargo de la Licenciada y Periodista Olivia Orsatti. Los encuentros ser\u00e1n presenciales y se desarrollar\u00e1n en el Centro Cultural Universitario de 18 a 20.<\/p>\n\n\n\n<hr class=\"wp-block-separator has-alpha-channel-opacity\"\/>\n\n\n\n<p>Esta semana comenzar\u00e1 el curso <strong>&#8220;Comunicaci\u00f3n Estrat\u00e9gica en la era digital Contar(se) en tiempos de informaci\u00f3n desbordada&#8221;.<\/strong> La propuesta estar\u00e1 a cargo de la <strong>Licenciada y Periodista Olivia Orsatti. <\/strong>El dictado del curso se dividir\u00e1 en <strong>cuatro clases, viernes 12\/12, lunes 15\/12, viernes 19\/12 y lunes 22\/12 en el Centro Cultural Universitario de 18 a 20, San Mart\u00edn 1955.<\/strong><\/p>\n\n\n\n<p><\/p>\n\n\n\n<p>El curso estar\u00e1 destinado a personas vinculadas con la <strong>comunicaci\u00f3n institucional, digital o pol\u00edtica; miembros de equipos de trabajo, emprendimientos, organizaciones sociales, empresas, sindicatos, partidos pol\u00edticos e instituciones p\u00fablicas. <\/strong>Adem\u00e1s, es importante mencionar que no se requieren conocimientos previos.<\/p>\n\n\n\n<p><\/p>\n\n\n\n<p>La propuesta busca poder analizar su propio ecosistema comunicacional, dise\u00f1ar estrategias y mensajes alineados con su identidad y objetivo, comprender el impacto simb\u00f3lico, pol\u00edtico y social de las narrativas digitales, desarrollar capacidades t\u00e9cnicas y reflexivas para intervenir con eficacia en entornos f\u00edsicos y virtuales.<\/p>\n\n\n\n<p><\/p>\n\n\n\n<p>Por otra parte, el desaf\u00edo central es pasar de comunicar por impulso a <strong>comunicar con prop\u00f3sito. <\/strong>Pensar, planificar y producir desde una l\u00f3gica estrat\u00e9gica que reconozca la comunicaci\u00f3n no solo como una herramienta de difusi\u00f3n, sino como un dispositivo de construcci\u00f3n de sentido, poder y transformaci\u00f3n social.<\/p>\n\n\n\n<p><\/p>\n\n\n\n<p>Entre los objetivos se destacan: brindar herramientas te\u00f3ricas y pr\u00e1cticas para el dise\u00f1o e implementaci\u00f3n de estrategias de comunicaci\u00f3n institucional y digital con enfoque estrat\u00e9gico, inclusivo y situado.<\/p>\n\n\n\n<p><\/p>\n\n\n\n<p>Comprender los principios de la comunicaci\u00f3n estrat\u00e9gica, dise\u00f1ar mensajes eficaces alineados con los objetivos institucionales, prevenir y abordar crisis comunicacionales.<\/p>\n\n\n\n<p><\/p>\n\n\n\n<p>Tambi\u00e9n, promover una comunicaci\u00f3n inclusiva y con enfoque de derechos, aplicar t\u00e9cnicas de redacci\u00f3n, edici\u00f3n y producci\u00f3n de contenido multiformato, aprender a gestionar identidades en redes sociales y crear contenido relevante para cada plataforma.<\/p>\n\n\n\n<p><\/p>\n\n\n\n<p><strong>Costos e inscripci\u00f3n<\/strong><\/p>\n\n\n\n<p><\/p>\n\n\n\n<p>Los\/as interesados\/as en inscribirse deber\u00e1n completar el formulario que se encuentra <a href=\"https:\/\/docs.google.com\/forms\/d\/e\/1FAIpQLSfJmJHbRKBI4Oj6cnhGao83QTbbwE4UcEc0SHfT_7AhCb55Tg\/viewform\" data-type=\"link\" data-id=\"https:\/\/docs.google.com\/forms\/d\/e\/1FAIpQLSfJmJHbRKBI4Oj6cnhGao83QTbbwE4UcEc0SHfT_7AhCb55Tg\/viewform\">disponible aqu\u00ed.<\/a><\/p>\n\n\n\n<p><\/p>\n\n\n\n<p>Una vez completo se deber\u00e1 efectuar el pago mediante factura electr\u00f3nica, la cual recibir\u00e1n en su correo electr\u00f3nico dentro de 48 horas h\u00e1biles a su preinscripci\u00f3n, para abonar en un centro de pagos.<\/p>\n\n\n\n<p><\/p>\n\n\n\n<p><strong>La propuesta tiene un costo de:<\/strong><\/p>\n\n\n\n<p><strong>-Para externos:<\/strong> un pago de $33.000<\/p>\n\n\n\n<p><\/p>\n\n\n\n<p><strong>-Para graduados\/as, docentes y nodocentes de FACSO: <\/strong>un pago de $26.000<\/p>\n\n\n\n<p><\/p>\n\n\n\n<p><strong>-Para estudiantes de UNICEN:<\/strong> 1 pago de $14.500<\/p>\n\n\n\n<p><\/p>\n\n\n\n<p>Para consultas podr\u00e1n comunicarse al email cursos@virtual.soc.unicen.edu.ar<\/p>\n","protected":false},"excerpt":{"rendered":"<p>La propuesta estar\u00e1 a cargo de la Licenciada y Periodista Olivia Orsatti. Los encuentros ser\u00e1n presenciales y se desarrollar\u00e1n en<\/p>\n","protected":false},"author":5,"featured_media":81938,"comment_status":"closed","ping_status":"closed","sticky":false,"template":"","format":"standard","meta":{"_jetpack_memberships_contains_paid_content":false,"footnotes":""},"categories":[5,1],"tags":[],"class_list":["post-190003","post","type-post","status-publish","format-standard","has-post-thumbnail","hentry","category-informacion-general","category-portada"],"jetpack_featured_media_url":"https:\/\/i0.wp.com\/cdnoticias.com\/wp-content\/uploads\/2023\/04\/Centro-Cultural-Universitario-1.jpg?fit=1280%2C712&ssl=1","jetpack_sharing_enabled":true,"_links":{"self":[{"href":"https:\/\/cdnoticias.com\/index.php\/wp-json\/wp\/v2\/posts\/190003","targetHints":{"allow":["GET"]}}],"collection":[{"href":"https:\/\/cdnoticias.com\/index.php\/wp-json\/wp\/v2\/posts"}],"about":[{"href":"https:\/\/cdnoticias.com\/index.php\/wp-json\/wp\/v2\/types\/post"}],"author":[{"embeddable":true,"href":"https:\/\/cdnoticias.com\/index.php\/wp-json\/wp\/v2\/users\/5"}],"replies":[{"embeddable":true,"href":"https:\/\/cdnoticias.com\/index.php\/wp-json\/wp\/v2\/comments?post=190003"}],"version-history":[{"count":0,"href":"https:\/\/cdnoticias.com\/index.php\/wp-json\/wp\/v2\/posts\/190003\/revisions"}],"wp:featuredmedia":[{"embeddable":true,"href":"https:\/\/cdnoticias.com\/index.php\/wp-json\/wp\/v2\/media\/81938"}],"wp:attachment":[{"href":"https:\/\/cdnoticias.com\/index.php\/wp-json\/wp\/v2\/media?parent=190003"}],"wp:term":[{"taxonomy":"category","embeddable":true,"href":"https:\/\/cdnoticias.com\/index.php\/wp-json\/wp\/v2\/categories?post=190003"},{"taxonomy":"post_tag","embeddable":true,"href":"https:\/\/cdnoticias.com\/index.php\/wp-json\/wp\/v2\/tags?post=190003"}],"curies":[{"name":"wp","href":"https:\/\/api.w.org\/{rel}","templated":true}]}}