{"id":18999,"date":"2021-04-15T19:48:34","date_gmt":"2021-04-15T22:48:34","guid":{"rendered":"http:\/\/www.centraldenoticias.com.ar\/?p=18999"},"modified":"2021-04-16T08:35:10","modified_gmt":"2021-04-16T11:35:10","slug":"provincia-puso-en-marcha-la-fase-2-y-en-olavarria-por-ahora-no-rigen-las-nuevas-restricciones","status":"publish","type":"post","link":"https:\/\/cdnoticias.com\/index.php\/2021\/04\/15\/provincia-puso-en-marcha-la-fase-2-y-en-olavarria-por-ahora-no-rigen-las-nuevas-restricciones\/","title":{"rendered":"Provincia puso en marcha la \u201cFase 2\u201d y en Olavarr\u00eda, por ahora, no rigen las nuevas restricciones"},"content":{"rendered":"<p>En una conferencia de prensa con alto contenido pol\u00edtico, el gobernador explic\u00f3 que las medidas anunciadas por el Presidente regir\u00e1n, por ahora, solo en los distritos del conurbano.<!--more--><\/p>\n<hr \/>\n<p>En una rueda de prensa seguida de cerca por muchos actores y sectores, el gobernador bonaerense ratific\u00f3 la adhesi\u00f3n a las <a href=\"https:\/\/cdnoticias.com\/index.php\/2021\/04\/14\/segunda-ola-el-presidente-ordeno-cerrar-las-escuelas-en-el-amba\/\" target=\"_blank\" rel=\"noopener\">medidas anunciadas por el presidente Alberto Fern\u00e1ndez en la noche del pasado mi\u00e9rcoles<\/a>. <strong>La expectativa, y por qu\u00e9 no la incertidumbre, gir\u00f3 en torno a si esas restricciones iban a tener su eco en el interior de Buenos Aires, algo que por el momento no suceder\u00e1, seg\u00fan expres\u00f3 Axel Kicillof.<\/strong><\/p>\n<p>&nbsp;<\/p>\n<p>El mandatario bonaerense explic\u00f3 las medidas regir\u00e1n \u00fanicamente en los 40 distritos del conurbano bonaerense, que junto con la Ciudad Aut\u00f3noma de Buenos Aires conforman el denominado AMBA, precisamente donde se centralizaron todas las medidas anunciadas en cadena nacional por Alberto Fern\u00e1ndez.<strong> El gobernador explic\u00f3 que cada uno de esos municipios ahora se encuentran en lo que se comenz\u00f3 a denominar como \u201cfase 2\u201d.<\/strong><\/p>\n<p>&nbsp;<\/p>\n<p><iframe loading=\"lazy\" title=\"YouTube video player\" src=\"https:\/\/www.youtube.com\/embed\/hqYljHvntAQ\" width=\"560\" height=\"315\" frameborder=\"0\" allowfullscreen=\"allowfullscreen\"><\/iframe><\/p>\n<p>&nbsp;<\/p>\n<p>Vale recordar que se trata de la <strong>prohibici\u00f3n en la circulaci\u00f3n nocturna en el horario de 20 a 6, adem\u00e1s del cierre de comercios no esenciales a las 19. Adem\u00e1s ese horario ser\u00e1 el tope para aquellos del rubro gastron\u00f3mico, que a partir de las 19 s\u00f3lo podr\u00e1n seguir funcionando en la modalidad delivery. Adem\u00e1s, en la medida que m\u00e1s pol\u00e9mica despert\u00f3, fue el retorno a la virtualidad en las clases desde el pr\u00f3ximo lunes y hasta fin de mes.<\/strong><\/p>\n<p>&nbsp;<\/p>\n<p>Precisamente la negativa a esta \u00faltima medida y las manifestaciones al respecto llevadas adelante desde la oposici\u00f3n fueron uno de los temas que m\u00e1s acapar\u00f3 la rueda de prensa del <strong>gobernador provincial, quien dirigi\u00f3 filosos dardos y acusaciones a referentes de Juntos por el Cambio, desde la presidenta de esa espacio Patricio Bullrich hasta el jefe de gobierno porte\u00f1o, Horacio Rodriguez Larreta.<\/strong><\/p>\n<p>&nbsp;<\/p>\n<p><img data-recalc-dims=\"1\" loading=\"lazy\" decoding=\"async\" class=\"alignnone size-full wp-image-18983\" src=\"https:\/\/i0.wp.com\/cdnoticias.com\/wp-content\/uploads\/2021\/04\/axel02.jpg?resize=800%2C445&#038;ssl=1\" alt=\"\" width=\"800\" height=\"445\" srcset=\"https:\/\/i0.wp.com\/cdnoticias.com\/wp-content\/uploads\/2021\/04\/axel02.jpg?w=800&amp;ssl=1 800w, https:\/\/i0.wp.com\/cdnoticias.com\/wp-content\/uploads\/2021\/04\/axel02.jpg?resize=300%2C167&amp;ssl=1 300w, https:\/\/i0.wp.com\/cdnoticias.com\/wp-content\/uploads\/2021\/04\/axel02.jpg?resize=768%2C427&amp;ssl=1 768w\" sizes=\"auto, (max-width: 800px) 100vw, 800px\" \/><\/p>\n<p>&nbsp;<\/p>\n<p>No obstante, lo m\u00e1s importante para estas latitudes es que las restricciones, al menos por el momento, no tendr\u00e1n su eco al interior bonaerense. Inclusive esa fue una de las preguntas de los periodistas presentes, en una respuesta en la que Olavarr\u00eda tuvo un protagonismo preponderante. <strong>\u201cHoy pocos distritos que tengan una dimensi\u00f3n como tiene el conurbano est\u00e1n en fase 3 siquiera. Son pocos distritos, son 22, el m\u00e1s grande es Olavarr\u00eda, en Olavarr\u00eda un intendente opositor tom\u00f3 medidas m\u00e1s duras que la provincia, cuando vio que se le llenaban las camas de terapia intensiva. Natural, las acompa\u00f1amos, no salimos a cuestionarlas. Llam\u00f3, consult\u00f3, y le dijimos que acompa\u00f1\u00e1bamos las medidas que tomaba, lo mismo ac\u00e1 en La Plata con el intendente Garro\u201d<\/strong>, explic\u00f3 Kicillof.<\/p>\n<p>&nbsp;<\/p>\n<p>Por \u00faltimo, se\u00f1al\u00f3 que se seguir\u00e1 estudiando y analizando de cerca la <strong>situaci\u00f3n epidemiol\u00f3gica particular de cada distrito y eso se analizar\u00e1 con \u201cla letra del DNU\u201d de presidencia.<\/strong><\/p>\n","protected":false},"excerpt":{"rendered":"<p>En una conferencia de prensa con alto contenido pol\u00edtico, el gobernador explic\u00f3 que las medidas anunciadas por el Presidente regir\u00e1n,<\/p>\n","protected":false},"author":3,"featured_media":18991,"comment_status":"closed","ping_status":"closed","sticky":false,"template":"","format":"standard","meta":{"_jetpack_memberships_contains_paid_content":false,"footnotes":""},"categories":[6,1],"tags":[],"class_list":["post-18999","post","type-post","status-publish","format-standard","has-post-thumbnail","hentry","category-nacionales","category-portada"],"jetpack_featured_media_url":"https:\/\/i0.wp.com\/cdnoticias.com\/wp-content\/uploads\/2021\/04\/axel03.jpg?fit=800%2C445&ssl=1","jetpack_sharing_enabled":true,"_links":{"self":[{"href":"https:\/\/cdnoticias.com\/index.php\/wp-json\/wp\/v2\/posts\/18999","targetHints":{"allow":["GET"]}}],"collection":[{"href":"https:\/\/cdnoticias.com\/index.php\/wp-json\/wp\/v2\/posts"}],"about":[{"href":"https:\/\/cdnoticias.com\/index.php\/wp-json\/wp\/v2\/types\/post"}],"author":[{"embeddable":true,"href":"https:\/\/cdnoticias.com\/index.php\/wp-json\/wp\/v2\/users\/3"}],"replies":[{"embeddable":true,"href":"https:\/\/cdnoticias.com\/index.php\/wp-json\/wp\/v2\/comments?post=18999"}],"version-history":[{"count":0,"href":"https:\/\/cdnoticias.com\/index.php\/wp-json\/wp\/v2\/posts\/18999\/revisions"}],"wp:featuredmedia":[{"embeddable":true,"href":"https:\/\/cdnoticias.com\/index.php\/wp-json\/wp\/v2\/media\/18991"}],"wp:attachment":[{"href":"https:\/\/cdnoticias.com\/index.php\/wp-json\/wp\/v2\/media?parent=18999"}],"wp:term":[{"taxonomy":"category","embeddable":true,"href":"https:\/\/cdnoticias.com\/index.php\/wp-json\/wp\/v2\/categories?post=18999"},{"taxonomy":"post_tag","embeddable":true,"href":"https:\/\/cdnoticias.com\/index.php\/wp-json\/wp\/v2\/tags?post=18999"}],"curies":[{"name":"wp","href":"https:\/\/api.w.org\/{rel}","templated":true}]}}