{"id":189964,"date":"2025-12-09T09:16:59","date_gmt":"2025-12-09T12:16:59","guid":{"rendered":"https:\/\/cdnoticias.com\/?p=189964"},"modified":"2025-12-09T10:35:42","modified_gmt":"2025-12-09T13:35:42","slug":"desde-el-paseo-mendia-se-encendio-la-navidad-en-olavarria","status":"publish","type":"post","link":"https:\/\/cdnoticias.com\/index.php\/2025\/12\/09\/desde-el-paseo-mendia-se-encendio-la-navidad-en-olavarria\/","title":{"rendered":"Desde el Paseo Mend\u00eda, se encendi\u00f3 la Navidad en Olavarr\u00eda"},"content":{"rendered":"<p>Centenares de personas presenciaron el momento en que se ilumin\u00f3 el \u00e1rbol navide\u00f1o. El Ensamble de Folklore de la Escuela Municipal de M\u00fasica y el Ballet Folkl\u00f3rico Municipal acompa\u00f1aron el evento.<!--more--><\/p>\n<hr \/>\n<p>En la noche de este lunes <strong>centenares de olavarrienses<\/strong> disfrutaron y tambi\u00e9n se emocionaron en el <strong>encendido del \u00e1rbol navide\u00f1o ubicado en el Paseo Jes\u00fas Mend\u00eda<\/strong>. Se trat\u00f3 de una atractiva propuesta que incluy\u00f3 adem\u00e1s las presentaciones del <strong>Ensamble de Folklore de la Escuela Municipal de M\u00fasica<\/strong> y el <strong>Ballet Folkl\u00f3rico Municipal.<\/strong><\/p>\n<p>\u00a0<\/p>\n<p>Estuvo presente el <strong>intendente Maximiliano Wesner<\/strong>, quien junto a la comunidad particip\u00f3 del conteo y el encendido de la navidad en el plaza central Coronel Olavarr\u00eda.<\/p>\n<p>\u00a0<\/p>\n<p>La actividad se inici\u00f3 a las 20:30 horas, con la<strong> interpretaci\u00f3n de la emblem\u00e1tica obra \u201cNavidad Nuestra\u201d, de Ariel Ram\u00edrez<\/strong>. Se trata de una reinterpretaci\u00f3n de la Navidad, en una obra donde se recogen seis hitos del evangelio, incorporando elementos musicales y culturales de Argentina.<\/p>\n<p>\u00a0<\/p>\n<p>\u00a0\u00a0<img data-recalc-dims=\"1\" loading=\"lazy\" decoding=\"async\" class=\"alignnone size-full wp-image-189968\" src=\"https:\/\/i0.wp.com\/cdnoticias.com\/wp-content\/uploads\/2025\/12\/arbol-de-navidad-municipio-04.jpg?resize=800%2C532&#038;ssl=1\" alt=\"\" width=\"800\" height=\"532\" srcset=\"https:\/\/i0.wp.com\/cdnoticias.com\/wp-content\/uploads\/2025\/12\/arbol-de-navidad-municipio-04.jpg?w=1000&amp;ssl=1 1000w, https:\/\/i0.wp.com\/cdnoticias.com\/wp-content\/uploads\/2025\/12\/arbol-de-navidad-municipio-04.jpg?resize=300%2C200&amp;ssl=1 300w, https:\/\/i0.wp.com\/cdnoticias.com\/wp-content\/uploads\/2025\/12\/arbol-de-navidad-municipio-04.jpg?resize=768%2C511&amp;ssl=1 768w, https:\/\/i0.wp.com\/cdnoticias.com\/wp-content\/uploads\/2025\/12\/arbol-de-navidad-municipio-04.jpg?resize=272%2C182&amp;ssl=1 272w\" sizes=\"auto, (max-width: 800px) 100vw, 800px\" \/> \u00a0 \u00a0 \u00a0\u00a0<\/p>\n<p>\u00a0<\/p>\n<p>Para la presentaci\u00f3n <strong>numerosos vecinos se acercaron, varios de ellas con reposeras y equipos de mate<\/strong>. Poblaron cada espacio disponible en el Paseo Jes\u00fas Mend\u00eda, donde adem\u00e1s se ubicaron puestos de <strong>artesanos y emprendedores<\/strong>.<\/p>\n<p>\u00a0<\/p>\n<blockquote>\n<p>El momento m\u00e1s esperado lleg\u00f3 a las 21 horas, puntual, con el encendido de \u00e1rbol. Fue precedido por un conteo realizado a viva voz por todos los presentes. Luego el aplauso fue un\u00e1nime, como reconocimiento al atractivo \u00e1rbol navide\u00f1o que fue fruto de la articulaci\u00f3n y trabajo de distintas \u00e1reas municipales.<\/p>\n<\/blockquote>\n<p>\u00a0<\/p>\n<p>El Municipio de Olavarr\u00eda agradeci\u00f3 <em>\u201ca las y los trabajadores que fueron parte de la propuesta, una articulaci\u00f3n que fue encabezada por Mauricio Gogorza y que cont\u00f3 con la participaci\u00f3n de personal de las \u00e1reas de Cultura, Mantenimiento, como as\u00ed tambi\u00e9n del Polo Industrial de las Unidades Carcelarias de Sierra Chica donde, a partir de la vinculaci\u00f3n encabezada a trav\u00e9s de la Secretar\u00eda de Desarrollo Econ\u00f3mico y Productivo, se llevaron a cabo distintas tareas de mantenimiento y embellecimiento del \u00e1rbol navide\u00f1o\u201d<\/em>.<\/p>\n\n\n<div class=\"wp-block-jetpack-slideshow aligncenter\" data-effect=\"slide\" style=\"--aspect-ratio:calc(1000 \/ 665)\"><div class=\"wp-block-jetpack-slideshow_container swiper\"><ul class=\"wp-block-jetpack-slideshow_swiper-wrapper swiper-wrapper\"><li class=\"wp-block-jetpack-slideshow_slide swiper-slide\"><figure><img data-recalc-dims=\"1\" loading=\"lazy\" decoding=\"async\" width=\"800\" height=\"532\" alt=\"\" class=\"wp-block-jetpack-slideshow_image wp-image-189970\" data-id=\"189970\" data-aspect-ratio=\"1000 \/ 665\" src=\"https:\/\/i0.wp.com\/cdnoticias.com\/wp-content\/uploads\/2025\/12\/arbol-de-navidad-municipio-02.jpg?resize=800%2C532&#038;ssl=1\" srcset=\"https:\/\/i0.wp.com\/cdnoticias.com\/wp-content\/uploads\/2025\/12\/arbol-de-navidad-municipio-02.jpg?w=1000&amp;ssl=1 1000w, https:\/\/i0.wp.com\/cdnoticias.com\/wp-content\/uploads\/2025\/12\/arbol-de-navidad-municipio-02.jpg?resize=300%2C200&amp;ssl=1 300w, https:\/\/i0.wp.com\/cdnoticias.com\/wp-content\/uploads\/2025\/12\/arbol-de-navidad-municipio-02.jpg?resize=768%2C511&amp;ssl=1 768w, https:\/\/i0.wp.com\/cdnoticias.com\/wp-content\/uploads\/2025\/12\/arbol-de-navidad-municipio-02.jpg?resize=272%2C182&amp;ssl=1 272w\" sizes=\"(max-width: 800px) 100vw, 800px\" \/><\/figure><\/li><li class=\"wp-block-jetpack-slideshow_slide swiper-slide\"><figure><img data-recalc-dims=\"1\" loading=\"lazy\" decoding=\"async\" width=\"800\" height=\"532\" alt=\"\" class=\"wp-block-jetpack-slideshow_image wp-image-189967\" data-id=\"189967\" data-aspect-ratio=\"1000 \/ 665\" src=\"https:\/\/i0.wp.com\/cdnoticias.com\/wp-content\/uploads\/2025\/12\/arbol-de-navidad-municipio-01.jpg?resize=800%2C532&#038;ssl=1\" srcset=\"https:\/\/i0.wp.com\/cdnoticias.com\/wp-content\/uploads\/2025\/12\/arbol-de-navidad-municipio-01.jpg?w=1000&amp;ssl=1 1000w, https:\/\/i0.wp.com\/cdnoticias.com\/wp-content\/uploads\/2025\/12\/arbol-de-navidad-municipio-01.jpg?resize=300%2C200&amp;ssl=1 300w, https:\/\/i0.wp.com\/cdnoticias.com\/wp-content\/uploads\/2025\/12\/arbol-de-navidad-municipio-01.jpg?resize=768%2C511&amp;ssl=1 768w, https:\/\/i0.wp.com\/cdnoticias.com\/wp-content\/uploads\/2025\/12\/arbol-de-navidad-municipio-01.jpg?resize=272%2C182&amp;ssl=1 272w\" sizes=\"(max-width: 800px) 100vw, 800px\" \/><\/figure><\/li><li class=\"wp-block-jetpack-slideshow_slide swiper-slide\"><figure><img data-recalc-dims=\"1\" loading=\"lazy\" decoding=\"async\" width=\"800\" height=\"532\" alt=\"\" class=\"wp-block-jetpack-slideshow_image wp-image-189972\" data-id=\"189972\" data-aspect-ratio=\"1000 \/ 665\" src=\"https:\/\/i0.wp.com\/cdnoticias.com\/wp-content\/uploads\/2025\/12\/arbol-de-navidad-municipio-05.jpg?resize=800%2C532&#038;ssl=1\" srcset=\"https:\/\/i0.wp.com\/cdnoticias.com\/wp-content\/uploads\/2025\/12\/arbol-de-navidad-municipio-05.jpg?w=1000&amp;ssl=1 1000w, https:\/\/i0.wp.com\/cdnoticias.com\/wp-content\/uploads\/2025\/12\/arbol-de-navidad-municipio-05.jpg?resize=300%2C200&amp;ssl=1 300w, https:\/\/i0.wp.com\/cdnoticias.com\/wp-content\/uploads\/2025\/12\/arbol-de-navidad-municipio-05.jpg?resize=768%2C511&amp;ssl=1 768w, https:\/\/i0.wp.com\/cdnoticias.com\/wp-content\/uploads\/2025\/12\/arbol-de-navidad-municipio-05.jpg?resize=272%2C182&amp;ssl=1 272w\" sizes=\"(max-width: 800px) 100vw, 800px\" \/><\/figure><\/li><li class=\"wp-block-jetpack-slideshow_slide swiper-slide\"><figure><img data-recalc-dims=\"1\" loading=\"lazy\" decoding=\"async\" width=\"800\" height=\"532\" alt=\"\" class=\"wp-block-jetpack-slideshow_image wp-image-189966\" data-id=\"189966\" data-aspect-ratio=\"1000 \/ 665\" src=\"https:\/\/i0.wp.com\/cdnoticias.com\/wp-content\/uploads\/2025\/12\/arbol-de-navidad-municipio.jpg?resize=800%2C532&#038;ssl=1\" srcset=\"https:\/\/i0.wp.com\/cdnoticias.com\/wp-content\/uploads\/2025\/12\/arbol-de-navidad-municipio.jpg?w=1000&amp;ssl=1 1000w, https:\/\/i0.wp.com\/cdnoticias.com\/wp-content\/uploads\/2025\/12\/arbol-de-navidad-municipio.jpg?resize=300%2C200&amp;ssl=1 300w, https:\/\/i0.wp.com\/cdnoticias.com\/wp-content\/uploads\/2025\/12\/arbol-de-navidad-municipio.jpg?resize=768%2C511&amp;ssl=1 768w, https:\/\/i0.wp.com\/cdnoticias.com\/wp-content\/uploads\/2025\/12\/arbol-de-navidad-municipio.jpg?resize=272%2C182&amp;ssl=1 272w\" sizes=\"(max-width: 800px) 100vw, 800px\" \/><\/figure><\/li><li class=\"wp-block-jetpack-slideshow_slide swiper-slide\"><figure><img data-recalc-dims=\"1\" loading=\"lazy\" decoding=\"async\" width=\"800\" height=\"532\" alt=\"\" class=\"wp-block-jetpack-slideshow_image wp-image-189976\" data-id=\"189976\" data-aspect-ratio=\"1000 \/ 665\" src=\"https:\/\/i0.wp.com\/cdnoticias.com\/wp-content\/uploads\/2025\/12\/arbol-de-navidad-municipio-09-danza.jpg?resize=800%2C532&#038;ssl=1\" srcset=\"https:\/\/i0.wp.com\/cdnoticias.com\/wp-content\/uploads\/2025\/12\/arbol-de-navidad-municipio-09-danza.jpg?w=1000&amp;ssl=1 1000w, https:\/\/i0.wp.com\/cdnoticias.com\/wp-content\/uploads\/2025\/12\/arbol-de-navidad-municipio-09-danza.jpg?resize=300%2C200&amp;ssl=1 300w, https:\/\/i0.wp.com\/cdnoticias.com\/wp-content\/uploads\/2025\/12\/arbol-de-navidad-municipio-09-danza.jpg?resize=768%2C511&amp;ssl=1 768w, https:\/\/i0.wp.com\/cdnoticias.com\/wp-content\/uploads\/2025\/12\/arbol-de-navidad-municipio-09-danza.jpg?resize=272%2C182&amp;ssl=1 272w\" sizes=\"(max-width: 800px) 100vw, 800px\" \/><\/figure><\/li><li class=\"wp-block-jetpack-slideshow_slide swiper-slide\"><figure><img data-recalc-dims=\"1\" loading=\"lazy\" decoding=\"async\" width=\"800\" height=\"532\" alt=\"\" class=\"wp-block-jetpack-slideshow_image wp-image-189975\" data-id=\"189975\" data-aspect-ratio=\"1000 \/ 665\" src=\"https:\/\/i0.wp.com\/cdnoticias.com\/wp-content\/uploads\/2025\/12\/arbol-de-navidad-municipio-08.jpg?resize=800%2C532&#038;ssl=1\" srcset=\"https:\/\/i0.wp.com\/cdnoticias.com\/wp-content\/uploads\/2025\/12\/arbol-de-navidad-municipio-08.jpg?w=1000&amp;ssl=1 1000w, https:\/\/i0.wp.com\/cdnoticias.com\/wp-content\/uploads\/2025\/12\/arbol-de-navidad-municipio-08.jpg?resize=300%2C200&amp;ssl=1 300w, https:\/\/i0.wp.com\/cdnoticias.com\/wp-content\/uploads\/2025\/12\/arbol-de-navidad-municipio-08.jpg?resize=768%2C511&amp;ssl=1 768w, https:\/\/i0.wp.com\/cdnoticias.com\/wp-content\/uploads\/2025\/12\/arbol-de-navidad-municipio-08.jpg?resize=272%2C182&amp;ssl=1 272w\" sizes=\"(max-width: 800px) 100vw, 800px\" \/><\/figure><\/li><li class=\"wp-block-jetpack-slideshow_slide swiper-slide\"><figure><img data-recalc-dims=\"1\" loading=\"lazy\" decoding=\"async\" width=\"800\" height=\"532\" alt=\"\" class=\"wp-block-jetpack-slideshow_image wp-image-189968\" data-id=\"189968\" data-aspect-ratio=\"1000 \/ 665\" src=\"https:\/\/i0.wp.com\/cdnoticias.com\/wp-content\/uploads\/2025\/12\/arbol-de-navidad-municipio-04.jpg?resize=800%2C532&#038;ssl=1\" srcset=\"https:\/\/i0.wp.com\/cdnoticias.com\/wp-content\/uploads\/2025\/12\/arbol-de-navidad-municipio-04.jpg?w=1000&amp;ssl=1 1000w, https:\/\/i0.wp.com\/cdnoticias.com\/wp-content\/uploads\/2025\/12\/arbol-de-navidad-municipio-04.jpg?resize=300%2C200&amp;ssl=1 300w, https:\/\/i0.wp.com\/cdnoticias.com\/wp-content\/uploads\/2025\/12\/arbol-de-navidad-municipio-04.jpg?resize=768%2C511&amp;ssl=1 768w, https:\/\/i0.wp.com\/cdnoticias.com\/wp-content\/uploads\/2025\/12\/arbol-de-navidad-municipio-04.jpg?resize=272%2C182&amp;ssl=1 272w\" sizes=\"(max-width: 800px) 100vw, 800px\" \/><\/figure><\/li><li class=\"wp-block-jetpack-slideshow_slide swiper-slide\"><figure><img data-recalc-dims=\"1\" loading=\"lazy\" decoding=\"async\" width=\"800\" height=\"532\" alt=\"\" class=\"wp-block-jetpack-slideshow_image wp-image-189974\" data-id=\"189974\" data-aspect-ratio=\"1000 \/ 665\" src=\"https:\/\/i0.wp.com\/cdnoticias.com\/wp-content\/uploads\/2025\/12\/arbol-de-navidad-municipio-07.jpg?resize=800%2C532&#038;ssl=1\" srcset=\"https:\/\/i0.wp.com\/cdnoticias.com\/wp-content\/uploads\/2025\/12\/arbol-de-navidad-municipio-07.jpg?w=1000&amp;ssl=1 1000w, https:\/\/i0.wp.com\/cdnoticias.com\/wp-content\/uploads\/2025\/12\/arbol-de-navidad-municipio-07.jpg?resize=300%2C200&amp;ssl=1 300w, https:\/\/i0.wp.com\/cdnoticias.com\/wp-content\/uploads\/2025\/12\/arbol-de-navidad-municipio-07.jpg?resize=768%2C511&amp;ssl=1 768w, https:\/\/i0.wp.com\/cdnoticias.com\/wp-content\/uploads\/2025\/12\/arbol-de-navidad-municipio-07.jpg?resize=272%2C182&amp;ssl=1 272w\" sizes=\"(max-width: 800px) 100vw, 800px\" \/><\/figure><\/li><li class=\"wp-block-jetpack-slideshow_slide swiper-slide\"><figure><img data-recalc-dims=\"1\" loading=\"lazy\" decoding=\"async\" width=\"800\" height=\"532\" alt=\"\" class=\"wp-block-jetpack-slideshow_image wp-image-189973\" data-id=\"189973\" data-aspect-ratio=\"1000 \/ 665\" src=\"https:\/\/i0.wp.com\/cdnoticias.com\/wp-content\/uploads\/2025\/12\/arbol-de-navidad-municipio-06.jpg?resize=800%2C532&#038;ssl=1\" srcset=\"https:\/\/i0.wp.com\/cdnoticias.com\/wp-content\/uploads\/2025\/12\/arbol-de-navidad-municipio-06.jpg?w=1000&amp;ssl=1 1000w, https:\/\/i0.wp.com\/cdnoticias.com\/wp-content\/uploads\/2025\/12\/arbol-de-navidad-municipio-06.jpg?resize=300%2C200&amp;ssl=1 300w, https:\/\/i0.wp.com\/cdnoticias.com\/wp-content\/uploads\/2025\/12\/arbol-de-navidad-municipio-06.jpg?resize=768%2C511&amp;ssl=1 768w, https:\/\/i0.wp.com\/cdnoticias.com\/wp-content\/uploads\/2025\/12\/arbol-de-navidad-municipio-06.jpg?resize=272%2C182&amp;ssl=1 272w\" sizes=\"(max-width: 800px) 100vw, 800px\" \/><\/figure><\/li><li class=\"wp-block-jetpack-slideshow_slide swiper-slide\"><figure><img data-recalc-dims=\"1\" loading=\"lazy\" decoding=\"async\" width=\"800\" height=\"532\" alt=\"\" class=\"wp-block-jetpack-slideshow_image wp-image-189971\" data-id=\"189971\" data-aspect-ratio=\"1000 \/ 665\" src=\"https:\/\/i0.wp.com\/cdnoticias.com\/wp-content\/uploads\/2025\/12\/arbol-de-navidad-municipio-03.jpg?resize=800%2C532&#038;ssl=1\" srcset=\"https:\/\/i0.wp.com\/cdnoticias.com\/wp-content\/uploads\/2025\/12\/arbol-de-navidad-municipio-03.jpg?w=1000&amp;ssl=1 1000w, https:\/\/i0.wp.com\/cdnoticias.com\/wp-content\/uploads\/2025\/12\/arbol-de-navidad-municipio-03.jpg?resize=300%2C200&amp;ssl=1 300w, https:\/\/i0.wp.com\/cdnoticias.com\/wp-content\/uploads\/2025\/12\/arbol-de-navidad-municipio-03.jpg?resize=768%2C511&amp;ssl=1 768w, https:\/\/i0.wp.com\/cdnoticias.com\/wp-content\/uploads\/2025\/12\/arbol-de-navidad-municipio-03.jpg?resize=272%2C182&amp;ssl=1 272w\" sizes=\"(max-width: 800px) 100vw, 800px\" \/><\/figure><\/li><li class=\"wp-block-jetpack-slideshow_slide swiper-slide\"><figure><img data-recalc-dims=\"1\" loading=\"lazy\" decoding=\"async\" width=\"800\" height=\"532\" alt=\"\" class=\"wp-block-jetpack-slideshow_image wp-image-189969\" data-id=\"189969\" data-aspect-ratio=\"1000 \/ 665\" src=\"https:\/\/i0.wp.com\/cdnoticias.com\/wp-content\/uploads\/2025\/12\/arbol-de-navidad-municipio-10.jpg?resize=800%2C532&#038;ssl=1\" srcset=\"https:\/\/i0.wp.com\/cdnoticias.com\/wp-content\/uploads\/2025\/12\/arbol-de-navidad-municipio-10.jpg?w=1000&amp;ssl=1 1000w, https:\/\/i0.wp.com\/cdnoticias.com\/wp-content\/uploads\/2025\/12\/arbol-de-navidad-municipio-10.jpg?resize=300%2C200&amp;ssl=1 300w, https:\/\/i0.wp.com\/cdnoticias.com\/wp-content\/uploads\/2025\/12\/arbol-de-navidad-municipio-10.jpg?resize=768%2C511&amp;ssl=1 768w, https:\/\/i0.wp.com\/cdnoticias.com\/wp-content\/uploads\/2025\/12\/arbol-de-navidad-municipio-10.jpg?resize=272%2C182&amp;ssl=1 272w\" sizes=\"(max-width: 800px) 100vw, 800px\" \/><\/figure><\/li><li class=\"wp-block-jetpack-slideshow_slide swiper-slide\"><figure><img data-recalc-dims=\"1\" loading=\"lazy\" decoding=\"async\" width=\"800\" height=\"445\" alt=\"\" class=\"wp-block-jetpack-slideshow_image wp-image-189965\" data-id=\"189965\" data-aspect-ratio=\"1000 \/ 556\" src=\"https:\/\/i0.wp.com\/cdnoticias.com\/wp-content\/uploads\/2025\/12\/arbol-de-navidad-municipio-00.jpg?resize=800%2C445&#038;ssl=1\" srcset=\"https:\/\/i0.wp.com\/cdnoticias.com\/wp-content\/uploads\/2025\/12\/arbol-de-navidad-municipio-00.jpg?w=1000&amp;ssl=1 1000w, https:\/\/i0.wp.com\/cdnoticias.com\/wp-content\/uploads\/2025\/12\/arbol-de-navidad-municipio-00.jpg?resize=300%2C167&amp;ssl=1 300w, https:\/\/i0.wp.com\/cdnoticias.com\/wp-content\/uploads\/2025\/12\/arbol-de-navidad-municipio-00.jpg?resize=768%2C427&amp;ssl=1 768w, https:\/\/i0.wp.com\/cdnoticias.com\/wp-content\/uploads\/2025\/12\/arbol-de-navidad-municipio-00.jpg?resize=800%2C445&amp;ssl=1 800w\" sizes=\"(max-width: 800px) 100vw, 800px\" \/><\/figure><\/li><\/ul><a class=\"wp-block-jetpack-slideshow_button-prev swiper-button-prev swiper-button-white\" role=\"button\"><\/a><a class=\"wp-block-jetpack-slideshow_button-next swiper-button-next swiper-button-white\" role=\"button\"><\/a><a aria-label=\"Pause Slideshow\" class=\"wp-block-jetpack-slideshow_button-pause\" role=\"button\"><\/a><div class=\"wp-block-jetpack-slideshow_pagination swiper-pagination swiper-pagination-white\"><\/div><\/div><\/div>\n","protected":false},"excerpt":{"rendered":"<p>Centenares de personas presenciaron el momento en que se ilumin\u00f3 el \u00e1rbol navide\u00f1o. El Ensamble de Folklore de la Escuela<\/p>\n","protected":false},"author":4,"featured_media":189965,"comment_status":"closed","ping_status":"closed","sticky":false,"template":"","format":"standard","meta":{"_jetpack_memberships_contains_paid_content":false,"footnotes":""},"categories":[5,1],"tags":[],"class_list":["post-189964","post","type-post","status-publish","format-standard","has-post-thumbnail","hentry","category-informacion-general","category-portada"],"jetpack_featured_media_url":"https:\/\/i0.wp.com\/cdnoticias.com\/wp-content\/uploads\/2025\/12\/arbol-de-navidad-municipio-00.jpg?fit=1000%2C556&ssl=1","jetpack_sharing_enabled":true,"_links":{"self":[{"href":"https:\/\/cdnoticias.com\/index.php\/wp-json\/wp\/v2\/posts\/189964","targetHints":{"allow":["GET"]}}],"collection":[{"href":"https:\/\/cdnoticias.com\/index.php\/wp-json\/wp\/v2\/posts"}],"about":[{"href":"https:\/\/cdnoticias.com\/index.php\/wp-json\/wp\/v2\/types\/post"}],"author":[{"embeddable":true,"href":"https:\/\/cdnoticias.com\/index.php\/wp-json\/wp\/v2\/users\/4"}],"replies":[{"embeddable":true,"href":"https:\/\/cdnoticias.com\/index.php\/wp-json\/wp\/v2\/comments?post=189964"}],"version-history":[{"count":0,"href":"https:\/\/cdnoticias.com\/index.php\/wp-json\/wp\/v2\/posts\/189964\/revisions"}],"wp:featuredmedia":[{"embeddable":true,"href":"https:\/\/cdnoticias.com\/index.php\/wp-json\/wp\/v2\/media\/189965"}],"wp:attachment":[{"href":"https:\/\/cdnoticias.com\/index.php\/wp-json\/wp\/v2\/media?parent=189964"}],"wp:term":[{"taxonomy":"category","embeddable":true,"href":"https:\/\/cdnoticias.com\/index.php\/wp-json\/wp\/v2\/categories?post=189964"},{"taxonomy":"post_tag","embeddable":true,"href":"https:\/\/cdnoticias.com\/index.php\/wp-json\/wp\/v2\/tags?post=189964"}],"curies":[{"name":"wp","href":"https:\/\/api.w.org\/{rel}","templated":true}]}}