{"id":189936,"date":"2025-12-09T08:39:19","date_gmt":"2025-12-09T11:39:19","guid":{"rendered":"https:\/\/cdnoticias.com\/?p=189936"},"modified":"2025-12-09T08:39:21","modified_gmt":"2025-12-09T11:39:21","slug":"banco-provincia-requisitos-para-participar-del-certamen-fotografico-que-otorga-48-millones-en-premios","status":"publish","type":"post","link":"https:\/\/cdnoticias.com\/index.php\/2025\/12\/09\/banco-provincia-requisitos-para-participar-del-certamen-fotografico-que-otorga-48-millones-en-premios\/","title":{"rendered":"Banco Provincia: Requisitos para participar del certamen fotogr\u00e1fico que otorga $4,8 millones en premios"},"content":{"rendered":"\n<p>El concurso se da en el marco de la conmemoraci\u00f3n por los 50 a\u00f1os del golpe c\u00edvico-militar del 24 de marzo de 1976.&nbsp;<\/p>\n\n\n\n<hr class=\"wp-block-separator aligncenter has-alpha-channel-opacity\"\/>\n\n\n\n<p>En el marco de la <strong>conmemoraci\u00f3n por los 50 a\u00f1os del golpe c\u00edvico-militar del 24 de marzo de 1976, <\/strong>Banco Provincia presenta el <strong>Gran Premio Fotograf\u00eda 2026,<\/strong> bajo el lema <strong><em>\u201cEcos de la historia: 50 a\u00f1os de memoria, verdad y justicia\u201d.<\/em><\/strong>\u00a0<\/p>\n\n\n\n<p><\/p>\n\n\n\n<p>El concurso invita a la <strong>comunidad art\u00edstica, fot\u00f3grafos\/as y artistas visuales<\/strong> para aportar su <strong>mirada sobre la memoria y la identidad,<\/strong> y as\u00ed fortalecer el compromiso con los derechos humanos.\u00a0<\/p>\n\n\n\n<p><\/p>\n\n\n\n<blockquote class=\"wp-block-quote is-layout-flow wp-block-quote-is-layout-flow\">\n<p>El concurso otorga importantes est\u00edmulos econ\u00f3micos para las tres obras ganadores, que ser\u00e1n adquiridas por el Banco. El Gran Premio es de $2.500.000; el Segundo Premio es de $1.400.000; y el Premio Est\u00edmulo, destinado a menores de 35 a\u00f1os, es de $900.000.\u00a0<\/p>\n<\/blockquote>\n\n\n\n<p><\/p>\n\n\n\n<p>Adem\u00e1s, habr\u00e1 <strong>menciones honor\u00edficas y obras seleccionadas, <\/strong>que junto a las tres fotograf\u00edas ganadoras ser\u00e1n <strong>exhibidas en el Museo Banco Provincia<\/strong> y en una publicaci\u00f3n junto a los ensayos ganadores de dicho concurso.<\/p>\n\n\n\n<p><\/p>\n\n\n\n<p><strong>Requisitos para participar<\/strong><\/p>\n\n\n\n<p>1-  Ser mayor de 18 a\u00f1os y haber nacido o residir, desde al menos dos a\u00f1os, en la Provincia de Buenos Aires o en la Ciudad Aut\u00f3noma de Buenos Aires.\u00a0\u00a0<\/p>\n\n\n\n<p>2-  La fotograf\u00eda debe ser original y debe estar tomada entre 2021 y 2025. No puede incluir inteligencia artificial ni fotomontajes. Se aceptan im\u00e1genes en color o blanco y negro, siempre que cumplan con las especificaciones t\u00e9cnicas detalladas en las bases del certamen.\u00a0<\/p>\n\n\n\n<p>3- La inscripci\u00f3n es online. Para eso hay que completar el formulario disponible en el sitio oficial de Banco Provincia.\u00a0 <a href=\"https:\/\/docs.google.com\/forms\/d\/e\/1FAIpQLSck5gZBmEZOyRE_nU_ETwMr4MU0-VuvxkqRKKT7HuZ9HIIFng\/viewform\" target=\"_blank\" rel=\"noreferrer noopener\">Hac\u00e9 click ac\u00e1 para acceder.\u00a0<\/a>\u00a0<\/p>\n\n\n\n<p>4. IMPORTANTE: el plazo para enviar las obras finaliza el 31 de diciembre de 2025.&nbsp;<\/p>\n\n\n\n<p><\/p>\n\n\n\n<p><\/p>\n","protected":false},"excerpt":{"rendered":"<p>El concurso se da en el marco de la conmemoraci\u00f3n por los 50 a\u00f1os del golpe c\u00edvico-militar del 24 de<\/p>\n","protected":false},"author":6,"featured_media":189938,"comment_status":"closed","ping_status":"closed","sticky":false,"template":"","format":"standard","meta":{"_jetpack_memberships_contains_paid_content":false,"footnotes":""},"categories":[9,1],"tags":[],"class_list":["post-189936","post","type-post","status-publish","format-standard","has-post-thumbnail","hentry","category-cultura","category-portada"],"jetpack_featured_media_url":"https:\/\/i0.wp.com\/cdnoticias.com\/wp-content\/uploads\/2025\/12\/concursofotografico-banco-prov.jpg?fit=900%2C567&ssl=1","jetpack_sharing_enabled":true,"_links":{"self":[{"href":"https:\/\/cdnoticias.com\/index.php\/wp-json\/wp\/v2\/posts\/189936","targetHints":{"allow":["GET"]}}],"collection":[{"href":"https:\/\/cdnoticias.com\/index.php\/wp-json\/wp\/v2\/posts"}],"about":[{"href":"https:\/\/cdnoticias.com\/index.php\/wp-json\/wp\/v2\/types\/post"}],"author":[{"embeddable":true,"href":"https:\/\/cdnoticias.com\/index.php\/wp-json\/wp\/v2\/users\/6"}],"replies":[{"embeddable":true,"href":"https:\/\/cdnoticias.com\/index.php\/wp-json\/wp\/v2\/comments?post=189936"}],"version-history":[{"count":0,"href":"https:\/\/cdnoticias.com\/index.php\/wp-json\/wp\/v2\/posts\/189936\/revisions"}],"wp:featuredmedia":[{"embeddable":true,"href":"https:\/\/cdnoticias.com\/index.php\/wp-json\/wp\/v2\/media\/189938"}],"wp:attachment":[{"href":"https:\/\/cdnoticias.com\/index.php\/wp-json\/wp\/v2\/media?parent=189936"}],"wp:term":[{"taxonomy":"category","embeddable":true,"href":"https:\/\/cdnoticias.com\/index.php\/wp-json\/wp\/v2\/categories?post=189936"},{"taxonomy":"post_tag","embeddable":true,"href":"https:\/\/cdnoticias.com\/index.php\/wp-json\/wp\/v2\/tags?post=189936"}],"curies":[{"name":"wp","href":"https:\/\/api.w.org\/{rel}","templated":true}]}}