{"id":189925,"date":"2025-12-08T18:00:24","date_gmt":"2025-12-08T21:00:24","guid":{"rendered":"https:\/\/cdnoticias.com\/?p=189925"},"modified":"2025-12-08T18:00:26","modified_gmt":"2025-12-08T21:00:26","slug":"ventas-minoristas-pymes-cayeron-41-interanual-en-noviembre","status":"publish","type":"post","link":"https:\/\/cdnoticias.com\/index.php\/2025\/12\/08\/ventas-minoristas-pymes-cayeron-41-interanual-en-noviembre\/","title":{"rendered":"Ventas minoristas pymes cayeron 4,1% interanual en noviembre"},"content":{"rendered":"\n<p>El consumo mostr\u00f3 una fuerte contracci\u00f3n mensual del 9,1% y seis de los siete rubros relevados presentaron bajas. Farmacia fue el \u00fanico sector con crecimiento. <\/p>\n\n\n\n<hr class=\"wp-block-separator has-alpha-channel-opacity\"\/>\n\n\n\n<p>Las ventas minoristas pymes registraron en noviembre una <strong>ca\u00edda interanual del 4,1% a precios constantes<\/strong>. En la comparaci\u00f3n mensual desestacionalizada, la baja fue del 9,1%. A pesar de este desempe\u00f1o, el acumulado del a\u00f1o todav\u00eda muestra un incremento interanual del 3,4%.<\/p>\n\n\n\n<p><\/p>\n\n\n\n<p>Respecto de la situaci\u00f3n econ\u00f3mica de los comercios, <strong>el 54,2% de los encuestados se\u00f1al\u00f3 estabilidad frente al mismo mes del a\u00f1o anterior. Sin embargo, un 37% percibi\u00f3 un deterioro<\/strong>, cuatro puntos porcentuales m\u00e1s que en octubre, lo que revierte parcialmente la mejora en las percepciones registrada el mes pasado.<\/p>\n\n\n\n<p><\/p>\n\n\n\n<p>En cuanto a las expectativas para el pr\u00f3ximo a\u00f1o, <strong>el 48,6% proyecta un escenario de mejora, mientras que el 43,7% anticipa que la situaci\u00f3n se mantendr\u00e1 sin cambios. Solo el 7,7% prev\u00e9 un empeoramiento. <\/strong>Sobre el clima de inversi\u00f3n, el 60,1% considera desfavorable el contexto actual para realizar desembolsos de capital, frente a un 14,6% que lo eval\u00faa como oportuno y un 25,2% sin una postura definida.<\/p>\n\n\n\n<p><\/p>\n\n\n\n<blockquote class=\"wp-block-quote is-layout-flow wp-block-quote-is-layout-flow\">\n<p>El detalle por rubros mostr\u00f3 descensos en seis de los siete sectores evaluados. Las mayores retracciones se registraron en Perfumer\u00eda (-17%), Bazar y decoraci\u00f3n (-9,7%) y Alimentos y bebidas (-5,9%). El \u00fanico rubro en alza fue Farmacia, con un incremento interanual del 1,8%.<\/p>\n<\/blockquote>\n\n\n\n<p><\/p>\n\n\n\n<p>El cierre de noviembre reflej\u00f3 un escenario de <strong>consumo dual, con restricciones presupuestarias y l\u00edmites de financiaci\u00f3n <\/strong>que afectaron especialmente a los bienes prescindibles. La actividad se desenvolvi\u00f3 en un marco de cautela e incertidumbre respecto de costos y competencia, lo que fren\u00f3 decisiones de inversi\u00f3n en el corto plazo.<\/p>\n\n\n\n<p><\/p>\n\n\n\n<p>No obstante, se observ\u00f3 un desacople entre la coyuntura actual y las expectativas: pese a la contracci\u00f3n de m\u00e1rgenes y la percepci\u00f3n negativa del presente, <strong>el sector comercial mantiene una visi\u00f3n optimista sobre el a\u00f1o pr\u00f3ximo, confiando en un reordenamiento econ\u00f3mico que estimule la demanda interna.<\/strong><\/p>\n","protected":false},"excerpt":{"rendered":"<p>El consumo mostr\u00f3 una fuerte contracci\u00f3n mensual del 9,1% y seis de los siete rubros relevados presentaron bajas. Farmacia fue<\/p>\n","protected":false},"author":5,"featured_media":130717,"comment_status":"closed","ping_status":"closed","sticky":false,"template":"","format":"standard","meta":{"_jetpack_memberships_contains_paid_content":false,"footnotes":""},"categories":[6,1],"tags":[],"class_list":["post-189925","post","type-post","status-publish","format-standard","has-post-thumbnail","hentry","category-nacionales","category-portada"],"jetpack_featured_media_url":"https:\/\/i0.wp.com\/cdnoticias.com\/wp-content\/uploads\/2024\/11\/DIB-supermercado-ventas-precios.jpg?fit=800%2C445&ssl=1","jetpack_sharing_enabled":true,"_links":{"self":[{"href":"https:\/\/cdnoticias.com\/index.php\/wp-json\/wp\/v2\/posts\/189925","targetHints":{"allow":["GET"]}}],"collection":[{"href":"https:\/\/cdnoticias.com\/index.php\/wp-json\/wp\/v2\/posts"}],"about":[{"href":"https:\/\/cdnoticias.com\/index.php\/wp-json\/wp\/v2\/types\/post"}],"author":[{"embeddable":true,"href":"https:\/\/cdnoticias.com\/index.php\/wp-json\/wp\/v2\/users\/5"}],"replies":[{"embeddable":true,"href":"https:\/\/cdnoticias.com\/index.php\/wp-json\/wp\/v2\/comments?post=189925"}],"version-history":[{"count":0,"href":"https:\/\/cdnoticias.com\/index.php\/wp-json\/wp\/v2\/posts\/189925\/revisions"}],"wp:featuredmedia":[{"embeddable":true,"href":"https:\/\/cdnoticias.com\/index.php\/wp-json\/wp\/v2\/media\/130717"}],"wp:attachment":[{"href":"https:\/\/cdnoticias.com\/index.php\/wp-json\/wp\/v2\/media?parent=189925"}],"wp:term":[{"taxonomy":"category","embeddable":true,"href":"https:\/\/cdnoticias.com\/index.php\/wp-json\/wp\/v2\/categories?post=189925"},{"taxonomy":"post_tag","embeddable":true,"href":"https:\/\/cdnoticias.com\/index.php\/wp-json\/wp\/v2\/tags?post=189925"}],"curies":[{"name":"wp","href":"https:\/\/api.w.org\/{rel}","templated":true}]}}