{"id":189894,"date":"2025-12-08T11:39:02","date_gmt":"2025-12-08T14:39:02","guid":{"rendered":"https:\/\/cdnoticias.com\/?p=189894"},"modified":"2025-12-08T11:39:04","modified_gmt":"2025-12-08T14:39:04","slug":"interceptan-a-un-hombre-con-pedido-de-paradero-activo","status":"publish","type":"post","link":"https:\/\/cdnoticias.com\/index.php\/2025\/12\/08\/interceptan-a-un-hombre-con-pedido-de-paradero-activo\/","title":{"rendered":"Interceptan a un hombre con pedido de paradero activo"},"content":{"rendered":"\n<p>El operativo fue realizado por personal del Comando de Patrulla. El requerimiento judicial correspond\u00eda a una causa por \u201cHurto en grado de tentativa\u201d.<\/p>\n\n\n\n<hr class=\"wp-block-separator has-alpha-channel-opacity\"\/>\n\n\n\n<p>Personal del <strong>Comando de Patrulla <\/strong>realiz\u00f3 el domingo tareas de identificaci\u00f3n en la zona de Necochea al 2400, donde <strong>intercept\u00f3 a un hombre de 33 a\u00f1os.<\/strong><\/p>\n\n\n\n<p><\/p>\n\n\n\n<p>Al verificar sus datos mediante el sistema inform\u00e1tico, se constat\u00f3 que <strong>presentaba un Paradero Activo en el marco de la causa \u201cHurto en grado de tentativa\u201d, <\/strong>solicitado por el Juzgado Correccional N\u00ba 1 del Departamento Judicial Necochea.<\/p>\n\n\n\n<p><\/p>\n\n\n\n<p>El hombre fue trasladado a la dependencia policial para el cumplimiento de los recaudos legales.<\/p>\n\n\n\n<p><\/p>\n","protected":false},"excerpt":{"rendered":"<p>El operativo fue realizado por personal del Comando de Patrulla. El requerimiento judicial correspond\u00eda a una causa por \u201cHurto en<\/p>\n","protected":false},"author":5,"featured_media":189895,"comment_status":"closed","ping_status":"closed","sticky":false,"template":"","format":"standard","meta":{"_jetpack_memberships_contains_paid_content":false,"footnotes":""},"categories":[14,1],"tags":[],"class_list":["post-189894","post","type-post","status-publish","format-standard","has-post-thumbnail","hentry","category-policiales","category-portada"],"jetpack_featured_media_url":"https:\/\/i0.wp.com\/cdnoticias.com\/wp-content\/uploads\/2025\/12\/paradero-activo.jpeg?fit=1024%2C514&ssl=1","jetpack_sharing_enabled":true,"_links":{"self":[{"href":"https:\/\/cdnoticias.com\/index.php\/wp-json\/wp\/v2\/posts\/189894","targetHints":{"allow":["GET"]}}],"collection":[{"href":"https:\/\/cdnoticias.com\/index.php\/wp-json\/wp\/v2\/posts"}],"about":[{"href":"https:\/\/cdnoticias.com\/index.php\/wp-json\/wp\/v2\/types\/post"}],"author":[{"embeddable":true,"href":"https:\/\/cdnoticias.com\/index.php\/wp-json\/wp\/v2\/users\/5"}],"replies":[{"embeddable":true,"href":"https:\/\/cdnoticias.com\/index.php\/wp-json\/wp\/v2\/comments?post=189894"}],"version-history":[{"count":0,"href":"https:\/\/cdnoticias.com\/index.php\/wp-json\/wp\/v2\/posts\/189894\/revisions"}],"wp:featuredmedia":[{"embeddable":true,"href":"https:\/\/cdnoticias.com\/index.php\/wp-json\/wp\/v2\/media\/189895"}],"wp:attachment":[{"href":"https:\/\/cdnoticias.com\/index.php\/wp-json\/wp\/v2\/media?parent=189894"}],"wp:term":[{"taxonomy":"category","embeddable":true,"href":"https:\/\/cdnoticias.com\/index.php\/wp-json\/wp\/v2\/categories?post=189894"},{"taxonomy":"post_tag","embeddable":true,"href":"https:\/\/cdnoticias.com\/index.php\/wp-json\/wp\/v2\/tags?post=189894"}],"curies":[{"name":"wp","href":"https:\/\/api.w.org\/{rel}","templated":true}]}}