{"id":189890,"date":"2025-12-08T10:49:21","date_gmt":"2025-12-08T13:49:21","guid":{"rendered":"https:\/\/cdnoticias.com\/?p=189890"},"modified":"2025-12-08T16:00:35","modified_gmt":"2025-12-08T19:00:35","slug":"aprehendieron-a-un-hombre-tras-una-persecucion-secuestraron-un-arma-y-una-moto","status":"publish","type":"post","link":"https:\/\/cdnoticias.com\/index.php\/2025\/12\/08\/aprehendieron-a-un-hombre-tras-una-persecucion-secuestraron-un-arma-y-una-moto\/","title":{"rendered":"Aprehendieron a un hombre tras una persecuci\u00f3n: secuestraron un arma y una moto"},"content":{"rendered":"\n<p>El operativo comenz\u00f3 en el sector de Ituzaing\u00f3 y Col\u00f3n cuando los ocupantes de una motocicleta evadieron a la polic\u00eda. La causa qued\u00f3 a cargo de la UFI N\u00ba 7.<\/p>\n\n\n\n<hr class=\"wp-block-separator has-alpha-channel-opacity\"\/>\n\n\n\n<p>Un <strong>hombre de 31 a\u00f1os fue aprehendido<\/strong> en las \u00faltimas horas luego de una persecuci\u00f3n que se inici\u00f3 cuando personal policial, durante recorridas preventivas en la zona de avenida Ituzaing\u00f3 y avenida Col\u00f3n, observ\u00f3 a d<strong>os personas a bordo de una motocicleta que evadieron al m\u00f3vil y cruzaron un sem\u00e1foro en rojo.<\/strong><\/p>\n\n\n\n<p><\/p>\n\n\n\n<p>A partir de esa maniobra <strong>se inici\u00f3 una persecuci\u00f3n que continu\u00f3 hasta el barrio Coronel Dorrego,<\/strong> donde <strong>el acompa\u00f1ante descendi\u00f3 del rodado y logr\u00f3 escapar.<\/strong><\/p>\n\n\n\n<p><\/p>\n\n\n\n<blockquote class=\"wp-block-quote is-layout-flow wp-block-quote-is-layout-flow\">\n<p>El conductor continu\u00f3 la huida hasta la zona de Sargento Cabral al 800, donde arroj\u00f3 la motocicleta e ingres\u00f3 a una obra en construcci\u00f3n. Finalmente fue aprehendido en la v\u00eda p\u00fablica, en inmediaciones de Necochea al 800.<\/p>\n<\/blockquote>\n\n\n\n<p><\/p>\n\n\n\n<p>Durante el cacheo superficial se constat\u00f3 que llevaba un <strong>arma de fuego tipo rev\u00f3lver con munici\u00f3n calibre 38 <\/strong>dentro de una mochila. Adem\u00e1s, <strong>la motocicleta Honda 150 cc presentaba numeraci\u00f3n adulterada.<\/strong><\/p>\n\n\n\n<p><\/p>\n\n\n\n<figure class=\"wp-block-image size-full\"><img data-recalc-dims=\"1\" loading=\"lazy\" decoding=\"async\" width=\"800\" height=\"445\" src=\"https:\/\/i0.wp.com\/cdnoticias.com\/wp-content\/uploads\/2025\/12\/arma-aprehendido-8-12-25.png?resize=800%2C445&#038;ssl=1\" alt=\"\" class=\"wp-image-189891\" srcset=\"https:\/\/i0.wp.com\/cdnoticias.com\/wp-content\/uploads\/2025\/12\/arma-aprehendido-8-12-25.png?w=800&amp;ssl=1 800w, https:\/\/i0.wp.com\/cdnoticias.com\/wp-content\/uploads\/2025\/12\/arma-aprehendido-8-12-25.png?resize=300%2C167&amp;ssl=1 300w, https:\/\/i0.wp.com\/cdnoticias.com\/wp-content\/uploads\/2025\/12\/arma-aprehendido-8-12-25.png?resize=768%2C427&amp;ssl=1 768w\" sizes=\"auto, (max-width: 800px) 100vw, 800px\" \/><\/figure>\n\n\n\n<p><\/p>\n\n\n\n<p>El hombre fue trasladado a la dependencia policial y qued\u00f3 a disposici\u00f3n de la UFI N\u00ba 7, a cargo del fiscal Christian Urlezaga. Las actuaciones fueron caratuladas <strong>\u201cdesobediencia \u2013 atentado y resistencia \u2013 inf. art. 289 CP \u2013 inf. art. 189 bis CP\u201d.<\/strong><\/p>\n","protected":false},"excerpt":{"rendered":"<p>El operativo comenz\u00f3 en el sector de Ituzaing\u00f3 y Col\u00f3n cuando los ocupantes de una motocicleta evadieron a la polic\u00eda.<\/p>\n","protected":false},"author":5,"featured_media":189892,"comment_status":"closed","ping_status":"closed","sticky":false,"template":"","format":"standard","meta":{"_jetpack_memberships_contains_paid_content":false,"footnotes":""},"categories":[14,1],"tags":[],"class_list":["post-189890","post","type-post","status-publish","format-standard","has-post-thumbnail","hentry","category-policiales","category-portada"],"jetpack_featured_media_url":"https:\/\/i0.wp.com\/cdnoticias.com\/wp-content\/uploads\/2025\/12\/aprehendido-8-12-25.png?fit=800%2C445&ssl=1","jetpack_sharing_enabled":true,"_links":{"self":[{"href":"https:\/\/cdnoticias.com\/index.php\/wp-json\/wp\/v2\/posts\/189890","targetHints":{"allow":["GET"]}}],"collection":[{"href":"https:\/\/cdnoticias.com\/index.php\/wp-json\/wp\/v2\/posts"}],"about":[{"href":"https:\/\/cdnoticias.com\/index.php\/wp-json\/wp\/v2\/types\/post"}],"author":[{"embeddable":true,"href":"https:\/\/cdnoticias.com\/index.php\/wp-json\/wp\/v2\/users\/5"}],"replies":[{"embeddable":true,"href":"https:\/\/cdnoticias.com\/index.php\/wp-json\/wp\/v2\/comments?post=189890"}],"version-history":[{"count":0,"href":"https:\/\/cdnoticias.com\/index.php\/wp-json\/wp\/v2\/posts\/189890\/revisions"}],"wp:featuredmedia":[{"embeddable":true,"href":"https:\/\/cdnoticias.com\/index.php\/wp-json\/wp\/v2\/media\/189892"}],"wp:attachment":[{"href":"https:\/\/cdnoticias.com\/index.php\/wp-json\/wp\/v2\/media?parent=189890"}],"wp:term":[{"taxonomy":"category","embeddable":true,"href":"https:\/\/cdnoticias.com\/index.php\/wp-json\/wp\/v2\/categories?post=189890"},{"taxonomy":"post_tag","embeddable":true,"href":"https:\/\/cdnoticias.com\/index.php\/wp-json\/wp\/v2\/tags?post=189890"}],"curies":[{"name":"wp","href":"https:\/\/api.w.org\/{rel}","templated":true}]}}