{"id":189869,"date":"2025-12-08T08:34:33","date_gmt":"2025-12-08T11:34:33","guid":{"rendered":"https:\/\/cdnoticias.com\/?p=189869"},"modified":"2025-12-08T13:40:41","modified_gmt":"2025-12-08T16:40:41","slug":"wesner-encabezo-los-festejos-por-el-122-aniversario-de-loma-negra","status":"publish","type":"post","link":"https:\/\/cdnoticias.com\/index.php\/2025\/12\/08\/wesner-encabezo-los-festejos-por-el-122-aniversario-de-loma-negra\/","title":{"rendered":"Wesner encabez\u00f3 los festejos por el 122\u00b0 aniversario de Loma Negra"},"content":{"rendered":"\n<p>La comunidad celebr\u00f3 con acto protocolar, reconocimientos y un amplio programa art\u00edstico y gastron\u00f3mico. Hubo fuerte acompa\u00f1amiento institucional y gran participaci\u00f3n de vecinos y visitantes.<\/p>\n\n\n\n<hr class=\"wp-block-separator has-alpha-channel-opacity\"\/>\n\n\n\n<p><strong>Loma Negra celebr\u00f3 este domingo su 122\u00b0 aniversario <\/strong>con una fiesta popular que tuvo como centro de encuentro la Plaza Libertad. La jornada reuni\u00f3 a una multitud de vecinos de la localidad y visitantes de distintos puntos del Partido, en una propuesta que combin\u00f3 actividades culturales, presentaciones art\u00edsticas y propuestas gastron\u00f3micas.<\/p>\n\n\n\n<p><\/p>\n\n\n\n<p>Las actividades comenzaron a las 14 horas con la <strong>apertura de los stands y puestos de venta d<\/strong>istribuidos alrededor de la plaza. Desde temprano, el flujo de p\u00fablico fue constante. Las presentaciones art\u00edsticas iniciaron a las 15 horas con un variado cronograma que se extendi\u00f3 durante toda la tarde.<\/p>\n\n\n\n<p><\/p>\n\n\n\n<p>Cerca de las 18 horas se realiz\u00f3 el acto protocolar, encabezado por el intendente Maximiliano Wesner, quien asisti\u00f3 acompa\u00f1ado por integrantes de su gabinete. Tambi\u00e9n participaron el delegado municipal de Loma Negra, Gabriel Suburu, representantes de la Casa de Cultura y Turismo, instituciones locales y referentes de la comunidad.<\/p>\n\n\n\n<p><\/p>\n\n\n\n<div class=\"wp-block-jetpack-slideshow aligncenter\" data-effect=\"slide\" style=\"--aspect-ratio:calc(800 \/ 600)\"><div class=\"wp-block-jetpack-slideshow_container swiper\"><ul class=\"wp-block-jetpack-slideshow_swiper-wrapper swiper-wrapper\"><li class=\"wp-block-jetpack-slideshow_slide swiper-slide\"><figure><img data-recalc-dims=\"1\" loading=\"lazy\" decoding=\"async\" width=\"800\" height=\"600\" alt=\"\" class=\"wp-block-jetpack-slideshow_image wp-image-189872\" data-id=\"189872\" data-aspect-ratio=\"800 \/ 600\" src=\"https:\/\/i0.wp.com\/cdnoticias.com\/wp-content\/uploads\/2025\/12\/aniversario-loma-negra-4.jpeg?resize=800%2C600&#038;ssl=1\" srcset=\"https:\/\/i0.wp.com\/cdnoticias.com\/wp-content\/uploads\/2025\/12\/aniversario-loma-negra-4.jpeg?resize=1024%2C768&amp;ssl=1 1024w, https:\/\/i0.wp.com\/cdnoticias.com\/wp-content\/uploads\/2025\/12\/aniversario-loma-negra-4.jpeg?resize=300%2C225&amp;ssl=1 300w, https:\/\/i0.wp.com\/cdnoticias.com\/wp-content\/uploads\/2025\/12\/aniversario-loma-negra-4.jpeg?resize=768%2C576&amp;ssl=1 768w, https:\/\/i0.wp.com\/cdnoticias.com\/wp-content\/uploads\/2025\/12\/aniversario-loma-negra-4.jpeg?resize=1536%2C1152&amp;ssl=1 1536w, https:\/\/i0.wp.com\/cdnoticias.com\/wp-content\/uploads\/2025\/12\/aniversario-loma-negra-4.jpeg?w=1600&amp;ssl=1 1600w\" sizes=\"(max-width: 800px) 100vw, 800px\" \/><\/figure><\/li><li class=\"wp-block-jetpack-slideshow_slide swiper-slide\"><figure><img data-recalc-dims=\"1\" loading=\"lazy\" decoding=\"async\" width=\"800\" height=\"600\" alt=\"\" class=\"wp-block-jetpack-slideshow_image wp-image-189871\" data-id=\"189871\" data-aspect-ratio=\"800 \/ 600\" src=\"https:\/\/i0.wp.com\/cdnoticias.com\/wp-content\/uploads\/2025\/12\/aniversario-loma-negra-3.jpeg?resize=800%2C600&#038;ssl=1\" srcset=\"https:\/\/i0.wp.com\/cdnoticias.com\/wp-content\/uploads\/2025\/12\/aniversario-loma-negra-3.jpeg?resize=1024%2C768&amp;ssl=1 1024w, https:\/\/i0.wp.com\/cdnoticias.com\/wp-content\/uploads\/2025\/12\/aniversario-loma-negra-3.jpeg?resize=300%2C225&amp;ssl=1 300w, https:\/\/i0.wp.com\/cdnoticias.com\/wp-content\/uploads\/2025\/12\/aniversario-loma-negra-3.jpeg?resize=768%2C576&amp;ssl=1 768w, https:\/\/i0.wp.com\/cdnoticias.com\/wp-content\/uploads\/2025\/12\/aniversario-loma-negra-3.jpeg?resize=1536%2C1152&amp;ssl=1 1536w, https:\/\/i0.wp.com\/cdnoticias.com\/wp-content\/uploads\/2025\/12\/aniversario-loma-negra-3.jpeg?w=1600&amp;ssl=1 1600w\" sizes=\"(max-width: 800px) 100vw, 800px\" \/><\/figure><\/li><li class=\"wp-block-jetpack-slideshow_slide swiper-slide\"><figure><img data-recalc-dims=\"1\" loading=\"lazy\" decoding=\"async\" width=\"800\" height=\"600\" alt=\"\" class=\"wp-block-jetpack-slideshow_image wp-image-189870\" data-id=\"189870\" data-aspect-ratio=\"800 \/ 600\" src=\"https:\/\/i0.wp.com\/cdnoticias.com\/wp-content\/uploads\/2025\/12\/aniversario-loma-negra-2.jpeg?resize=800%2C600&#038;ssl=1\" srcset=\"https:\/\/i0.wp.com\/cdnoticias.com\/wp-content\/uploads\/2025\/12\/aniversario-loma-negra-2.jpeg?resize=1024%2C768&amp;ssl=1 1024w, https:\/\/i0.wp.com\/cdnoticias.com\/wp-content\/uploads\/2025\/12\/aniversario-loma-negra-2.jpeg?resize=300%2C225&amp;ssl=1 300w, https:\/\/i0.wp.com\/cdnoticias.com\/wp-content\/uploads\/2025\/12\/aniversario-loma-negra-2.jpeg?resize=768%2C576&amp;ssl=1 768w, https:\/\/i0.wp.com\/cdnoticias.com\/wp-content\/uploads\/2025\/12\/aniversario-loma-negra-2.jpeg?resize=1536%2C1152&amp;ssl=1 1536w, https:\/\/i0.wp.com\/cdnoticias.com\/wp-content\/uploads\/2025\/12\/aniversario-loma-negra-2.jpeg?w=1600&amp;ssl=1 1600w\" sizes=\"(max-width: 800px) 100vw, 800px\" \/><\/figure><\/li><\/ul><a class=\"wp-block-jetpack-slideshow_button-prev swiper-button-prev swiper-button-white\" role=\"button\"><\/a><a class=\"wp-block-jetpack-slideshow_button-next swiper-button-next swiper-button-white\" role=\"button\"><\/a><a aria-label=\"Pause Slideshow\" class=\"wp-block-jetpack-slideshow_button-pause\" role=\"button\"><\/a><div class=\"wp-block-jetpack-slideshow_pagination swiper-pagination swiper-pagination-white\"><\/div><\/div><\/div>\n\n\n\n<p><\/p>\n\n\n\n<p>Durante su discurso, <strong>Wesner<\/strong> agradeci\u00f3 a los presentes por sostener la celebraci\u00f3n e hizo referencia a la identidad comunitaria de Loma Negra y Villa Alfredo Fortabat, destacando el rol de las instituciones en la vida cotidiana. Adem\u00e1s, repas\u00f3 acciones de gesti\u00f3n vinculadas a infraestructura, educaci\u00f3n, deporte y acompa\u00f1amiento a la localidad, como la apertura del decimotercer jard\u00edn maternal, La Lomita, y distintas obras en marcha.<\/p>\n\n\n\n<p><\/p>\n\n\n\n<p>A su turno, <strong>Alicia Navarro, representante de la Casa de la Cultura y Turismo<\/strong>, expres\u00f3 un mensaje emotivo acerca del valor simb\u00f3lico y comunitario del pueblo, y agradeci\u00f3 a quienes participaron de la organizaci\u00f3n y de la celebraci\u00f3n.<\/p>\n\n\n\n<p><\/p>\n\n\n\n<p>Luego del acto protocolar, se concret\u00f3 la <strong>entrega de reconocimientos a vecinos y vecinas, se desarroll\u00f3 el desfile de instituciones y posteriormente continuaron las presentaciones musicales y propuestas<\/strong> programadas para el cierre de la jornada.<\/p>\n","protected":false},"excerpt":{"rendered":"<p>La comunidad celebr\u00f3 con acto protocolar, reconocimientos y un amplio programa art\u00edstico y gastron\u00f3mico. Hubo fuerte acompa\u00f1amiento institucional y gran<\/p>\n","protected":false},"author":5,"featured_media":189873,"comment_status":"closed","ping_status":"closed","sticky":false,"template":"","format":"standard","meta":{"_jetpack_memberships_contains_paid_content":false,"footnotes":""},"categories":[5,1],"tags":[],"class_list":["post-189869","post","type-post","status-publish","format-standard","has-post-thumbnail","hentry","category-informacion-general","category-portada"],"jetpack_featured_media_url":"https:\/\/i0.wp.com\/cdnoticias.com\/wp-content\/uploads\/2025\/12\/aniversario-loma-negra-5.jpeg?fit=1600%2C1200&ssl=1","jetpack_sharing_enabled":true,"_links":{"self":[{"href":"https:\/\/cdnoticias.com\/index.php\/wp-json\/wp\/v2\/posts\/189869","targetHints":{"allow":["GET"]}}],"collection":[{"href":"https:\/\/cdnoticias.com\/index.php\/wp-json\/wp\/v2\/posts"}],"about":[{"href":"https:\/\/cdnoticias.com\/index.php\/wp-json\/wp\/v2\/types\/post"}],"author":[{"embeddable":true,"href":"https:\/\/cdnoticias.com\/index.php\/wp-json\/wp\/v2\/users\/5"}],"replies":[{"embeddable":true,"href":"https:\/\/cdnoticias.com\/index.php\/wp-json\/wp\/v2\/comments?post=189869"}],"version-history":[{"count":0,"href":"https:\/\/cdnoticias.com\/index.php\/wp-json\/wp\/v2\/posts\/189869\/revisions"}],"wp:featuredmedia":[{"embeddable":true,"href":"https:\/\/cdnoticias.com\/index.php\/wp-json\/wp\/v2\/media\/189873"}],"wp:attachment":[{"href":"https:\/\/cdnoticias.com\/index.php\/wp-json\/wp\/v2\/media?parent=189869"}],"wp:term":[{"taxonomy":"category","embeddable":true,"href":"https:\/\/cdnoticias.com\/index.php\/wp-json\/wp\/v2\/categories?post=189869"},{"taxonomy":"post_tag","embeddable":true,"href":"https:\/\/cdnoticias.com\/index.php\/wp-json\/wp\/v2\/tags?post=189869"}],"curies":[{"name":"wp","href":"https:\/\/api.w.org\/{rel}","templated":true}]}}