{"id":189835,"date":"2025-12-07T09:12:47","date_gmt":"2025-12-07T12:12:47","guid":{"rendered":"https:\/\/cdnoticias.com\/?p=189835"},"modified":"2025-12-07T09:12:49","modified_gmt":"2025-12-07T12:12:49","slug":"acuerdo-mercantil-se-firmo-una-nueva-revision-paritaria-con-sumas-fijas-hasta-abril-de-2026","status":"publish","type":"post","link":"https:\/\/cdnoticias.com\/index.php\/2025\/12\/07\/acuerdo-mercantil-se-firmo-una-nueva-revision-paritaria-con-sumas-fijas-hasta-abril-de-2026\/","title":{"rendered":"Acuerdo mercantil: se firm\u00f3 una nueva revisi\u00f3n paritaria con sumas fijas hasta abril de 2026"},"content":{"rendered":"\n<p>Las entidades empresarias y el sindicato pactaron sumas no remunerativas de $60.000 y extendieron otra de $40.000. En marzo de 2026 volver\u00e1n a analizar la situaci\u00f3n econ\u00f3mica.<\/p>\n\n\n\n<hr class=\"wp-block-separator has-alpha-channel-opacity\"\/>\n\n\n\n<p>La<strong> C\u00e1mara Argentina de Comercio y Servicios (CAC)<\/strong>, la <strong>Confederaci\u00f3n Argentina de la Mediana Empresa (CAME)<\/strong>, la<strong> Uni\u00f3n de Entidades Comerciales Argentinas (UDECA)<\/strong> y la <strong>Federaci\u00f3n Argentina de Empleados de Comercio y Servicios (FAECyS) <\/strong>firmaron un nuevo acuerdo en el marco de la revisi\u00f3n paritaria de la actividad mercantil.<\/p>\n\n\n\n<p><\/p>\n\n\n\n<p>Seg\u00fan inform\u00f3 CAME, las partes acordaron el pago de una<strong> suma fija no remunerativa de $60.000<\/strong>, considerada como recomposici\u00f3n, que <strong>se abonar\u00e1 en los meses de diciembre, enero, febrero y marzo. <\/strong>Cada cuota se extinguir\u00e1 con su pago mensual, excepto la correspondiente a <strong>marzo de 2026, que se incorporar\u00e1 al salario b\u00e1sico en abril de 2026, en su valor nominal.<\/strong><\/p>\n\n\n\n<p><\/p>\n\n\n\n<p>Adem\u00e1s, se resolvi\u00f3 <strong>extender hasta marzo de 2026 la suma fija no remunerativa de $40.000<\/strong>, previamente acordada el 26 de junio de 2025, manteniendo los mismos t\u00e9rminos y alcances establecidos entonces.<\/p>\n\n\n\n<p><\/p>\n\n\n\n<p>El acuerdo <strong>tendr\u00e1 vigencia entre el 1\u00b0 de julio de 2025 y el 30 de abril de 2026.<\/strong> Las partes tambi\u00e9n se comprometieron a <strong>volver a reunirse en marzo de 2026<\/strong> para evaluar posibles variaciones econ\u00f3micas que pudieran surgir en ese per\u00edodo.<\/p>\n\n\n\n<p><\/p>\n\n\n\n<p>Por \u00faltimo, aclararon que los incrementos establecidos no ser\u00e1n vinculantes para los acuerdos salariales que pudieran firmarse en la ciudad de R\u00edo Grande (Tierra del Fuego). No obstante, las sumas resultantes s\u00ed constituir\u00e1n el m\u00ednimo convencional vigente desde su homologaci\u00f3n.<\/p>\n","protected":false},"excerpt":{"rendered":"<p>Las entidades empresarias y el sindicato pactaron sumas no remunerativas de $60.000 y extendieron otra de $40.000. En marzo de<\/p>\n","protected":false},"author":5,"featured_media":189836,"comment_status":"closed","ping_status":"closed","sticky":false,"template":"","format":"standard","meta":{"_jetpack_memberships_contains_paid_content":false,"footnotes":""},"categories":[6,1],"tags":[],"class_list":["post-189835","post","type-post","status-publish","format-standard","has-post-thumbnail","hentry","category-nacionales","category-portada"],"jetpack_featured_media_url":"https:\/\/i0.wp.com\/cdnoticias.com\/wp-content\/uploads\/2025\/12\/faecys-sede.png?fit=800%2C445&ssl=1","jetpack_sharing_enabled":true,"_links":{"self":[{"href":"https:\/\/cdnoticias.com\/index.php\/wp-json\/wp\/v2\/posts\/189835","targetHints":{"allow":["GET"]}}],"collection":[{"href":"https:\/\/cdnoticias.com\/index.php\/wp-json\/wp\/v2\/posts"}],"about":[{"href":"https:\/\/cdnoticias.com\/index.php\/wp-json\/wp\/v2\/types\/post"}],"author":[{"embeddable":true,"href":"https:\/\/cdnoticias.com\/index.php\/wp-json\/wp\/v2\/users\/5"}],"replies":[{"embeddable":true,"href":"https:\/\/cdnoticias.com\/index.php\/wp-json\/wp\/v2\/comments?post=189835"}],"version-history":[{"count":0,"href":"https:\/\/cdnoticias.com\/index.php\/wp-json\/wp\/v2\/posts\/189835\/revisions"}],"wp:featuredmedia":[{"embeddable":true,"href":"https:\/\/cdnoticias.com\/index.php\/wp-json\/wp\/v2\/media\/189836"}],"wp:attachment":[{"href":"https:\/\/cdnoticias.com\/index.php\/wp-json\/wp\/v2\/media?parent=189835"}],"wp:term":[{"taxonomy":"category","embeddable":true,"href":"https:\/\/cdnoticias.com\/index.php\/wp-json\/wp\/v2\/categories?post=189835"},{"taxonomy":"post_tag","embeddable":true,"href":"https:\/\/cdnoticias.com\/index.php\/wp-json\/wp\/v2\/tags?post=189835"}],"curies":[{"name":"wp","href":"https:\/\/api.w.org\/{rel}","templated":true}]}}