{"id":189831,"date":"2025-12-06T19:35:17","date_gmt":"2025-12-06T22:35:17","guid":{"rendered":"https:\/\/cdnoticias.com\/?p=189831"},"modified":"2025-12-06T19:35:19","modified_gmt":"2025-12-06T22:35:19","slug":"gremios-estatales-reclaman-reapertura-inmediata-de-paritarias-tras-la-aprobacion-de-la-ley-de-endeudamiento","status":"publish","type":"post","link":"https:\/\/cdnoticias.com\/index.php\/2025\/12\/06\/gremios-estatales-reclaman-reapertura-inmediata-de-paritarias-tras-la-aprobacion-de-la-ley-de-endeudamiento\/","title":{"rendered":"Gremios estatales reclaman reapertura inmediata de paritarias tras la aprobaci\u00f3n de la ley de endeudamiento"},"content":{"rendered":"\n<p>Tras la habilitaci\u00f3n para que Axel Kicillof tome deuda por 3.680 millones de d\u00f3lares, sindicatos bonaerenses solicitaron retomar negociaciones salariales.<\/p>\n\n\n\n<hr class=\"wp-block-separator aligncenter has-alpha-channel-opacity\"\/>\n\n\n\n<p>Luego de que la Legislatura aprobara la ley que habilita al gobernador Axel Kicillof a emitir deuda por 3.680 millones de d\u00f3lares<strong>, los gremios que representan a trabajadores estatales bonaerenses pidieron de manera formal la reapertura urgente de paritarias para discutir un incremento salarial. Las solicitudes fueron presentadas por la Federaci\u00f3n de Gremios Estatales y Particulares de la Provincia de Buenos Aires (FEGEPPBA), la Asociaci\u00f3n de Judiciales Bonaerenses (AJB) y, d\u00edas atr\u00e1s, por la Asociaci\u00f3n de Trabajadores del Estado (ATE).<\/strong><\/p>\n\n\n\n<p>Las organizaciones gremiales enviaron notas al Ministerio de Trabajo y remarcaron la necesidad de avanzar con recomposici\u00f3n salarial.<strong> Claudio Ar\u00e9valo, secretario general de ATE, sostuvo que <em>\u201ccon la reciente aprobaci\u00f3n de la Ley de Financiamiento, entendemos que est\u00e1n dadas las condiciones para retomar, profundizar y avanzar en la recomposici\u00f3n salarial\u201d.<\/em><\/strong><\/p>\n\n\n\n<p>En noviembre se realiz\u00f3 una instancia paritaria en medio del debate legislativo por el endeudamiento, pero el gobierno no present\u00f3 una propuesta concreta y expuso dificultades vinculadas al recorte de transferencias nacionales. <strong>Parte de los gremios respaldaron al Ejecutivo en esa discusi\u00f3n y ATE incluso convoc\u00f3 una conferencia junto a SUTEBA para acompa\u00f1ar la aprobaci\u00f3n del proyecto.<\/strong><\/p>\n\n\n\n<p>Con el cierre del a\u00f1o cercano, los sindicatos buscan acelerar tiempos y reclaman una actualizaci\u00f3n que impacte antes del fin del 2025. <strong>Seg\u00fan datos difundidos por DIB, en los primeros diez meses del a\u00f1o los estatales percibieron un incremento del 25,9%, frente a una inflaci\u00f3n acumulada del 24,8% en el mismo per\u00edodo.<\/strong><\/p>\n\n\n\n<p>En paralelo, Kicillof mantiene un contrapunto con el ministro de Econom\u00eda Luis Caputo, quien plantea autorizar solo parte del endeudamiento aprobado \u20141.048 millones de d\u00f3lares para cubrir pasivos anteriores\u2014 al considerar que la Provincia no cumple un punto del pacto fiscal 2027. <strong>El Gobernador insiste en que el monto total, salvo 650 millones para entes descentralizados, ser\u00e1 destinado a ese fin y pidi\u00f3 al ministro agilizar la autorizaci\u00f3n: \u201cRapidito, Toto\u201d, expres\u00f3.<\/strong><\/p>\n","protected":false},"excerpt":{"rendered":"<p>Tras la habilitaci\u00f3n para que Axel Kicillof tome deuda por 3.680 millones de d\u00f3lares, sindicatos bonaerenses solicitaron retomar negociaciones salariales.<\/p>\n","protected":false},"author":2,"featured_media":151120,"comment_status":"closed","ping_status":"closed","sticky":false,"template":"","format":"standard","meta":{"_jetpack_memberships_contains_paid_content":false,"footnotes":""},"categories":[6,1],"tags":[],"class_list":["post-189831","post","type-post","status-publish","format-standard","has-post-thumbnail","hentry","category-nacionales","category-portada"],"jetpack_featured_media_url":"https:\/\/i0.wp.com\/cdnoticias.com\/wp-content\/uploads\/2025\/02\/paritarias-kicillof-e1746997150233.jpg?fit=696%2C370&ssl=1","jetpack_sharing_enabled":true,"_links":{"self":[{"href":"https:\/\/cdnoticias.com\/index.php\/wp-json\/wp\/v2\/posts\/189831","targetHints":{"allow":["GET"]}}],"collection":[{"href":"https:\/\/cdnoticias.com\/index.php\/wp-json\/wp\/v2\/posts"}],"about":[{"href":"https:\/\/cdnoticias.com\/index.php\/wp-json\/wp\/v2\/types\/post"}],"author":[{"embeddable":true,"href":"https:\/\/cdnoticias.com\/index.php\/wp-json\/wp\/v2\/users\/2"}],"replies":[{"embeddable":true,"href":"https:\/\/cdnoticias.com\/index.php\/wp-json\/wp\/v2\/comments?post=189831"}],"version-history":[{"count":0,"href":"https:\/\/cdnoticias.com\/index.php\/wp-json\/wp\/v2\/posts\/189831\/revisions"}],"wp:featuredmedia":[{"embeddable":true,"href":"https:\/\/cdnoticias.com\/index.php\/wp-json\/wp\/v2\/media\/151120"}],"wp:attachment":[{"href":"https:\/\/cdnoticias.com\/index.php\/wp-json\/wp\/v2\/media?parent=189831"}],"wp:term":[{"taxonomy":"category","embeddable":true,"href":"https:\/\/cdnoticias.com\/index.php\/wp-json\/wp\/v2\/categories?post=189831"},{"taxonomy":"post_tag","embeddable":true,"href":"https:\/\/cdnoticias.com\/index.php\/wp-json\/wp\/v2\/tags?post=189831"}],"curies":[{"name":"wp","href":"https:\/\/api.w.org\/{rel}","templated":true}]}}