{"id":189822,"date":"2025-12-06T18:40:16","date_gmt":"2025-12-06T21:40:16","guid":{"rendered":"https:\/\/cdnoticias.com\/?p=189822"},"modified":"2025-12-06T18:40:18","modified_gmt":"2025-12-06T21:40:18","slug":"emotivo-egreso-de-los-jardines-maternales-municipales-en-el-teatro-municipal","status":"publish","type":"post","link":"https:\/\/cdnoticias.com\/index.php\/2025\/12\/06\/emotivo-egreso-de-los-jardines-maternales-municipales-en-el-teatro-municipal\/","title":{"rendered":"Emotivo egreso de los Jardines Maternales Municipales en el Teatro Municipal"},"content":{"rendered":"\n<p>M\u00e1s de 200 ni\u00f1as y ni\u00f1os finalizaron su ciclo en las salitas de 2 a\u00f1os, en una jornada cargada de emoci\u00f3n y acompa\u00f1amiento familiar.<\/p>\n\n\n\n<hr class=\"wp-block-separator aligncenter has-alpha-channel-opacity\"\/>\n\n\n\n<p>Este viernes por la ma\u00f1ana<strong>, los Jardines Maternales Municipales realizaron los actos de egreso de los ni\u00f1os y ni\u00f1as que culminaron su recorrido en las salitas de 2 a\u00f1os.<\/strong> La ceremonia, que reuni\u00f3 a familias y equipos educativos, se desarroll\u00f3 en el Teatro Municipal en un clima de celebraci\u00f3n, orgullo y cierre de etapa.<\/p>\n\n\n\n<figure class=\"wp-block-image size-large\"><img data-recalc-dims=\"1\" loading=\"lazy\" decoding=\"async\" width=\"800\" height=\"532\" src=\"https:\/\/i0.wp.com\/cdnoticias.com\/wp-content\/uploads\/2025\/12\/Egresos-2025-jardines-maternales-municipales-19-scaled-1.jpg?resize=800%2C532&#038;ssl=1\" alt=\"\" class=\"wp-image-189827\" srcset=\"https:\/\/i0.wp.com\/cdnoticias.com\/wp-content\/uploads\/2025\/12\/Egresos-2025-jardines-maternales-municipales-19-scaled-1.jpg?resize=1024%2C681&amp;ssl=1 1024w, https:\/\/i0.wp.com\/cdnoticias.com\/wp-content\/uploads\/2025\/12\/Egresos-2025-jardines-maternales-municipales-19-scaled-1.jpg?resize=300%2C200&amp;ssl=1 300w, https:\/\/i0.wp.com\/cdnoticias.com\/wp-content\/uploads\/2025\/12\/Egresos-2025-jardines-maternales-municipales-19-scaled-1.jpg?resize=768%2C511&amp;ssl=1 768w, https:\/\/i0.wp.com\/cdnoticias.com\/wp-content\/uploads\/2025\/12\/Egresos-2025-jardines-maternales-municipales-19-scaled-1.jpg?resize=1536%2C1022&amp;ssl=1 1536w, https:\/\/i0.wp.com\/cdnoticias.com\/wp-content\/uploads\/2025\/12\/Egresos-2025-jardines-maternales-municipales-19-scaled-1.jpg?resize=2048%2C1362&amp;ssl=1 2048w, https:\/\/i0.wp.com\/cdnoticias.com\/wp-content\/uploads\/2025\/12\/Egresos-2025-jardines-maternales-municipales-19-scaled-1.jpg?resize=272%2C182&amp;ssl=1 272w, https:\/\/i0.wp.com\/cdnoticias.com\/wp-content\/uploads\/2025\/12\/Egresos-2025-jardines-maternales-municipales-19-scaled-1.jpg?w=1600&amp;ssl=1 1600w, https:\/\/i0.wp.com\/cdnoticias.com\/wp-content\/uploads\/2025\/12\/Egresos-2025-jardines-maternales-municipales-19-scaled-1.jpg?w=2400&amp;ssl=1 2400w\" sizes=\"auto, (max-width: 800px) 100vw, 800px\" \/><\/figure>\n\n\n\n<p>El intendente Maximiliano Wesner encabez\u00f3 el acto junto a la secretaria de Desarrollo de la Comunidad Laura Gamberini, la subsecretaria de Protecci\u00f3n Integral de Derechos Malena Pianciola, la directora de Ni\u00f1eces y Adolescencias Lucrecia Caresia y la coordinadora de los Jardines Maternales Municipales Ver\u00f3nica Brisioli.<\/p>\n\n\n\n<p><em>\u201cDesde el equipo municipal trabajamos con tanto esfuerzo, respeto y ternura acompa\u00f1ando este acto de 200 egresaditos, en cada uno de los 13 Maternales Municipales que es su segunda casa<\/em>\u201d, expres\u00f3 Wesner, destacando el rol formativo en primera infancia. A su vez,<strong> remarc\u00f3 la importancia de una educaci\u00f3n atravesada por el afecto:<em> \u201cLo m\u00e1s importante, que llegue el aprendizaje con amor, con ternura, con respeto, con cari\u00f1o, con acompa\u00f1amiento, con l\u00edmites, pero desde el mayor profundo de los respetos que es lo que merece la primera infancia y por eso trabajamos todos los d\u00edas\u201d<\/em>. Tambi\u00e9n agradeci\u00f3 a las familias por la confianza puesta en el sistema municipal.<\/strong><\/p>\n\n\n\n<figure class=\"wp-block-image size-large\"><img data-recalc-dims=\"1\" loading=\"lazy\" decoding=\"async\" width=\"800\" height=\"532\" src=\"https:\/\/i0.wp.com\/cdnoticias.com\/wp-content\/uploads\/2025\/12\/Egresos-2025-jardines-maternales-municipales-46-scaled-1.jpg?resize=800%2C532&#038;ssl=1\" alt=\"\" class=\"wp-image-189828\" srcset=\"https:\/\/i0.wp.com\/cdnoticias.com\/wp-content\/uploads\/2025\/12\/Egresos-2025-jardines-maternales-municipales-46-scaled-1.jpg?resize=1024%2C681&amp;ssl=1 1024w, https:\/\/i0.wp.com\/cdnoticias.com\/wp-content\/uploads\/2025\/12\/Egresos-2025-jardines-maternales-municipales-46-scaled-1.jpg?resize=300%2C200&amp;ssl=1 300w, https:\/\/i0.wp.com\/cdnoticias.com\/wp-content\/uploads\/2025\/12\/Egresos-2025-jardines-maternales-municipales-46-scaled-1.jpg?resize=768%2C511&amp;ssl=1 768w, https:\/\/i0.wp.com\/cdnoticias.com\/wp-content\/uploads\/2025\/12\/Egresos-2025-jardines-maternales-municipales-46-scaled-1.jpg?resize=1536%2C1022&amp;ssl=1 1536w, https:\/\/i0.wp.com\/cdnoticias.com\/wp-content\/uploads\/2025\/12\/Egresos-2025-jardines-maternales-municipales-46-scaled-1.jpg?resize=2048%2C1362&amp;ssl=1 2048w, https:\/\/i0.wp.com\/cdnoticias.com\/wp-content\/uploads\/2025\/12\/Egresos-2025-jardines-maternales-municipales-46-scaled-1.jpg?resize=272%2C182&amp;ssl=1 272w, https:\/\/i0.wp.com\/cdnoticias.com\/wp-content\/uploads\/2025\/12\/Egresos-2025-jardines-maternales-municipales-46-scaled-1.jpg?w=1600&amp;ssl=1 1600w, https:\/\/i0.wp.com\/cdnoticias.com\/wp-content\/uploads\/2025\/12\/Egresos-2025-jardines-maternales-municipales-46-scaled-1.jpg?w=2400&amp;ssl=1 2400w\" sizes=\"auto, (max-width: 800px) 100vw, 800px\" \/><\/figure>\n\n\n\n<figure class=\"wp-block-image size-large\"><img data-recalc-dims=\"1\" loading=\"lazy\" decoding=\"async\" width=\"800\" height=\"532\" src=\"https:\/\/i0.wp.com\/cdnoticias.com\/wp-content\/uploads\/2025\/12\/Egresos-2025-jardines-maternales-municipales-36-scaled-1.jpg?resize=800%2C532&#038;ssl=1\" alt=\"\" class=\"wp-image-189826\" srcset=\"https:\/\/i0.wp.com\/cdnoticias.com\/wp-content\/uploads\/2025\/12\/Egresos-2025-jardines-maternales-municipales-36-scaled-1.jpg?resize=1024%2C681&amp;ssl=1 1024w, https:\/\/i0.wp.com\/cdnoticias.com\/wp-content\/uploads\/2025\/12\/Egresos-2025-jardines-maternales-municipales-36-scaled-1.jpg?resize=300%2C200&amp;ssl=1 300w, https:\/\/i0.wp.com\/cdnoticias.com\/wp-content\/uploads\/2025\/12\/Egresos-2025-jardines-maternales-municipales-36-scaled-1.jpg?resize=768%2C511&amp;ssl=1 768w, https:\/\/i0.wp.com\/cdnoticias.com\/wp-content\/uploads\/2025\/12\/Egresos-2025-jardines-maternales-municipales-36-scaled-1.jpg?resize=1536%2C1022&amp;ssl=1 1536w, https:\/\/i0.wp.com\/cdnoticias.com\/wp-content\/uploads\/2025\/12\/Egresos-2025-jardines-maternales-municipales-36-scaled-1.jpg?resize=2048%2C1362&amp;ssl=1 2048w, https:\/\/i0.wp.com\/cdnoticias.com\/wp-content\/uploads\/2025\/12\/Egresos-2025-jardines-maternales-municipales-36-scaled-1.jpg?resize=272%2C182&amp;ssl=1 272w, https:\/\/i0.wp.com\/cdnoticias.com\/wp-content\/uploads\/2025\/12\/Egresos-2025-jardines-maternales-municipales-36-scaled-1.jpg?w=1600&amp;ssl=1 1600w, https:\/\/i0.wp.com\/cdnoticias.com\/wp-content\/uploads\/2025\/12\/Egresos-2025-jardines-maternales-municipales-36-scaled-1.jpg?w=2400&amp;ssl=1 2400w\" sizes=\"auto, (max-width: 800px) 100vw, 800px\" \/><\/figure>\n\n\n\n<p>El acto reuni\u00f3 a<strong> 217 ni\u00f1as y ni\u00f1os de las sedes Hornerito, Papa Francisco, Mi Casita, Rayito de Sol, Arco Iris, La Lomita, Rinc\u00f3n Feliz, Gotitas de Roc\u00edo, Los Ni\u00f1os Primero, Colores, Principito, Lucerito y Piruetas<\/strong>. Los egresados recibieron sus diplomas en una jornada marcada por la emoci\u00f3n compartida con la comunidad educativa. Adem\u00e1s, se reconoci\u00f3 especialmente a las coordinadoras de los 13 establecimientos por su labor anual.<\/p>\n\n\n\n<figure class=\"wp-block-image size-large\"><img data-recalc-dims=\"1\" loading=\"lazy\" decoding=\"async\" width=\"800\" height=\"532\" src=\"https:\/\/i0.wp.com\/cdnoticias.com\/wp-content\/uploads\/2025\/12\/Egresos-2025-jardines-maternales-municipales-8-scaled-1.jpg?resize=800%2C532&#038;ssl=1\" alt=\"\" class=\"wp-image-189824\" srcset=\"https:\/\/i0.wp.com\/cdnoticias.com\/wp-content\/uploads\/2025\/12\/Egresos-2025-jardines-maternales-municipales-8-scaled-1.jpg?resize=1024%2C681&amp;ssl=1 1024w, https:\/\/i0.wp.com\/cdnoticias.com\/wp-content\/uploads\/2025\/12\/Egresos-2025-jardines-maternales-municipales-8-scaled-1.jpg?resize=300%2C200&amp;ssl=1 300w, https:\/\/i0.wp.com\/cdnoticias.com\/wp-content\/uploads\/2025\/12\/Egresos-2025-jardines-maternales-municipales-8-scaled-1.jpg?resize=768%2C511&amp;ssl=1 768w, https:\/\/i0.wp.com\/cdnoticias.com\/wp-content\/uploads\/2025\/12\/Egresos-2025-jardines-maternales-municipales-8-scaled-1.jpg?resize=1536%2C1022&amp;ssl=1 1536w, https:\/\/i0.wp.com\/cdnoticias.com\/wp-content\/uploads\/2025\/12\/Egresos-2025-jardines-maternales-municipales-8-scaled-1.jpg?resize=2048%2C1362&amp;ssl=1 2048w, https:\/\/i0.wp.com\/cdnoticias.com\/wp-content\/uploads\/2025\/12\/Egresos-2025-jardines-maternales-municipales-8-scaled-1.jpg?resize=272%2C182&amp;ssl=1 272w, https:\/\/i0.wp.com\/cdnoticias.com\/wp-content\/uploads\/2025\/12\/Egresos-2025-jardines-maternales-municipales-8-scaled-1.jpg?w=1600&amp;ssl=1 1600w, https:\/\/i0.wp.com\/cdnoticias.com\/wp-content\/uploads\/2025\/12\/Egresos-2025-jardines-maternales-municipales-8-scaled-1.jpg?w=2400&amp;ssl=1 2400w\" sizes=\"auto, (max-width: 800px) 100vw, 800px\" \/><\/figure>\n\n\n\n<p>Desde la Subsecretar\u00eda de Protecci\u00f3n Integral de Derechos se resalt\u00f3 la<strong> tarea sostenida de los equipos docentes y el rol de las familias en la construcci\u00f3n de espacios afectivos, seguros y de calidad para el desarrollo integral de las infancias.<\/strong><\/p>\n\n\n\n<p><\/p>\n","protected":false},"excerpt":{"rendered":"<p>M\u00e1s de 200 ni\u00f1as y ni\u00f1os finalizaron su ciclo en las salitas de 2 a\u00f1os, en una jornada cargada de<\/p>\n","protected":false},"author":2,"featured_media":189825,"comment_status":"closed","ping_status":"closed","sticky":false,"template":"","format":"standard","meta":{"_jetpack_memberships_contains_paid_content":false,"footnotes":""},"categories":[5,1],"tags":[],"class_list":["post-189822","post","type-post","status-publish","format-standard","has-post-thumbnail","hentry","category-informacion-general","category-portada"],"jetpack_featured_media_url":"https:\/\/i0.wp.com\/cdnoticias.com\/wp-content\/uploads\/2025\/12\/Egresos-2025-jardines-maternales-municipales-27-scaled-1.jpg?fit=2560%2C1703&ssl=1","jetpack_sharing_enabled":true,"_links":{"self":[{"href":"https:\/\/cdnoticias.com\/index.php\/wp-json\/wp\/v2\/posts\/189822","targetHints":{"allow":["GET"]}}],"collection":[{"href":"https:\/\/cdnoticias.com\/index.php\/wp-json\/wp\/v2\/posts"}],"about":[{"href":"https:\/\/cdnoticias.com\/index.php\/wp-json\/wp\/v2\/types\/post"}],"author":[{"embeddable":true,"href":"https:\/\/cdnoticias.com\/index.php\/wp-json\/wp\/v2\/users\/2"}],"replies":[{"embeddable":true,"href":"https:\/\/cdnoticias.com\/index.php\/wp-json\/wp\/v2\/comments?post=189822"}],"version-history":[{"count":0,"href":"https:\/\/cdnoticias.com\/index.php\/wp-json\/wp\/v2\/posts\/189822\/revisions"}],"wp:featuredmedia":[{"embeddable":true,"href":"https:\/\/cdnoticias.com\/index.php\/wp-json\/wp\/v2\/media\/189825"}],"wp:attachment":[{"href":"https:\/\/cdnoticias.com\/index.php\/wp-json\/wp\/v2\/media?parent=189822"}],"wp:term":[{"taxonomy":"category","embeddable":true,"href":"https:\/\/cdnoticias.com\/index.php\/wp-json\/wp\/v2\/categories?post=189822"},{"taxonomy":"post_tag","embeddable":true,"href":"https:\/\/cdnoticias.com\/index.php\/wp-json\/wp\/v2\/tags?post=189822"}],"curies":[{"name":"wp","href":"https:\/\/api.w.org\/{rel}","templated":true}]}}