{"id":189815,"date":"2025-12-06T16:53:29","date_gmt":"2025-12-06T19:53:29","guid":{"rendered":"https:\/\/cdnoticias.com\/?p=189815"},"modified":"2025-12-07T10:22:34","modified_gmt":"2025-12-07T13:22:34","slug":"la-duena-de-luz-azul-revelo-que-le-pidio-a-milei-que-hiciera-foco-en-las-pymes","status":"publish","type":"post","link":"https:\/\/cdnoticias.com\/index.php\/2025\/12\/06\/la-duena-de-luz-azul-revelo-que-le-pidio-a-milei-que-hiciera-foco-en-las-pymes\/","title":{"rendered":"La due\u00f1a de Luz Azul revel\u00f3 que le pidi\u00f3 a Milei que hiciera \u201cfoco\u201d en las Pymes"},"content":{"rendered":"\n<p>Gabriela Benac cont\u00f3 los mensajes que le envi\u00f3 al Presidente tras su discurso en un Congreso de L\u00edderes organizado por El Cronista.<\/p>\n\n\n\n<hr class=\"wp-block-separator has-alpha-channel-opacity\"\/>\n\n\n\n<p><em>Por Agencia DIB<\/em><\/p>\n\n\n\n<p><\/p>\n\n\n\n<p>La due\u00f1a de la empresa l\u00e1ctea bonaerense Luz Azul revel\u00f3 este viernes el contenido de una <strong>serie de mensajes privados que intercambi\u00f3 con el presidente Javier Milei<\/strong>, y en los le pidi\u00f3 al mandatario que hiciera \u201cfoco\u201d en las Pymes y deje de \u201ccontestarle a economistas\u201d durante sus intervenciones p\u00fablicas.<\/p>\n\n\n\n<p><\/p>\n\n\n\n<p>La empresaria <strong>Gabriela Benac cont\u00f3 que le escribi\u00f3 a Milei porque \u201cno le gust\u00f3\u201d el mensaje que dio el jefe de Estado en el Congreso de L\u00edderes <\/strong>organizado por el diario digital El Cronista y dio a conocer, en di\u00e1logo con la radio AM750, el contenido de la conversaci\u00f3n con el Presidente.<\/p>\n\n\n\n<p><\/p>\n\n\n\n<blockquote class=\"wp-block-quote is-layout-flow wp-block-quote-is-layout-flow\">\n<p>\u201cJavier, por qu\u00e9 te ocup\u00e1s de contestarle a los economistas, que no me importa ni qui\u00e9nes son. Hablanos a los emprendedores y a los que trabajamos\u201d, relat\u00f3 Benac sobre su pedido al Presidente v\u00eda Whatsapp.<\/p>\n<\/blockquote>\n\n\n\n<p><\/p>\n\n\n\n<p>La titular de la conocida firma l\u00e1ctea Luz Azul, con presencia en varias localidades bonaerenses, <strong>le manifest\u00f3 a Milei el apoyo a su proyecto, aunque demand\u00f3 que \u201chaga foco\u201d en las PyMEs. <\/strong>\u201c\u00c9l est\u00e1 enceguecido en la macro y en algo tan t\u00e9cnico que no lo podemos creer\u201d, subray\u00f3 Benac.<\/p>\n\n\n\n<p><\/p>\n\n\n\n<p>En otro tramo del reportaje radial, <strong>cont\u00f3 lo que le contest\u00f3 el mandatario. \u201cEstoy cansado de economistas mediocres y periodistas ladrones que critican porque no saben o no entienden. No puede ser que decir estas estupideces resulte gratis\u201d<\/strong>, habr\u00eda dicho Milei.<\/p>\n\n\n\n<p><\/p>\n\n\n\n<p>\u201cMuchos de los que estaban en el evento apoyan, pero despu\u00e9s contratan a esa gente. Estos tipos hicieron quebrar empresas y est\u00e1n todo el tiempo generando problemas\u201d, replic\u00f3 el jefe de Estado a la empresaria del rubro l\u00e1cteo.<\/p>\n","protected":false},"excerpt":{"rendered":"<p>Gabriela Benac cont\u00f3 los mensajes que le envi\u00f3 al Presidente tras su discurso en un Congreso de L\u00edderes organizado por<\/p>\n","protected":false},"author":5,"featured_media":189816,"comment_status":"closed","ping_status":"closed","sticky":false,"template":"","format":"standard","meta":{"_jetpack_memberships_contains_paid_content":false,"footnotes":""},"categories":[4,1],"tags":[],"class_list":["post-189815","post","type-post","status-publish","format-standard","has-post-thumbnail","hentry","category-politica","category-portada"],"jetpack_featured_media_url":"https:\/\/i0.wp.com\/cdnoticias.com\/wp-content\/uploads\/2025\/12\/luz-azul-dib.png?fit=800%2C445&ssl=1","jetpack_sharing_enabled":true,"_links":{"self":[{"href":"https:\/\/cdnoticias.com\/index.php\/wp-json\/wp\/v2\/posts\/189815","targetHints":{"allow":["GET"]}}],"collection":[{"href":"https:\/\/cdnoticias.com\/index.php\/wp-json\/wp\/v2\/posts"}],"about":[{"href":"https:\/\/cdnoticias.com\/index.php\/wp-json\/wp\/v2\/types\/post"}],"author":[{"embeddable":true,"href":"https:\/\/cdnoticias.com\/index.php\/wp-json\/wp\/v2\/users\/5"}],"replies":[{"embeddable":true,"href":"https:\/\/cdnoticias.com\/index.php\/wp-json\/wp\/v2\/comments?post=189815"}],"version-history":[{"count":0,"href":"https:\/\/cdnoticias.com\/index.php\/wp-json\/wp\/v2\/posts\/189815\/revisions"}],"wp:featuredmedia":[{"embeddable":true,"href":"https:\/\/cdnoticias.com\/index.php\/wp-json\/wp\/v2\/media\/189816"}],"wp:attachment":[{"href":"https:\/\/cdnoticias.com\/index.php\/wp-json\/wp\/v2\/media?parent=189815"}],"wp:term":[{"taxonomy":"category","embeddable":true,"href":"https:\/\/cdnoticias.com\/index.php\/wp-json\/wp\/v2\/categories?post=189815"},{"taxonomy":"post_tag","embeddable":true,"href":"https:\/\/cdnoticias.com\/index.php\/wp-json\/wp\/v2\/tags?post=189815"}],"curies":[{"name":"wp","href":"https:\/\/api.w.org\/{rel}","templated":true}]}}