{"id":189795,"date":"2025-12-06T10:52:08","date_gmt":"2025-12-06T13:52:08","guid":{"rendered":"https:\/\/cdnoticias.com\/?p=189795"},"modified":"2025-12-06T10:52:10","modified_gmt":"2025-12-06T13:52:10","slug":"quinteros-videla-intentamos-hacer-que-los-olavarrienses-puedan-vivir-mejor","status":"publish","type":"post","link":"https:\/\/cdnoticias.com\/index.php\/2025\/12\/06\/quinteros-videla-intentamos-hacer-que-los-olavarrienses-puedan-vivir-mejor\/","title":{"rendered":"Quinteros Videla: \u201cintentamos hacer que los olavarrienses puedan vivir mejor\u201d"},"content":{"rendered":"\n<p>El concejal del PRO que ocup\u00f3 un lugar en la lista de La Libertad Avanza habl\u00f3 tras su asunci\u00f3n. La llegada a la banca tras una extensa trayectoria en pol\u00edtica, el acompa\u00f1amiento de Ezequiel Galli y los temas del Concejo: el Presupuesto y la Emergencia en Seguridad.<\/p>\n\n\n\n<hr class=\"wp-block-separator aligncenter has-alpha-channel-opacity\"\/>\n\n\n\n<p>Fue uno de los concejales electos m\u00e1s aplaudidos de la jornada (junto con Leonardo Yunger, Juani Moreno y Nicol\u00e1s Zampini) y su llegada al Concejo Deliberante gener\u00f3 alegr\u00edas en propios y ajenos. <strong>Marcelino Quinteros Videla fue electo por La Libertad Avanza pero por su pertenencia al PRO, partido que realiz\u00f3 un acuerdo con el oficialismo nacional.<\/strong><\/p>\n\n\n\n<p>En di\u00e1logo con <strong>Central de Noticias<\/strong>, el concejal mostr\u00f3 su emoci\u00f3n tras sentir<em> \u201cel acompa\u00f1amiento de la gente, de mi familia, de mis amigos, para m\u00ed es un momento s\u00faper emotivo\u201d<\/em>. De hecho, esa sensaci\u00f3n <em><strong>\u201cme toca much\u00edsimo porque hace mucho tiempo que estoy en pol\u00edtica y que los vecinos me apremien con este lugar a m\u00ed me llena de orgullo y es un momento muy emotivo para m\u00ed\u201d.<\/strong><\/em><\/p>\n\n\n\n<figure class=\"wp-block-image size-full\"><img data-recalc-dims=\"1\" loading=\"lazy\" decoding=\"async\" width=\"800\" height=\"531\" src=\"https:\/\/i0.wp.com\/cdnoticias.com\/wp-content\/uploads\/2025\/12\/HCD-Asuncion-Concejales-2025-81.jpg?resize=800%2C531&#038;ssl=1\" alt=\"\" class=\"wp-image-189771\" srcset=\"https:\/\/i0.wp.com\/cdnoticias.com\/wp-content\/uploads\/2025\/12\/HCD-Asuncion-Concejales-2025-81.jpg?w=1024&amp;ssl=1 1024w, https:\/\/i0.wp.com\/cdnoticias.com\/wp-content\/uploads\/2025\/12\/HCD-Asuncion-Concejales-2025-81.jpg?resize=300%2C199&amp;ssl=1 300w, https:\/\/i0.wp.com\/cdnoticias.com\/wp-content\/uploads\/2025\/12\/HCD-Asuncion-Concejales-2025-81.jpg?resize=768%2C510&amp;ssl=1 768w, https:\/\/i0.wp.com\/cdnoticias.com\/wp-content\/uploads\/2025\/12\/HCD-Asuncion-Concejales-2025-81.jpg?resize=272%2C182&amp;ssl=1 272w\" sizes=\"auto, (max-width: 800px) 100vw, 800px\" \/><\/figure>\n\n\n\n<p>Valor\u00f3 la presencia del ex intendente Ezequiel Galli que <em><strong>\u201csiempre me apoy\u00f3, que el resto de los concejales est\u00e9 ac\u00e1, mis compa\u00f1eros de militancia est\u00e9n me parece espectacular y hacen sentir ese apoyo que me dieron durante todo el a\u00f1o y que me vienen dando hace much\u00edsimo tiempo hoy en un momento tan importante\u201d.<\/strong><\/em><\/p>\n\n\n\n<figure class=\"wp-block-image size-full\"><img data-recalc-dims=\"1\" loading=\"lazy\" decoding=\"async\" width=\"800\" height=\"531\" src=\"https:\/\/i0.wp.com\/cdnoticias.com\/wp-content\/uploads\/2025\/12\/HCD-Asuncion-Concejales-2025-83.jpg?resize=800%2C531&#038;ssl=1\" alt=\"\" class=\"wp-image-189773\" srcset=\"https:\/\/i0.wp.com\/cdnoticias.com\/wp-content\/uploads\/2025\/12\/HCD-Asuncion-Concejales-2025-83.jpg?w=1024&amp;ssl=1 1024w, https:\/\/i0.wp.com\/cdnoticias.com\/wp-content\/uploads\/2025\/12\/HCD-Asuncion-Concejales-2025-83.jpg?resize=300%2C199&amp;ssl=1 300w, https:\/\/i0.wp.com\/cdnoticias.com\/wp-content\/uploads\/2025\/12\/HCD-Asuncion-Concejales-2025-83.jpg?resize=768%2C510&amp;ssl=1 768w, https:\/\/i0.wp.com\/cdnoticias.com\/wp-content\/uploads\/2025\/12\/HCD-Asuncion-Concejales-2025-83.jpg?resize=272%2C182&amp;ssl=1 272w\" sizes=\"auto, (max-width: 800px) 100vw, 800px\" \/><\/figure>\n\n\n\n<p>Y si bien el a\u00f1o se va con el an\u00e1lisis del Presupuesto 2026,<em> \u201cla vida sigue, seguimos trabajando, estudiando el presupuesto. Estamos con la Emergencia en Seguridad, pidiendo ese informe que nos ten\u00edan que presentar, que fue aprobado por unanimidad por el HCD y no tenemos ninguna respuesta. <strong>Seguimos trabajando much\u00edsimo y pensando ideas, planificando e intentando hacer que los olavarrienses puedan vivir mejor<\/strong>\u201d <\/em>cerr\u00f3 Quinteros Videla.<\/p>\n","protected":false},"excerpt":{"rendered":"<p>El concejal del PRO que ocup\u00f3 un lugar en la lista de La Libertad Avanza habl\u00f3 tras su asunci\u00f3n. La<\/p>\n","protected":false},"author":2,"featured_media":189745,"comment_status":"closed","ping_status":"closed","sticky":false,"template":"","format":"standard","meta":{"_jetpack_memberships_contains_paid_content":false,"footnotes":""},"categories":[4,1],"tags":[],"class_list":["post-189795","post","type-post","status-publish","format-standard","has-post-thumbnail","hentry","category-politica","category-portada"],"jetpack_featured_media_url":"https:\/\/i0.wp.com\/cdnoticias.com\/wp-content\/uploads\/2025\/12\/HCD-Asuncion-Concejales-2025-55.jpg?fit=1024%2C680&ssl=1","jetpack_sharing_enabled":true,"_links":{"self":[{"href":"https:\/\/cdnoticias.com\/index.php\/wp-json\/wp\/v2\/posts\/189795","targetHints":{"allow":["GET"]}}],"collection":[{"href":"https:\/\/cdnoticias.com\/index.php\/wp-json\/wp\/v2\/posts"}],"about":[{"href":"https:\/\/cdnoticias.com\/index.php\/wp-json\/wp\/v2\/types\/post"}],"author":[{"embeddable":true,"href":"https:\/\/cdnoticias.com\/index.php\/wp-json\/wp\/v2\/users\/2"}],"replies":[{"embeddable":true,"href":"https:\/\/cdnoticias.com\/index.php\/wp-json\/wp\/v2\/comments?post=189795"}],"version-history":[{"count":0,"href":"https:\/\/cdnoticias.com\/index.php\/wp-json\/wp\/v2\/posts\/189795\/revisions"}],"wp:featuredmedia":[{"embeddable":true,"href":"https:\/\/cdnoticias.com\/index.php\/wp-json\/wp\/v2\/media\/189745"}],"wp:attachment":[{"href":"https:\/\/cdnoticias.com\/index.php\/wp-json\/wp\/v2\/media?parent=189795"}],"wp:term":[{"taxonomy":"category","embeddable":true,"href":"https:\/\/cdnoticias.com\/index.php\/wp-json\/wp\/v2\/categories?post=189795"},{"taxonomy":"post_tag","embeddable":true,"href":"https:\/\/cdnoticias.com\/index.php\/wp-json\/wp\/v2\/tags?post=189795"}],"curies":[{"name":"wp","href":"https:\/\/api.w.org\/{rel}","templated":true}]}}