{"id":189793,"date":"2025-12-06T10:17:51","date_gmt":"2025-12-06T13:17:51","guid":{"rendered":"https:\/\/cdnoticias.com\/?p=189793"},"modified":"2025-12-06T10:17:53","modified_gmt":"2025-12-06T13:17:53","slug":"zampini-se-corona-toda-una-etapa-de-trabajo","status":"publish","type":"post","link":"https:\/\/cdnoticias.com\/index.php\/2025\/12\/06\/zampini-se-corona-toda-una-etapa-de-trabajo\/","title":{"rendered":"Zampini: \u201cse corona toda una etapa de trabajo\u201d"},"content":{"rendered":"\n<p>El concejal de La Libertad Avanza que encabez\u00f3 la lista en las pasadas elecciones se mostr\u00f3 \u201ccon mucha emoci\u00f3n y alegr\u00eda\u201d tras su asunci\u00f3n. La concordia con el resto de los bloques y el an\u00e1lisis del presupuesto con Guillermo Lascano.<\/p>\n\n\n\n<hr class=\"wp-block-separator aligncenter has-alpha-channel-opacity\"\/>\n\n\n\n<p>Luego de su <em>\u201cs\u00ed, juro\u201d<\/em> y tras pedir <em>\u201cuna Olavarr\u00eda libre y pr\u00f3spera\u201d<\/em> <strong>el concejal de La Libertad Avanza Nicol\u00e1s Zampini dialog\u00f3 con Central de Noticias para expresar sus sensaciones luego de los primeros minutos \u2013y las primeras votaciones- como concejal.<\/strong><\/p>\n\n\n\n<p>Se mostr\u00f3<em> \u201ccon mucha emoci\u00f3n y alegr\u00eda, hoy es un d\u00eda festivo. <strong>Se corona toda una etapa de trabajo, que se ve reflejada la decisi\u00f3n de los votantes ac\u00e1 y la verdad que muy contento<\/strong>\u201d.<\/em><\/p>\n\n\n\n<p>Un dato que resalt\u00f3 en esta sesi\u00f3n preparatoria fue<strong> la buena predisposici\u00f3n de los ediles m\u00e1s all\u00e1 de las votaciones: en este sentido, el concejal libertario se\u00f1al\u00f3 que <em>\u201cen el Concejo Deliberante se debaten y cada uno tiene su postura pero al final del d\u00eda nos tenemos que seguir cruzando en la calle as\u00ed que todos lo vivimos as\u00ed y se not\u00f3 en esta sesi\u00f3n\u201d.<\/em><\/strong><\/p>\n\n\n\n<p>Finalmente, dio cuenta del an\u00e1lisis del Presupuesto, que ingres\u00f3 la semana pasada al \u00e1mbito deliberativo:<em> \u201clo estamos analizando, tenemos a alguien fundamental para este tema que es Guille (Lascano, quien volvi\u00f3 al HCD) que la tiene muy clara y que hizo una auditor\u00eda as\u00ed que nuestro an\u00e1lisis saldr\u00e1 muy bien y expondremos nuestra postura en sesi\u00f3n cuando sea el momento<\/em>\u201d cerr\u00f3 Zampini.<\/p>\n","protected":false},"excerpt":{"rendered":"<p>El concejal de La Libertad Avanza que encabez\u00f3 la lista en las pasadas elecciones se mostr\u00f3 \u201ccon mucha emoci\u00f3n y<\/p>\n","protected":false},"author":2,"featured_media":189697,"comment_status":"closed","ping_status":"closed","sticky":false,"template":"","format":"standard","meta":{"_jetpack_memberships_contains_paid_content":false,"footnotes":""},"categories":[4,1],"tags":[],"class_list":["post-189793","post","type-post","status-publish","format-standard","has-post-thumbnail","hentry","category-politica","category-portada"],"jetpack_featured_media_url":"https:\/\/i0.wp.com\/cdnoticias.com\/wp-content\/uploads\/2025\/12\/HCD-Asuncion-Concejales-2025-07.jpg?fit=1024%2C680&ssl=1","jetpack_sharing_enabled":true,"_links":{"self":[{"href":"https:\/\/cdnoticias.com\/index.php\/wp-json\/wp\/v2\/posts\/189793","targetHints":{"allow":["GET"]}}],"collection":[{"href":"https:\/\/cdnoticias.com\/index.php\/wp-json\/wp\/v2\/posts"}],"about":[{"href":"https:\/\/cdnoticias.com\/index.php\/wp-json\/wp\/v2\/types\/post"}],"author":[{"embeddable":true,"href":"https:\/\/cdnoticias.com\/index.php\/wp-json\/wp\/v2\/users\/2"}],"replies":[{"embeddable":true,"href":"https:\/\/cdnoticias.com\/index.php\/wp-json\/wp\/v2\/comments?post=189793"}],"version-history":[{"count":0,"href":"https:\/\/cdnoticias.com\/index.php\/wp-json\/wp\/v2\/posts\/189793\/revisions"}],"wp:featuredmedia":[{"embeddable":true,"href":"https:\/\/cdnoticias.com\/index.php\/wp-json\/wp\/v2\/media\/189697"}],"wp:attachment":[{"href":"https:\/\/cdnoticias.com\/index.php\/wp-json\/wp\/v2\/media?parent=189793"}],"wp:term":[{"taxonomy":"category","embeddable":true,"href":"https:\/\/cdnoticias.com\/index.php\/wp-json\/wp\/v2\/categories?post=189793"},{"taxonomy":"post_tag","embeddable":true,"href":"https:\/\/cdnoticias.com\/index.php\/wp-json\/wp\/v2\/tags?post=189793"}],"curies":[{"name":"wp","href":"https:\/\/api.w.org\/{rel}","templated":true}]}}