{"id":189791,"date":"2025-12-06T09:50:24","date_gmt":"2025-12-06T12:50:24","guid":{"rendered":"https:\/\/cdnoticias.com\/?p=189791"},"modified":"2025-12-06T09:50:25","modified_gmt":"2025-12-06T12:50:25","slug":"yunger-no-es-un-lugar-que-uno-ocupa-individualmente-se-llega-por-la-voluntad-de-muchos","status":"publish","type":"post","link":"https:\/\/cdnoticias.com\/index.php\/2025\/12\/06\/yunger-no-es-un-lugar-que-uno-ocupa-individualmente-se-llega-por-la-voluntad-de-muchos\/","title":{"rendered":"Yunger: \u201cno es un lugar que uno ocupa individualmente, se llega por la voluntad de muchos\u201d"},"content":{"rendered":"\n<p>El concejal de Fuerza Patria dio sus primeras sensaciones tras la asunci\u00f3n de este viernes y adelant\u00f3 que ser\u00e1 \u201cun diciembre muy intenso\u201d por el an\u00e1lisis del Presupuesto.<\/p>\n\n\n\n<hr class=\"wp-block-separator aligncenter has-alpha-channel-opacity\"\/>\n\n\n\n<p>Minutos despu\u00e9s de la jura de los 10 nuevos concejales electos en el HCD tras las elecciones del pasado 7 de septiembre, <strong>el edil de Fuerza Patria Leonardo Yunger \u2013que encabez\u00f3 la lista ganadora- dialog\u00f3 con Central de Noticias sobre sus sensaciones y lo que viene en el \u00e1mbito deliberativo.<\/strong><\/p>\n\n\n\n<p>Se\u00f1al\u00f3 que asume <em><strong>\u201ceste nuevo rol dentro del acompa\u00f1amiento a la gesti\u00f3n que encabeza Maxi (Wesner) con mucha responsabilidad, compromiso, control, trabajo y di\u00e1logo con los vecinos que es lo que venimos haciendo\u201d.<\/strong><\/em><\/p>\n\n\n\n<p>Ante la presencia de su familia y amigos, manifest\u00f3 \u201cmucho acompa\u00f1amiento\u201d y tras se\u00f1alar que es algo que \u201csiempre pensamos\u201d su banca <em><strong>\u201cno es un lugar que uno ocupa individualmente ni por m\u00e9rito individual, si no que se llega por la voluntad de muchos compa\u00f1eros, compa\u00f1eras, vecinos, amigos, la familia, en ese sentido contento\u201d.<\/strong><\/em><\/p>\n\n\n\n<p>Finalmente, se\u00f1al\u00f3 que ya est\u00e1n trabajando en el Presupuesto<em>, \u201cva a ser un diciembre intenso en el HCD con ese tema as\u00ed que prepar\u00e1ndonos para eso\u201d.<\/em><\/p>\n","protected":false},"excerpt":{"rendered":"<p>El concejal de Fuerza Patria dio sus primeras sensaciones tras la asunci\u00f3n de este viernes y adelant\u00f3 que ser\u00e1 \u201cun<\/p>\n","protected":false},"author":2,"featured_media":189699,"comment_status":"closed","ping_status":"closed","sticky":false,"template":"","format":"standard","meta":{"_jetpack_memberships_contains_paid_content":false,"footnotes":""},"categories":[4,1],"tags":[],"class_list":["post-189791","post","type-post","status-publish","format-standard","has-post-thumbnail","hentry","category-politica","category-portada"],"jetpack_featured_media_url":"https:\/\/i0.wp.com\/cdnoticias.com\/wp-content\/uploads\/2025\/12\/HCD-Asuncion-Concejales-2025-09.jpg?fit=1024%2C680&ssl=1","jetpack_sharing_enabled":true,"_links":{"self":[{"href":"https:\/\/cdnoticias.com\/index.php\/wp-json\/wp\/v2\/posts\/189791","targetHints":{"allow":["GET"]}}],"collection":[{"href":"https:\/\/cdnoticias.com\/index.php\/wp-json\/wp\/v2\/posts"}],"about":[{"href":"https:\/\/cdnoticias.com\/index.php\/wp-json\/wp\/v2\/types\/post"}],"author":[{"embeddable":true,"href":"https:\/\/cdnoticias.com\/index.php\/wp-json\/wp\/v2\/users\/2"}],"replies":[{"embeddable":true,"href":"https:\/\/cdnoticias.com\/index.php\/wp-json\/wp\/v2\/comments?post=189791"}],"version-history":[{"count":0,"href":"https:\/\/cdnoticias.com\/index.php\/wp-json\/wp\/v2\/posts\/189791\/revisions"}],"wp:featuredmedia":[{"embeddable":true,"href":"https:\/\/cdnoticias.com\/index.php\/wp-json\/wp\/v2\/media\/189699"}],"wp:attachment":[{"href":"https:\/\/cdnoticias.com\/index.php\/wp-json\/wp\/v2\/media?parent=189791"}],"wp:term":[{"taxonomy":"category","embeddable":true,"href":"https:\/\/cdnoticias.com\/index.php\/wp-json\/wp\/v2\/categories?post=189791"},{"taxonomy":"post_tag","embeddable":true,"href":"https:\/\/cdnoticias.com\/index.php\/wp-json\/wp\/v2\/tags?post=189791"}],"curies":[{"name":"wp","href":"https:\/\/api.w.org\/{rel}","templated":true}]}}