{"id":18979,"date":"2021-04-15T18:01:05","date_gmt":"2021-04-15T21:01:05","guid":{"rendered":"http:\/\/www.centraldenoticias.com.ar\/?p=18979"},"modified":"2021-04-15T18:01:05","modified_gmt":"2021-04-15T21:01:05","slug":"la-situacion-del-hospital-se-mantiene-la-cantidad-de-internados-y-uti-esta-al-75","status":"publish","type":"post","link":"https:\/\/cdnoticias.com\/index.php\/2021\/04\/15\/la-situacion-del-hospital-se-mantiene-la-cantidad-de-internados-y-uti-esta-al-75\/","title":{"rendered":"La situaci\u00f3n del Hospital: se mantiene la cantidad de internados y UTI est\u00e1 al 75%"},"content":{"rendered":"<p>Este jueves el centro de salud no mostr\u00f3 modificaciones en la cantidad de internados pero s\u00ed un leve crecimiento de ocupaci\u00f3n en Terapia Intensiva. Maternidad tiene ocupaci\u00f3n del 84%.\u00a0<!--more--><\/p>\n<hr \/>\n<p>En el marco de la segunda ola de casos de COVID,<strong> todas las miradas se posan sobre la situaci\u00f3n hospitalaria: si bien se mantiene la cantidad de internados por coronavirus, el crecimiento de la terapia intensiva tuvo un leve incremento.<\/strong><\/p>\n<p>&nbsp;<\/p>\n<p>Seg\u00fan los datos brindados por la Secretar\u00eda de Salud, <strong>son 75 los internados por la enfermedad en el Hospital. Cl\u00ednica COVID sigue al 100%, Maternidad tiene 16 internados de 19 camas disponibles (84%) y el \u00e1rea de Terapia Intensiva tiene 15 internados (13 COVID, 2 por otras patolog\u00edas) en un 75% de ocupaci\u00f3n.<\/strong><\/p>\n<p>&nbsp;<\/p>\n<p>Un dato a tener en cuenta es que <strong>no hay internados en el \u00e1rea de salud mental<\/strong> (son 9 camas en total) y <strong>no hay internados por COVID en el \u00e1rea de Pediatr\u00eda<\/strong> (con una ocupaci\u00f3n del 21%).<\/p>\n<p>&nbsp;<\/p>\n<p><img data-recalc-dims=\"1\" loading=\"lazy\" decoding=\"async\" class=\"alignnone size-full wp-image-18980\" src=\"https:\/\/i0.wp.com\/cdnoticias.com\/wp-content\/uploads\/2021\/04\/WhatsApp-Image-2021-04-15-at-17.21.01.jpeg?resize=800%2C800&#038;ssl=1\" alt=\"\" width=\"800\" height=\"800\" srcset=\"https:\/\/i0.wp.com\/cdnoticias.com\/wp-content\/uploads\/2021\/04\/WhatsApp-Image-2021-04-15-at-17.21.01.jpeg?w=1280&amp;ssl=1 1280w, https:\/\/i0.wp.com\/cdnoticias.com\/wp-content\/uploads\/2021\/04\/WhatsApp-Image-2021-04-15-at-17.21.01.jpeg?resize=150%2C150&amp;ssl=1 150w, https:\/\/i0.wp.com\/cdnoticias.com\/wp-content\/uploads\/2021\/04\/WhatsApp-Image-2021-04-15-at-17.21.01.jpeg?resize=300%2C300&amp;ssl=1 300w, https:\/\/i0.wp.com\/cdnoticias.com\/wp-content\/uploads\/2021\/04\/WhatsApp-Image-2021-04-15-at-17.21.01.jpeg?resize=768%2C768&amp;ssl=1 768w, https:\/\/i0.wp.com\/cdnoticias.com\/wp-content\/uploads\/2021\/04\/WhatsApp-Image-2021-04-15-at-17.21.01.jpeg?resize=1024%2C1024&amp;ssl=1 1024w\" sizes=\"auto, (max-width: 800px) 100vw, 800px\" \/><\/p>\n<p>&nbsp;<\/p>\n<p>Por este importante incremento de casos y de internados, cabe se\u00f1alar, <strong>hubo una reestructuraci\u00f3n del Hospital y por consiguiente, una suba de disponibilidad de camas: el \u00e1rea de Maternidad est\u00e1 destinada a pacientes con COVID y este movimiento \u201cdescomprimi\u00f3\u201d en parte la aguda situaci\u00f3n que atravesaba el centro de salud.<\/strong><\/p>\n<p>&nbsp;<\/p>\n<p>Lamentablemente,<strong> en la \u00faltima semana fallecieron m\u00e1s de 20 personas y la gran mayor\u00eda de ellas estaba internada en el Hospital.<\/strong><\/p>\n","protected":false},"excerpt":{"rendered":"<p>Este jueves el centro de salud no mostr\u00f3 modificaciones en la cantidad de internados pero s\u00ed un leve crecimiento de<\/p>\n","protected":false},"author":2,"featured_media":3821,"comment_status":"closed","ping_status":"closed","sticky":false,"template":"","format":"standard","meta":{"_jetpack_memberships_contains_paid_content":false,"footnotes":""},"categories":[5,1],"tags":[],"class_list":["post-18979","post","type-post","status-publish","format-standard","has-post-thumbnail","hentry","category-informacion-general","category-portada"],"jetpack_featured_media_url":"https:\/\/i0.wp.com\/cdnoticias.com\/wp-content\/uploads\/2020\/10\/hospital-municipal.jpg?fit=4608%2C3072&ssl=1","jetpack_sharing_enabled":true,"_links":{"self":[{"href":"https:\/\/cdnoticias.com\/index.php\/wp-json\/wp\/v2\/posts\/18979","targetHints":{"allow":["GET"]}}],"collection":[{"href":"https:\/\/cdnoticias.com\/index.php\/wp-json\/wp\/v2\/posts"}],"about":[{"href":"https:\/\/cdnoticias.com\/index.php\/wp-json\/wp\/v2\/types\/post"}],"author":[{"embeddable":true,"href":"https:\/\/cdnoticias.com\/index.php\/wp-json\/wp\/v2\/users\/2"}],"replies":[{"embeddable":true,"href":"https:\/\/cdnoticias.com\/index.php\/wp-json\/wp\/v2\/comments?post=18979"}],"version-history":[{"count":0,"href":"https:\/\/cdnoticias.com\/index.php\/wp-json\/wp\/v2\/posts\/18979\/revisions"}],"wp:featuredmedia":[{"embeddable":true,"href":"https:\/\/cdnoticias.com\/index.php\/wp-json\/wp\/v2\/media\/3821"}],"wp:attachment":[{"href":"https:\/\/cdnoticias.com\/index.php\/wp-json\/wp\/v2\/media?parent=18979"}],"wp:term":[{"taxonomy":"category","embeddable":true,"href":"https:\/\/cdnoticias.com\/index.php\/wp-json\/wp\/v2\/categories?post=18979"},{"taxonomy":"post_tag","embeddable":true,"href":"https:\/\/cdnoticias.com\/index.php\/wp-json\/wp\/v2\/tags?post=18979"}],"curies":[{"name":"wp","href":"https:\/\/api.w.org\/{rel}","templated":true}]}}