{"id":189674,"date":"2025-12-05T19:04:47","date_gmt":"2025-12-05T22:04:47","guid":{"rendered":"https:\/\/cdnoticias.com\/?p=189674"},"modified":"2025-12-06T08:32:26","modified_gmt":"2025-12-06T11:32:26","slug":"renovacion-del-honorable-concejo-deliberante-juraron-los-nuevos-concejales","status":"publish","type":"post","link":"https:\/\/cdnoticias.com\/index.php\/2025\/12\/05\/renovacion-del-honorable-concejo-deliberante-juraron-los-nuevos-concejales\/","title":{"rendered":"Renovaci\u00f3n del Honorable Concejo Deliberante: Juraron los nuevos concejales\u00a0"},"content":{"rendered":"\n<p>El acto se desarroll\u00f3 por la tarde en el Centro de Convenciones. La sesi\u00f3n fue presidida por Telma Cazot por ser la concejala de mayor edad de la lista ganadora.<\/p>\n\n\n\n<hr class=\"wp-block-separator aligncenter has-alpha-channel-opacity\"\/>\n\n\n\n<p>Este viernes por la tarde en el Centro de Convenciones se llev\u00f3 a cabo la<strong> jura de los nuevos concejales electos para el per\u00edodo 2025 \u2013 2029<\/strong> en el marco de la sesi\u00f3n preparatoria constitutiva.<\/p>\n\n\n\n<p><\/p>\n\n\n\n<figure class=\"wp-block-image aligncenter size-full\"><img data-recalc-dims=\"1\" loading=\"lazy\" decoding=\"async\" width=\"800\" height=\"412\" src=\"https:\/\/i0.wp.com\/cdnoticias.com\/wp-content\/uploads\/2025\/12\/hcd1jura2025.jpg?resize=800%2C412&#038;ssl=1\" alt=\"\" class=\"wp-image-189677\" srcset=\"https:\/\/i0.wp.com\/cdnoticias.com\/wp-content\/uploads\/2025\/12\/hcd1jura2025.jpg?w=892&amp;ssl=1 892w, https:\/\/i0.wp.com\/cdnoticias.com\/wp-content\/uploads\/2025\/12\/hcd1jura2025.jpg?resize=300%2C154&amp;ssl=1 300w, https:\/\/i0.wp.com\/cdnoticias.com\/wp-content\/uploads\/2025\/12\/hcd1jura2025.jpg?resize=768%2C395&amp;ssl=1 768w\" sizes=\"auto, (max-width: 800px) 100vw, 800px\" \/><\/figure>\n\n\n\n<p><\/p>\n\n\n\n<p>La sesi\u00f3n inici\u00f3 con la entrega de<strong> reconocimientos a los concejales salientes<\/strong> y estuvieron presentes autoridades de instituciones, concejales, <strong>el intendente Maximiliano Wesner,<\/strong> el ex intendente Ezequiel Galli y el diputado Mart\u00edn Endere entre otros. Antes de la jura de concejales se enton\u00f3 el Himno Nacional Argentino con un gran marco de p\u00fablico presente.&nbsp;<\/p>\n\n\n\n<p><\/p>\n\n\n\n<figure class=\"wp-block-image aligncenter size-large\"><img data-recalc-dims=\"1\" loading=\"lazy\" decoding=\"async\" width=\"800\" height=\"450\" src=\"https:\/\/i0.wp.com\/cdnoticias.com\/wp-content\/uploads\/2025\/12\/Diseno-sin-titulo-1.jpg?resize=800%2C450&#038;ssl=1\" alt=\"\" class=\"wp-image-189679\" srcset=\"https:\/\/i0.wp.com\/cdnoticias.com\/wp-content\/uploads\/2025\/12\/Diseno-sin-titulo-1.jpg?resize=1024%2C576&amp;ssl=1 1024w, https:\/\/i0.wp.com\/cdnoticias.com\/wp-content\/uploads\/2025\/12\/Diseno-sin-titulo-1.jpg?resize=300%2C169&amp;ssl=1 300w, https:\/\/i0.wp.com\/cdnoticias.com\/wp-content\/uploads\/2025\/12\/Diseno-sin-titulo-1.jpg?resize=768%2C432&amp;ssl=1 768w, https:\/\/i0.wp.com\/cdnoticias.com\/wp-content\/uploads\/2025\/12\/Diseno-sin-titulo-1.jpg?resize=1536%2C864&amp;ssl=1 1536w, https:\/\/i0.wp.com\/cdnoticias.com\/wp-content\/uploads\/2025\/12\/Diseno-sin-titulo-1.jpg?w=1920&amp;ssl=1 1920w, https:\/\/i0.wp.com\/cdnoticias.com\/wp-content\/uploads\/2025\/12\/Diseno-sin-titulo-1.jpg?w=1600&amp;ssl=1 1600w\" sizes=\"auto, (max-width: 800px) 100vw, 800px\" \/><\/figure>\n\n\n\n<p><\/p>\n\n\n\n<p>La sesi\u00f3n fue <strong>presidida por Telma Cazot<\/strong> por ser la <strong>concejala de mayor edad de la lista ganadora<\/strong>. Cazot jur\u00f3 por <em>\u201cel legado del Papa Francisco y por una Olavarr\u00eda m\u00e1s solidaria\u201d.&nbsp;<\/em><\/p>\n\n\n\n<p><\/p>\n\n\n\n<figure class=\"wp-block-image aligncenter size-full\"><img data-recalc-dims=\"1\" loading=\"lazy\" decoding=\"async\" width=\"800\" height=\"443\" src=\"https:\/\/i0.wp.com\/cdnoticias.com\/wp-content\/uploads\/2025\/12\/hcd-jura2025-7.jpg?resize=800%2C443&#038;ssl=1\" alt=\"\" class=\"wp-image-189676\" srcset=\"https:\/\/i0.wp.com\/cdnoticias.com\/wp-content\/uploads\/2025\/12\/hcd-jura2025-7.jpg?w=888&amp;ssl=1 888w, https:\/\/i0.wp.com\/cdnoticias.com\/wp-content\/uploads\/2025\/12\/hcd-jura2025-7.jpg?resize=300%2C166&amp;ssl=1 300w, https:\/\/i0.wp.com\/cdnoticias.com\/wp-content\/uploads\/2025\/12\/hcd-jura2025-7.jpg?resize=768%2C426&amp;ssl=1 768w\" sizes=\"auto, (max-width: 800px) 100vw, 800px\" \/><\/figure>\n\n\n\n<p><\/p>\n\n\n\n<p>Por <strong>Fuerza Patria <\/strong>juraron <strong>Leonardo Yunger, Luc\u00eda Palacios, Juan Ignacio Moreno, Telma Cazot, Gast\u00f3n Sarachu y Natalia \u00c1lvarez.<\/strong> En tanto Cazot ya es concejal con lo que se mantendr\u00e1 en su banca por otros cuatro a\u00f1os.<\/p>\n\n\n\n<p><\/p>\n\n\n\n<figure class=\"wp-block-image aligncenter size-large\"><img data-recalc-dims=\"1\" loading=\"lazy\" decoding=\"async\" width=\"800\" height=\"450\" src=\"https:\/\/i0.wp.com\/cdnoticias.com\/wp-content\/uploads\/2025\/12\/Diseno-sin-titulo.jpg?resize=800%2C450&#038;ssl=1\" alt=\"\" class=\"wp-image-189680\" srcset=\"https:\/\/i0.wp.com\/cdnoticias.com\/wp-content\/uploads\/2025\/12\/Diseno-sin-titulo.jpg?resize=1024%2C576&amp;ssl=1 1024w, https:\/\/i0.wp.com\/cdnoticias.com\/wp-content\/uploads\/2025\/12\/Diseno-sin-titulo.jpg?resize=300%2C169&amp;ssl=1 300w, https:\/\/i0.wp.com\/cdnoticias.com\/wp-content\/uploads\/2025\/12\/Diseno-sin-titulo.jpg?resize=768%2C432&amp;ssl=1 768w, https:\/\/i0.wp.com\/cdnoticias.com\/wp-content\/uploads\/2025\/12\/Diseno-sin-titulo.jpg?resize=1536%2C864&amp;ssl=1 1536w, https:\/\/i0.wp.com\/cdnoticias.com\/wp-content\/uploads\/2025\/12\/Diseno-sin-titulo.jpg?w=1920&amp;ssl=1 1920w, https:\/\/i0.wp.com\/cdnoticias.com\/wp-content\/uploads\/2025\/12\/Diseno-sin-titulo.jpg?w=1600&amp;ssl=1 1600w\" sizes=\"auto, (max-width: 800px) 100vw, 800px\" \/><\/figure>\n\n\n\n<p><\/p>\n\n\n\n<p>Por \u00faltimo, por <strong>La Libertad Avanza<\/strong> asumieron <strong>Nicol\u00e1s Zampini, Mar\u00eda Eugenia Dumerauf, Marcelino Quinteros Videla y Luciana Islas.<\/strong><\/p>\n\n\n\n<p><\/p>\n\n\n\n<figure class=\"wp-block-image aligncenter size-full\"><img data-recalc-dims=\"1\" loading=\"lazy\" decoding=\"async\" width=\"800\" height=\"434\" src=\"https:\/\/i0.wp.com\/cdnoticias.com\/wp-content\/uploads\/2025\/12\/hcdjura-2025-0.jpg?resize=800%2C434&#038;ssl=1\" alt=\"\" class=\"wp-image-189681\" srcset=\"https:\/\/i0.wp.com\/cdnoticias.com\/wp-content\/uploads\/2025\/12\/hcdjura-2025-0.jpg?w=894&amp;ssl=1 894w, https:\/\/i0.wp.com\/cdnoticias.com\/wp-content\/uploads\/2025\/12\/hcdjura-2025-0.jpg?resize=300%2C163&amp;ssl=1 300w, https:\/\/i0.wp.com\/cdnoticias.com\/wp-content\/uploads\/2025\/12\/hcdjura-2025-0.jpg?resize=768%2C417&amp;ssl=1 768w\" sizes=\"auto, (max-width: 800px) 100vw, 800px\" \/><\/figure>\n\n\n\n<p><\/p>\n","protected":false},"excerpt":{"rendered":"<p>El acto se desarroll\u00f3 por la tarde en el Centro de Convenciones. La sesi\u00f3n fue presidida por Telma Cazot por<\/p>\n","protected":false},"author":6,"featured_media":189678,"comment_status":"closed","ping_status":"closed","sticky":false,"template":"","format":"standard","meta":{"_jetpack_memberships_contains_paid_content":false,"footnotes":""},"categories":[4,1],"tags":[],"class_list":["post-189674","post","type-post","status-publish","format-standard","has-post-thumbnail","hentry","category-politica","category-portada"],"jetpack_featured_media_url":"https:\/\/i0.wp.com\/cdnoticias.com\/wp-content\/uploads\/2025\/12\/Diseno-sin-titulo-2.jpg?fit=1920%2C1080&ssl=1","jetpack_sharing_enabled":true,"_links":{"self":[{"href":"https:\/\/cdnoticias.com\/index.php\/wp-json\/wp\/v2\/posts\/189674","targetHints":{"allow":["GET"]}}],"collection":[{"href":"https:\/\/cdnoticias.com\/index.php\/wp-json\/wp\/v2\/posts"}],"about":[{"href":"https:\/\/cdnoticias.com\/index.php\/wp-json\/wp\/v2\/types\/post"}],"author":[{"embeddable":true,"href":"https:\/\/cdnoticias.com\/index.php\/wp-json\/wp\/v2\/users\/6"}],"replies":[{"embeddable":true,"href":"https:\/\/cdnoticias.com\/index.php\/wp-json\/wp\/v2\/comments?post=189674"}],"version-history":[{"count":0,"href":"https:\/\/cdnoticias.com\/index.php\/wp-json\/wp\/v2\/posts\/189674\/revisions"}],"wp:featuredmedia":[{"embeddable":true,"href":"https:\/\/cdnoticias.com\/index.php\/wp-json\/wp\/v2\/media\/189678"}],"wp:attachment":[{"href":"https:\/\/cdnoticias.com\/index.php\/wp-json\/wp\/v2\/media?parent=189674"}],"wp:term":[{"taxonomy":"category","embeddable":true,"href":"https:\/\/cdnoticias.com\/index.php\/wp-json\/wp\/v2\/categories?post=189674"},{"taxonomy":"post_tag","embeddable":true,"href":"https:\/\/cdnoticias.com\/index.php\/wp-json\/wp\/v2\/tags?post=189674"}],"curies":[{"name":"wp","href":"https:\/\/api.w.org\/{rel}","templated":true}]}}