{"id":189671,"date":"2025-12-07T08:40:05","date_gmt":"2025-12-07T11:40:05","guid":{"rendered":"https:\/\/cdnoticias.com\/?p=189671"},"modified":"2025-12-07T19:04:11","modified_gmt":"2025-12-07T22:04:11","slug":"continua-la-campana-de-vacunacion-antirrabica-4","status":"publish","type":"post","link":"https:\/\/cdnoticias.com\/index.php\/2025\/12\/07\/continua-la-campana-de-vacunacion-antirrabica-4\/","title":{"rendered":"Contin\u00faa la Campa\u00f1a de Vacunaci\u00f3n Antirr\u00e1bica"},"content":{"rendered":"\n<p>El objetivo es promover la vacunaci\u00f3n contra la rabia en animales, debido a que es la principal medida de prevenci\u00f3n para esta enfermedad y tambi\u00e9n sensibilizar sobre el cuidado responsable de animales de compa\u00f1\u00eda.<\/p>\n\n\n\n<hr class=\"wp-block-separator aligncenter has-alpha-channel-opacity\"\/>\n\n\n\n<p>En el marco del programa<strong> \u201cQuerer es cuidar\u201d<\/strong>, el Municipio contin\u00faa con la <strong>Campa\u00f1a Anual de Vacunaci\u00f3n Antirr\u00e1bica canina y felina, <\/strong>llegando a distintos barrios de la ciudad y localidades del Partido de Olavarr\u00eda.<\/p>\n\n\n\n<p><\/p>\n\n\n\n<blockquote class=\"wp-block-quote is-layout-flow wp-block-quote-is-layout-flow\">\n<p>El objetivo es promover la vacunaci\u00f3n contra la rabia en animales, debido a que es la principal medida de prevenci\u00f3n para esta enfermedad y tambi\u00e9n sensibilizar sobre el cuidado responsable de animales de compa\u00f1\u00eda.<\/p>\n<\/blockquote>\n\n\n\n<p><\/p>\n\n\n\n<p>La vacuna se aplica de<strong> forma gratuita a todos los perros y gatos<\/strong> (mayores de tres meses), y luego debe reforzarse de forma anual. Se recuerda que <strong>la modalidad de atenci\u00f3n es por orden de llegada<\/strong>. Cabe aclarar que <strong>en caso de lluvia se suspende la jornada y se reprograma el puesto.<\/strong><\/p>\n\n\n\n<p><\/p>\n\n\n\n<p>A continuaci\u00f3n se detalla el cronograma para los pr\u00f3ximos d\u00edas:<\/p>\n\n\n\n<ul class=\"wp-block-list\">\n<li>Lunes 8 de diciembre<\/li>\n<\/ul>\n\n\n\n<p>9 a 12:30 horas. Cors\u00f3dromo \u2013 Ex Estaci\u00f3n El Provincial (Belgrano y Jun\u00edn)<\/p>\n\n\n\n<ul class=\"wp-block-list\">\n<li>Martes 9 de diciembre<\/li>\n<\/ul>\n\n\n\n<p>10 a 12 horas. Villa Aurora \u2013 Sociedad de Fomento (Los Gladiolos y Bol\u00edvar)<\/p>\n\n\n\n<ul class=\"wp-block-list\">\n<li>Mi\u00e9rcoles 10 de diciembre<\/li>\n<\/ul>\n\n\n\n<p>9 a 12 horas. Barrio Independencia \u2013 CAPS N\u00b0 7 (avenida Pueyrred\u00f3n y Ayacucho)<\/p>\n\n\n\n<ul class=\"wp-block-list\">\n<li>Jueves 11 de diciembre<\/li>\n<\/ul>\n\n\n\n<p>10 a 12 horas. Villa Magdalena \u2013 NIDO (C\u00f3rdoba y Necochea)<\/p>\n\n\n\n<ul class=\"wp-block-list\">\n<li>Viernes 12 de diciembre<\/li>\n<\/ul>\n\n\n\n<p>10 a 12 horas- Barrio Mart\u00edn Fierro \u2013 Plaza \u201cMar\u00eda Elena Walsh\u201d (Beruti y Rend\u00f3n)<\/p>\n\n\n\n<ul class=\"wp-block-list\">\n<li>S\u00e1bado 13 de diciembre<\/li>\n<\/ul>\n\n\n\n<p>9 a 12:30 horas. Parque Helios Eseverri \u2013 avenida Trabajadores y Alsina<\/p>\n\n\n\n<p><\/p>\n\n\n\n<blockquote class=\"wp-block-quote is-layout-flow wp-block-quote-is-layout-flow\">\n<p>La rabia es una enfermedad producida por un virus que afecta al sistema nervioso central de los mam\u00edferos, incluidas las personas. No tiene cura y el tratamiento s\u00f3lo es eficaz si se aplica antes del inicio de los s\u00edntomas. Por eso, es fundamental prevenirla.<\/p>\n<\/blockquote>\n\n\n\n<p><\/p>\n\n\n\n<p>El virus est\u00e1 presente en la<strong> saliva de los animales infectados, principalmente perros y gatos<\/strong>, pero tambi\u00e9n pueden ser algunos mam\u00edferos silvestres, como murci\u00e9lagos. Se transmite por medio de mordeduras, ara\u00f1azos y\/o al lamer zonas lesionadas del cuerpo o mucosas de otros animales o personas. La principal medida de prevenci\u00f3n es realizar la consulta temprana ante un accidente de mordedura con un animal. <strong>La vacuna en peque\u00f1os animales debe aplicarse por primera vez a los tres meses de edad, y luego realizar refuerzos de forma anual.<\/strong><\/p>\n\n\n\n<p><\/p>\n\n\n\n<p><strong>Requisitos<\/strong><\/p>\n\n\n\n<blockquote class=\"wp-block-quote is-layout-flow wp-block-quote-is-layout-flow\">\n<p>La vacuna se aplica de forma gratuita a todos los gatos y perros mayores de tres (3) meses. NO se vacuna a hembras pre\u00f1adas o en lactancia o animales que presenten s\u00edntomas de enfermedad.<\/p>\n<\/blockquote>\n\n\n\n<p><\/p>\n\n\n\n<p>Es importante recordar que todos los perros deben concurrir de forma obligatoria a los puestos de vacunaci\u00f3n, con correa, collar y el agregado de bozal para aquellas razas y sus cruzas de los denominados perros potencialmente peligrosos. En cuanto a los felinos deben concurrir en transportadoras, mochilas-bolsos, no sueltos ni en cajas, a fin de prevenir posibles escapes.<\/p>\n\n\n\n<p><\/p>\n\n\n\n<p><strong>V\u00edas de comunicaci\u00f3n<\/strong><\/p>\n\n\n\n<p>Atenci\u00f3n al p\u00fablico y turnos de castraciones: lunes a viernes de 07:30 a 13:00 horas.<\/p>\n\n\n\n<ul class=\"wp-block-list\">\n<li>2284 666400 (Mensajes y llamadas, s\u00f3lo WhatsApp).<\/li>\n<\/ul>\n\n\n\n<ul class=\"wp-block-list\">\n<li>2284 579825 (L\u00ednea fija).<\/li>\n<\/ul>\n\n\n\n<ul class=\"wp-block-list\">\n<li>Atenci\u00f3n Veterinaria: lunes a viernes de 11:00 a 13:00 horas, por orden de llegada (avenida Urquiza 5493).<\/li>\n<\/ul>\n","protected":false},"excerpt":{"rendered":"<p>El objetivo es promover la vacunaci\u00f3n contra la rabia en animales, debido a que es la principal medida de prevenci\u00f3n<\/p>\n","protected":false},"author":6,"featured_media":97746,"comment_status":"closed","ping_status":"closed","sticky":false,"template":"","format":"standard","meta":{"_jetpack_memberships_contains_paid_content":false,"footnotes":""},"categories":[5,1],"tags":[],"class_list":["post-189671","post","type-post","status-publish","format-standard","has-post-thumbnail","hentry","category-informacion-general","category-portada"],"jetpack_featured_media_url":"https:\/\/i0.wp.com\/cdnoticias.com\/wp-content\/uploads\/2023\/09\/vacunacion-antirrabica-animales-05.jpg?fit=800%2C445&ssl=1","jetpack_sharing_enabled":true,"_links":{"self":[{"href":"https:\/\/cdnoticias.com\/index.php\/wp-json\/wp\/v2\/posts\/189671","targetHints":{"allow":["GET"]}}],"collection":[{"href":"https:\/\/cdnoticias.com\/index.php\/wp-json\/wp\/v2\/posts"}],"about":[{"href":"https:\/\/cdnoticias.com\/index.php\/wp-json\/wp\/v2\/types\/post"}],"author":[{"embeddable":true,"href":"https:\/\/cdnoticias.com\/index.php\/wp-json\/wp\/v2\/users\/6"}],"replies":[{"embeddable":true,"href":"https:\/\/cdnoticias.com\/index.php\/wp-json\/wp\/v2\/comments?post=189671"}],"version-history":[{"count":0,"href":"https:\/\/cdnoticias.com\/index.php\/wp-json\/wp\/v2\/posts\/189671\/revisions"}],"wp:featuredmedia":[{"embeddable":true,"href":"https:\/\/cdnoticias.com\/index.php\/wp-json\/wp\/v2\/media\/97746"}],"wp:attachment":[{"href":"https:\/\/cdnoticias.com\/index.php\/wp-json\/wp\/v2\/media?parent=189671"}],"wp:term":[{"taxonomy":"category","embeddable":true,"href":"https:\/\/cdnoticias.com\/index.php\/wp-json\/wp\/v2\/categories?post=189671"},{"taxonomy":"post_tag","embeddable":true,"href":"https:\/\/cdnoticias.com\/index.php\/wp-json\/wp\/v2\/tags?post=189671"}],"curies":[{"name":"wp","href":"https:\/\/api.w.org\/{rel}","templated":true}]}}