{"id":189661,"date":"2025-12-05T18:33:02","date_gmt":"2025-12-05T21:33:02","guid":{"rendered":"https:\/\/cdnoticias.com\/?p=189661"},"modified":"2025-12-05T18:33:04","modified_gmt":"2025-12-05T21:33:04","slug":"cambio-en-el-horario-de-los-museos-damaso-arce-y-hermanos-emiliozzi","status":"publish","type":"post","link":"https:\/\/cdnoticias.com\/index.php\/2025\/12\/05\/cambio-en-el-horario-de-los-museos-damaso-arce-y-hermanos-emiliozzi\/","title":{"rendered":"Cambio en el horario de los Museos D\u00e1maso Arce y Hermanos Emiliozzi"},"content":{"rendered":"\n<p>La medidas ser\u00e1 a partir de este s\u00e1bado 6 de diciembre.<\/p>\n\n\n\n<hr class=\"wp-block-separator aligncenter has-alpha-channel-opacity\"\/>\n\n\n\n<p>El Municipio de Olavarr\u00eda, a trav\u00e9s de la Secretar\u00eda de Cultura y Educaci\u00f3n, inform\u00f3 que a partir de este <strong>s\u00e1bado 6 de diciembre<\/strong> <strong>se modificar\u00e1n los horarios de apertura en los Museos D\u00e1maso Arce y \u201cHermanos Emiliozzi\u201d.<\/strong><\/p>\n\n\n\n<p><\/p>\n\n\n\n<p>En ambos casos ser\u00e1 de<strong> martes a viernes de 8 a 13 horas<\/strong>, y <strong>viernes, s\u00e1bados y domingos de 18 a 21 horas.<\/strong><\/p>\n","protected":false},"excerpt":{"rendered":"<p>La medidas ser\u00e1 a partir de este s\u00e1bado 6 de diciembre. El Municipio de Olavarr\u00eda, a trav\u00e9s de la Secretar\u00eda<\/p>\n","protected":false},"author":6,"featured_media":50370,"comment_status":"closed","ping_status":"closed","sticky":false,"template":"","format":"standard","meta":{"_jetpack_memberships_contains_paid_content":false,"footnotes":""},"categories":[9,1],"tags":[],"class_list":["post-189661","post","type-post","status-publish","format-standard","has-post-thumbnail","hentry","category-cultura","category-portada"],"jetpack_featured_media_url":"https:\/\/i0.wp.com\/cdnoticias.com\/wp-content\/uploads\/2022\/03\/Museo-Damaso-Arce-Drone.jpg?fit=800%2C445&ssl=1","jetpack_sharing_enabled":true,"_links":{"self":[{"href":"https:\/\/cdnoticias.com\/index.php\/wp-json\/wp\/v2\/posts\/189661","targetHints":{"allow":["GET"]}}],"collection":[{"href":"https:\/\/cdnoticias.com\/index.php\/wp-json\/wp\/v2\/posts"}],"about":[{"href":"https:\/\/cdnoticias.com\/index.php\/wp-json\/wp\/v2\/types\/post"}],"author":[{"embeddable":true,"href":"https:\/\/cdnoticias.com\/index.php\/wp-json\/wp\/v2\/users\/6"}],"replies":[{"embeddable":true,"href":"https:\/\/cdnoticias.com\/index.php\/wp-json\/wp\/v2\/comments?post=189661"}],"version-history":[{"count":0,"href":"https:\/\/cdnoticias.com\/index.php\/wp-json\/wp\/v2\/posts\/189661\/revisions"}],"wp:featuredmedia":[{"embeddable":true,"href":"https:\/\/cdnoticias.com\/index.php\/wp-json\/wp\/v2\/media\/50370"}],"wp:attachment":[{"href":"https:\/\/cdnoticias.com\/index.php\/wp-json\/wp\/v2\/media?parent=189661"}],"wp:term":[{"taxonomy":"category","embeddable":true,"href":"https:\/\/cdnoticias.com\/index.php\/wp-json\/wp\/v2\/categories?post=189661"},{"taxonomy":"post_tag","embeddable":true,"href":"https:\/\/cdnoticias.com\/index.php\/wp-json\/wp\/v2\/tags?post=189661"}],"curies":[{"name":"wp","href":"https:\/\/api.w.org\/{rel}","templated":true}]}}