{"id":189659,"date":"2025-12-05T18:00:09","date_gmt":"2025-12-05T21:00:09","guid":{"rendered":"https:\/\/cdnoticias.com\/?p=189659"},"modified":"2025-12-05T18:00:11","modified_gmt":"2025-12-05T21:00:11","slug":"por-cuestiones-climaticas-se-suspendio-la-salida-de-monumentos-parques-y-paseos","status":"publish","type":"post","link":"https:\/\/cdnoticias.com\/index.php\/2025\/12\/05\/por-cuestiones-climaticas-se-suspendio-la-salida-de-monumentos-parques-y-paseos\/","title":{"rendered":"Por cuestiones clim\u00e1ticas se suspendi\u00f3 la salida de \u201cMonumentos, Parques y Paseos\u201d"},"content":{"rendered":"\n<p>La medida fue tomada desde la Secretar\u00eda de Desarrollo Econ\u00f3mico y Productivo, a trav\u00e9s de la Coordinaci\u00f3n de Turismo, pero tambi\u00e9n con la intervenci\u00f3n de la Direcci\u00f3n de Defensa Civil.<\/p>\n\n\n\n<hr class=\"wp-block-separator aligncenter has-alpha-channel-opacity\"\/>\n\n\n\n<p>Se inform\u00f3 la <strong>suspensi\u00f3n de la salida recreativa<\/strong> enmarcada en el programa \u201c<strong>Monumentos, parques y puentes\u201d, <\/strong>que estaba pautada para realizarse este v<strong>iernes 5 de diciembre, desde las 18:30 horas.<\/strong><\/p>\n\n\n\n<p><\/p>\n\n\n\n<blockquote class=\"wp-block-quote is-layout-flow wp-block-quote-is-layout-flow\">\n<p>La medida fue tomada desde la Secretar\u00eda de Desarrollo Econ\u00f3mico y Productivo, a trav\u00e9s de la Coordinaci\u00f3n de Turismo, pero tambi\u00e9n con la intervenci\u00f3n de la Direcci\u00f3n de Defensa Civil.<\/p>\n<\/blockquote>\n\n\n\n<p><\/p>\n\n\n\n<p>Se recuerda que <strong>Olavarr\u00eda, de acuerdo al comunicado emitido desde el Servicio Meteorol\u00f3gico Nacional,<\/strong> se encuentran dentro del \u00e1rea de influencia de un <strong>\u201calerta amarillo\u201d por tormentas.\u00a0<\/strong><\/p>\n\n\n\n<p><\/p>\n\n\n\n<p>La advertencia es para <strong>horas de la tarde,<\/strong> en la cual se pronostican \u201c<em>tormentas aisladas, algunas localmente fuertes. Las mismas podr\u00e1n estar acompa\u00f1adas por frecuente actividad el\u00e9ctrica, ocasional ca\u00edda de granizo, r\u00e1fagas que pueden superar los 70 km\/h de forma localizada, y lluvias abundantes en cortos per\u00edodos. Se prev\u00e9n valores de precipitaci\u00f3n acumulada entre 20 y 40 mm, pudiendo ser superados en forma puntual\u201d.<\/em><\/p>\n\n\n\n<p><\/p>\n","protected":false},"excerpt":{"rendered":"<p>La medida fue tomada desde la Secretar\u00eda de Desarrollo Econ\u00f3mico y Productivo, a trav\u00e9s de la Coordinaci\u00f3n de Turismo, pero<\/p>\n","protected":false},"author":6,"featured_media":109393,"comment_status":"closed","ping_status":"closed","sticky":false,"template":"","format":"standard","meta":{"_jetpack_memberships_contains_paid_content":false,"footnotes":""},"categories":[9,1],"tags":[],"class_list":["post-189659","post","type-post","status-publish","format-standard","has-post-thumbnail","hentry","category-cultura","category-portada"],"jetpack_featured_media_url":"https:\/\/i0.wp.com\/cdnoticias.com\/wp-content\/uploads\/2024\/02\/san-martin-monumento-jpg.png?fit=987%2C550&ssl=1","jetpack_sharing_enabled":true,"_links":{"self":[{"href":"https:\/\/cdnoticias.com\/index.php\/wp-json\/wp\/v2\/posts\/189659","targetHints":{"allow":["GET"]}}],"collection":[{"href":"https:\/\/cdnoticias.com\/index.php\/wp-json\/wp\/v2\/posts"}],"about":[{"href":"https:\/\/cdnoticias.com\/index.php\/wp-json\/wp\/v2\/types\/post"}],"author":[{"embeddable":true,"href":"https:\/\/cdnoticias.com\/index.php\/wp-json\/wp\/v2\/users\/6"}],"replies":[{"embeddable":true,"href":"https:\/\/cdnoticias.com\/index.php\/wp-json\/wp\/v2\/comments?post=189659"}],"version-history":[{"count":0,"href":"https:\/\/cdnoticias.com\/index.php\/wp-json\/wp\/v2\/posts\/189659\/revisions"}],"wp:featuredmedia":[{"embeddable":true,"href":"https:\/\/cdnoticias.com\/index.php\/wp-json\/wp\/v2\/media\/109393"}],"wp:attachment":[{"href":"https:\/\/cdnoticias.com\/index.php\/wp-json\/wp\/v2\/media?parent=189659"}],"wp:term":[{"taxonomy":"category","embeddable":true,"href":"https:\/\/cdnoticias.com\/index.php\/wp-json\/wp\/v2\/categories?post=189659"},{"taxonomy":"post_tag","embeddable":true,"href":"https:\/\/cdnoticias.com\/index.php\/wp-json\/wp\/v2\/tags?post=189659"}],"curies":[{"name":"wp","href":"https:\/\/api.w.org\/{rel}","templated":true}]}}