{"id":189624,"date":"2025-12-06T09:08:03","date_gmt":"2025-12-06T12:08:03","guid":{"rendered":"https:\/\/cdnoticias.com\/?p=189624"},"modified":"2025-12-06T14:30:25","modified_gmt":"2025-12-06T17:30:25","slug":"despachos-de-cemento-baja-pronunciada-en-noviembre","status":"publish","type":"post","link":"https:\/\/cdnoticias.com\/index.php\/2025\/12\/06\/despachos-de-cemento-baja-pronunciada-en-noviembre\/","title":{"rendered":"Despachos de cemento: baja pronunciada en noviembre"},"content":{"rendered":"<p>Los despachos cayeron 13,7% en comparaci\u00f3n con octubre y tambi\u00e9n fueron a la baja en 4,2% en contraste con noviembre de 2024. El acumulado anual muestra una leve mejora respecto del a\u00f1o pasado.<!--more--><\/p>\n<hr \/>\n<p>Los <strong>despachos de cemento<\/strong> en el pa\u00eds tuvieron una <strong>pronunciada baja en el mes de noviembre<\/strong> y, si bien las<strong> cifras acumuladas durante 2025<\/strong> muestran una <strong>leve mejora<\/strong> para el sector,<strong> la actividad est\u00e1 lejos de recuperar el volumen mostrado entre 2021 y 2023<\/strong>.<\/p>\n<blockquote><p>La Asociaci\u00f3n de Fabricantes de Cemento Portland (AFCP) inform\u00f3 los registros de despachos de cemento del mes de noviembre. Alcanzaron 840.212 toneladas lo que signific\u00f3 una baja intermensual e interanual: cayeron 13,7% en comparaci\u00f3n con octubre y tambi\u00e9n 4,2% en contraste con noviembre de 2024.<\/p><\/blockquote>\n<p>El <strong>acumulado durante los 11 meses de 2025 alcanz\u00f3 a 9.329.656 toneladas<\/strong> dato que implica <strong>6,2% m\u00e1s<\/strong> que en el acumulado del mismo periodo de 2024.<\/p>\n<p><img data-recalc-dims=\"1\" loading=\"lazy\" decoding=\"async\" class=\"size-full wp-image-134024 aligncenter\" src=\"https:\/\/i0.wp.com\/cdnoticias.com\/wp-content\/uploads\/2025\/01\/cementera-fabrica-cemento-00.jpg?resize=800%2C445&#038;ssl=1\" alt=\"\" width=\"800\" height=\"445\" srcset=\"https:\/\/i0.wp.com\/cdnoticias.com\/wp-content\/uploads\/2025\/01\/cementera-fabrica-cemento-00.jpg?w=1000&amp;ssl=1 1000w, https:\/\/i0.wp.com\/cdnoticias.com\/wp-content\/uploads\/2025\/01\/cementera-fabrica-cemento-00.jpg?resize=300%2C167&amp;ssl=1 300w, https:\/\/i0.wp.com\/cdnoticias.com\/wp-content\/uploads\/2025\/01\/cementera-fabrica-cemento-00.jpg?resize=768%2C427&amp;ssl=1 768w, https:\/\/i0.wp.com\/cdnoticias.com\/wp-content\/uploads\/2025\/01\/cementera-fabrica-cemento-00.jpg?resize=800%2C445&amp;ssl=1 800w\" sizes=\"auto, (max-width: 800px) 100vw, 800px\" \/><\/p>\n<p>La pronunciada baja del mes pasado signific\u00f3 tambi\u00e9n <strong>un quiebre en la <a href=\"https:\/\/cdnoticias.com\/index.php\/2025\/10\/06\/los-despachos-de-cemento-tuvieron-una-leve-alza-en-septiembre\/\" target=\"_blank\" rel=\"noopener\">tendencia alcista<\/a><\/strong> que tra\u00edan los registros mensuales de despachos ininterrumpidamente <a href=\"https:\/\/cdnoticias.com\/index.php\/2025\/07\/08\/con-tendencia-anual-positiva-los-despachos-de-cemento-se-mantuvieron-en-junio\/\" target=\"_blank\" rel=\"noopener\">desde junio pasado<\/a>.<\/p>\n<p>El sector cementero es uno de los principales en el \u00e1mbito de la construcci\u00f3n y es el m\u00e1s destacada en las industrias con desarrollo en Olavarr\u00eda. <strong>La importante ca\u00edda afecta a la econom\u00eda general<\/strong> de nuestro distrito y, <strong>especialmente al erario p\u00fablico<\/strong>, ya que el<strong> Impuesto a la Piedra<\/strong> (Derecho de Explotaci\u00f3n de Canteras) es uno de los principales tributos que percibe el Municipio. En ese sentido, <a href=\"https:\/\/cdnoticias.com\/index.php\/2025\/11\/28\/el-ejecutivo-presento-el-presupuesto-2026-en-el-hcd-es-de-138-mil-millones-de-pesos\/\" target=\"_blank\" rel=\"noopener\">la semana anterior el Ejecutivo<\/a> indic\u00f3 que <strong>el Derecho de Explotaci\u00f3n de Canteras registra una variaci\u00f3n interanual negativa del 23% respecto de 2023.<\/strong><\/p>\n<blockquote><p>Cabe resaltar que este viernes, el <a href=\"https:\/\/cdnoticias.com\/index.php\/2025\/12\/05\/crisis-industrial-en-olavarria-el-impacto-se-profundiza-por-la-caida-de-la-obra-publica\/\" target=\"_blank\" rel=\"noopener\">presidente de la Uni\u00f3n Industrial de Olavarr\u00eda, Jorge Sobarzo<\/a>, inform\u00f3 que las empresas cementeras operan \u201ca un 30% de su capacidad de producci\u00f3n\u201d y apunt\u00f3 a la reducci\u00f3n de la obra p\u00fablica de origen nacional como el disparador de esta problem\u00e1tica.<\/p><\/blockquote>\n","protected":false},"excerpt":{"rendered":"<p>Los despachos cayeron 13,7% en comparaci\u00f3n con octubre y tambi\u00e9n fueron a la baja en 4,2% en contraste con noviembre<\/p>\n","protected":false},"author":5,"featured_media":189625,"comment_status":"closed","ping_status":"closed","sticky":false,"template":"","format":"standard","meta":{"_jetpack_memberships_contains_paid_content":false,"footnotes":""},"categories":[5,1],"tags":[],"class_list":["post-189624","post","type-post","status-publish","format-standard","has-post-thumbnail","hentry","category-informacion-general","category-portada"],"jetpack_featured_media_url":"https:\/\/i0.wp.com\/cdnoticias.com\/wp-content\/uploads\/2025\/12\/despachos-de-cemento-noviembre-2025.jpg?fit=1000%2C556&ssl=1","jetpack_sharing_enabled":true,"_links":{"self":[{"href":"https:\/\/cdnoticias.com\/index.php\/wp-json\/wp\/v2\/posts\/189624","targetHints":{"allow":["GET"]}}],"collection":[{"href":"https:\/\/cdnoticias.com\/index.php\/wp-json\/wp\/v2\/posts"}],"about":[{"href":"https:\/\/cdnoticias.com\/index.php\/wp-json\/wp\/v2\/types\/post"}],"author":[{"embeddable":true,"href":"https:\/\/cdnoticias.com\/index.php\/wp-json\/wp\/v2\/users\/5"}],"replies":[{"embeddable":true,"href":"https:\/\/cdnoticias.com\/index.php\/wp-json\/wp\/v2\/comments?post=189624"}],"version-history":[{"count":0,"href":"https:\/\/cdnoticias.com\/index.php\/wp-json\/wp\/v2\/posts\/189624\/revisions"}],"wp:featuredmedia":[{"embeddable":true,"href":"https:\/\/cdnoticias.com\/index.php\/wp-json\/wp\/v2\/media\/189625"}],"wp:attachment":[{"href":"https:\/\/cdnoticias.com\/index.php\/wp-json\/wp\/v2\/media?parent=189624"}],"wp:term":[{"taxonomy":"category","embeddable":true,"href":"https:\/\/cdnoticias.com\/index.php\/wp-json\/wp\/v2\/categories?post=189624"},{"taxonomy":"post_tag","embeddable":true,"href":"https:\/\/cdnoticias.com\/index.php\/wp-json\/wp\/v2\/tags?post=189624"}],"curies":[{"name":"wp","href":"https:\/\/api.w.org\/{rel}","templated":true}]}}