{"id":189612,"date":"2025-12-05T11:32:17","date_gmt":"2025-12-05T14:32:17","guid":{"rendered":"https:\/\/cdnoticias.com\/?p=189612"},"modified":"2025-12-05T16:14:21","modified_gmt":"2025-12-05T19:14:21","slug":"crisis-industrial-en-olavarria-el-impacto-se-profundiza-por-la-caida-de-la-obra-publica","status":"publish","type":"post","link":"https:\/\/cdnoticias.com\/index.php\/2025\/12\/05\/crisis-industrial-en-olavarria-el-impacto-se-profundiza-por-la-caida-de-la-obra-publica\/","title":{"rendered":"Crisis industrial: en Olavarr\u00eda el impacto se profundiza por la ca\u00edda de la obra p\u00fablica"},"content":{"rendered":"\n<p>Jorge Sobarzo, presidente de la UIO, advirti\u00f3 que las cementeras locales operan al 30% de su capacidad y que la apertura importadora afecta a rubros como textil y calzado.  &#8220;Tenemos que pensar como pa\u00eds si elegimos el mejor precio o generar trabajo&#8221; dijo.<\/p>\n\n\n\n<hr class=\"wp-block-separator has-alpha-channel-opacity\"\/>\n\n\n\n<p>Seg\u00fan la encuesta m\u00e1s reciente de la <strong>Uni\u00f3n Industrial Argentina (UIA)<\/strong>, correspondiente a octubre y noviembre, la actividad industrial nacional atraviesa una <strong>contracci\u00f3n generalizada <\/strong>que alcanza a la producci\u00f3n, el empleo, el abastecimiento y la situaci\u00f3n financiera de las empresas.<\/p>\n\n\n\n<p><\/p>\n\n\n\n<p>El <strong>Monitor de Desempe\u00f1o Industrial (MDI) se ubic\u00f3 en 43,8 puntos en octubre, acumulando catorce meses consecutivos por debajo del umbral de expansi\u00f3n y registrando una ca\u00edda interanual de 5,2 puntos.<\/strong> Todos los sectores relevados \u2014entre ellos Textiles, Metales comunes y productos de metal, y Confecciones, cuero y calzado\u2014 permanecieron por debajo de los 50 puntos.<\/p>\n\n\n\n<p><\/p>\n\n\n\n<p>Consultado sobre<strong> si este escenario se replica en Olavarr\u00eda,<\/strong> el <strong>presidente de la Uni\u00f3n Industrial Olavarr\u00eda, Jorge Sobarzo, se\u00f1al\u00f3 en di\u00e1logo con Levantate por Radio Sapiens<\/strong> que la ciudad<strong> \u201csufre particularmente la falta de obra p\u00fablica\u201d.<\/strong> Destac\u00f3 que la econom\u00eda productiva local <strong>\u201ces una f\u00e1brica de materias primas para la obra p\u00fablica\u201d <\/strong>y que la mayor\u00eda de las empresas <strong>\u201cdependemos en primera instancia, en segunda o en tercera, de la miner\u00eda\u201d.<\/strong><\/p>\n\n\n\n<p><\/p>\n\n\n\n<blockquote class=\"wp-block-quote is-layout-flow wp-block-quote-is-layout-flow\">\n<p>Sobarzo explic\u00f3 que, si bien no cuentan con un porcentaje preciso de cu\u00e1ntas empresas frenaron su actividad, s\u00ed tienen el dato de que las cementeras \u2014\u201clas m\u00e1s importantes del pa\u00eds, que est\u00e1n ac\u00e1\u201d\u2014 est\u00e1n trabajando \u201ca un 30% de su capacidad de producci\u00f3n\u201d. Ese retroceso, afirm\u00f3, impacta de manera directa en los niveles de contrataci\u00f3n, ya que la demanda disminuye al reducirse los vol\u00famenes de actividad.<\/p>\n<\/blockquote>\n\n\n\n<p><\/p>\n\n\n\n<figure class=\"wp-block-image size-full\"><img data-recalc-dims=\"1\" loading=\"lazy\" decoding=\"async\" width=\"800\" height=\"445\" src=\"https:\/\/i0.wp.com\/cdnoticias.com\/wp-content\/uploads\/2025\/01\/cementera-fabrica-00.jpg?resize=800%2C445&#038;ssl=1\" alt=\"\" class=\"wp-image-134023\" srcset=\"https:\/\/i0.wp.com\/cdnoticias.com\/wp-content\/uploads\/2025\/01\/cementera-fabrica-00.jpg?w=1000&amp;ssl=1 1000w, https:\/\/i0.wp.com\/cdnoticias.com\/wp-content\/uploads\/2025\/01\/cementera-fabrica-00.jpg?resize=300%2C167&amp;ssl=1 300w, https:\/\/i0.wp.com\/cdnoticias.com\/wp-content\/uploads\/2025\/01\/cementera-fabrica-00.jpg?resize=768%2C427&amp;ssl=1 768w, https:\/\/i0.wp.com\/cdnoticias.com\/wp-content\/uploads\/2025\/01\/cementera-fabrica-00.jpg?resize=800%2C445&amp;ssl=1 800w\" sizes=\"auto, (max-width: 800px) 100vw, 800px\" \/><\/figure>\n\n\n\n<p><\/p>\n\n\n\n<p>Analiz\u00f3 adem\u00e1s <strong>el rol de la log\u00edstica impulsada por Vaca Muerta <\/strong>y destac\u00f3 que <strong>la apertura de ese corredor desde Neuqu\u00e9n y el desarrollo de empresas locales de transporte generaron beneficios indirectos en la ciudad,<\/strong> especialmente por la contrataci\u00f3n de choferes olavarrienses. Sin embargo, aclar\u00f3 que no todos los prestadores pueden acceder a ese mercado debido a las exigencias y est\u00e1ndares que requieren las grandes firmas.<\/p>\n\n\n\n<p><\/p>\n\n\n\n<blockquote class=\"wp-block-quote is-layout-flow wp-block-quote-is-layout-flow\">\n<p>\u201cAh\u00ed tenemos gente con trabajo y gente que queda fuera, pero no deja de ser un beneficio para la ciudad porque la mayor\u00eda de los choferes son de Olavarr\u00eda y esos salarios vienen a Olavarr\u00eda. En alg\u00fan punto generan beneficios tambi\u00e9n para nuestra sociedad\u201d, indic\u00f3.<\/p>\n<\/blockquote>\n\n\n\n<p><\/p>\n\n\n\n<p>Por fuera de la miner\u00eda, <strong>Sobarzo advirti\u00f3 que rubros como el textil atraviesan una \u201cdisminuci\u00f3n importante\u201d,<\/strong> afectada por la apertura de las importaciones. Sostuvo que la industria nacional no puede competir en condiciones de igualdad por su estructura impositiva y los costos de contrataci\u00f3n de mano de obra.<\/p>\n\n\n\n<p><\/p>\n\n\n\n<blockquote class=\"wp-block-quote is-layout-flow wp-block-quote-is-layout-flow\">\n<p>\u201cCreo que es ac\u00e1 donde tenemos que pensar como pa\u00eds si elegimos el mejor precio o generar trabajo, porque competir con el producto importado es imposible\u201d, remarc\u00f3 Sobarzo.<\/p>\n<\/blockquote>\n\n\n\n<p><\/p>\n\n\n\n<p>Respecto del panorama futuro, <strong>brind\u00f3 su opini\u00f3n personal y proyect\u00f3 para 2026 \u201cun escenario negativo\u201d<\/strong> para la industria nacional, en particular por la \u201capertura comercial indiscriminada\u201d.<\/p>\n\n\n\n<p><\/p>\n\n\n\n<p>Se\u00f1al\u00f3 que los efectos se sienten con mayor rapidez en sectores como textil, calzado, l\u00ednea blanca, electrodom\u00e9sticos y tecnolog\u00eda, pero anticip\u00f3 que<strong> \u201ccon el tiempo nos va a llegar a todos\u201d.<\/strong> Concluy\u00f3 que, m\u00e1s all\u00e1 de actividades consolidadas vinculadas a Vaca Muerta, <em>\u201cla mayor\u00eda de las empresas que trabajamos para el mercado interno no industrial se est\u00e1 contrayendo mucho\u201d<\/em>.<\/p>\n\n\n\n<p><\/p>\n","protected":false},"excerpt":{"rendered":"<p>Jorge Sobarzo, presidente de la UIO, advirti\u00f3 que las cementeras locales operan al 30% de su capacidad y que la<\/p>\n","protected":false},"author":5,"featured_media":70551,"comment_status":"closed","ping_status":"closed","sticky":false,"template":"","format":"standard","meta":{"_jetpack_memberships_contains_paid_content":false,"footnotes":""},"categories":[5,1],"tags":[],"class_list":["post-189612","post","type-post","status-publish","format-standard","has-post-thumbnail","hentry","category-informacion-general","category-portada"],"jetpack_featured_media_url":"https:\/\/i0.wp.com\/cdnoticias.com\/wp-content\/uploads\/2022\/11\/jorge-sobarzo-05-scaled.jpg?fit=2560%2C1536&ssl=1","jetpack_sharing_enabled":true,"_links":{"self":[{"href":"https:\/\/cdnoticias.com\/index.php\/wp-json\/wp\/v2\/posts\/189612","targetHints":{"allow":["GET"]}}],"collection":[{"href":"https:\/\/cdnoticias.com\/index.php\/wp-json\/wp\/v2\/posts"}],"about":[{"href":"https:\/\/cdnoticias.com\/index.php\/wp-json\/wp\/v2\/types\/post"}],"author":[{"embeddable":true,"href":"https:\/\/cdnoticias.com\/index.php\/wp-json\/wp\/v2\/users\/5"}],"replies":[{"embeddable":true,"href":"https:\/\/cdnoticias.com\/index.php\/wp-json\/wp\/v2\/comments?post=189612"}],"version-history":[{"count":0,"href":"https:\/\/cdnoticias.com\/index.php\/wp-json\/wp\/v2\/posts\/189612\/revisions"}],"wp:featuredmedia":[{"embeddable":true,"href":"https:\/\/cdnoticias.com\/index.php\/wp-json\/wp\/v2\/media\/70551"}],"wp:attachment":[{"href":"https:\/\/cdnoticias.com\/index.php\/wp-json\/wp\/v2\/media?parent=189612"}],"wp:term":[{"taxonomy":"category","embeddable":true,"href":"https:\/\/cdnoticias.com\/index.php\/wp-json\/wp\/v2\/categories?post=189612"},{"taxonomy":"post_tag","embeddable":true,"href":"https:\/\/cdnoticias.com\/index.php\/wp-json\/wp\/v2\/tags?post=189612"}],"curies":[{"name":"wp","href":"https:\/\/api.w.org\/{rel}","templated":true}]}}