{"id":189608,"date":"2025-12-05T08:47:25","date_gmt":"2025-12-05T11:47:25","guid":{"rendered":"https:\/\/cdnoticias.com\/?p=189608"},"modified":"2025-12-05T11:43:20","modified_gmt":"2025-12-05T14:43:20","slug":"se-mantiene-el-alerta-por-tormenta-para-la-tarde-en-olavarria","status":"publish","type":"post","link":"https:\/\/cdnoticias.com\/index.php\/2025\/12\/05\/se-mantiene-el-alerta-por-tormenta-para-la-tarde-en-olavarria\/","title":{"rendered":"Se mantiene el alerta por tormenta para la tarde en Olavarr\u00eda"},"content":{"rendered":"<p>Es de nivel amarillo. El Servicio Meteorol\u00f3gico Nacional prev\u00e9 actividad el\u00e9ctrica, granizo y vientos que podr\u00edan acompa\u00f1ar la lluvia.<!--more--><\/p>\n<hr \/>\n<p><a href=\"https:\/\/cdnoticias.com\/index.php\/2025\/12\/04\/doble-alerta-amarilla-por-tormentas-fuertes-para-olavarria\/\" target=\"_blank\" rel=\"noopener\">Tal como se hab\u00eda adelantado<\/a>, se mantiene para<strong> este viernes el alerta del Servicio Meteorol\u00f3gico Nacional<\/strong> por<strong> tormenta para Olavarr\u00eda.<\/strong><\/p>\n<p>Es un alerta<strong> amarilla<\/strong> que abarca a gran parte de la costa atl\u00e1ntica, el sureste y el centro de la provincia.<\/p>\n<blockquote><p>En el caso de Olavarr\u00eda, la tormenta fuerte se espera para la tarde. \u201cEl \u00e1rea ser\u00e1 afectada por tormentas aisladas, algunas localmente fuertes. Las mismas podr\u00e1n estar acompa\u00f1adas por frecuente actividad el\u00e9ctrica, ocasional ca\u00edda de granizo, r\u00e1fagas que pueden superar los 70 km\/h de forma localizada, y lluvias abundantes en cortos per\u00edodos. Se prev\u00e9n valores de precipitaci\u00f3n acumulada entre 20 y 40 mm, pudiendo ser superados en forma puntual\u201d indic\u00f3 el organismo nacional.<\/p><\/blockquote>\n<blockquote class=\"twitter-tweet\">\n<p dir=\"ltr\" lang=\"es\">5 DIC \u26a0\ufe0f <a href=\"https:\/\/twitter.com\/hashtag\/Alertas?src=hash&amp;ref_src=twsrc%5Etfw\">#Alertas<\/a> para hoy:<\/p>\n<p>\u26c8\ufe0f <a href=\"https:\/\/twitter.com\/hashtag\/Tormenta?src=hash&amp;ref_src=twsrc%5Etfw\">#Tormenta<\/a><br \/>\n\u26a0\ufe0f Lluvias intensas<br \/>\n\ud83d\udfe7 30-70 mm con r\u00e1fagas \u2265 90 km\/h<br \/>\n\ud83d\udfe8 20-40 mm con r\u00e1fagas \u2265 70 km\/h<br \/>\n\ud83e\uddca Granizo<\/p>\n<p>\ud83e\udd75 Temperaturas extremas: <a href=\"https:\/\/twitter.com\/hashtag\/calor?src=hash&amp;ref_src=twsrc%5Etfw\">#calor<\/a> \u26a0\ufe0f<br \/>\n\ud83d\udfe8 Efecto leve a moderado en la salud<\/p>\n<p>\ud83d\udcf2 M\u00e1s info y recomendaciones: <a href=\"https:\/\/t.co\/GRjfngGukd\">https:\/\/t.co\/GRjfngGukd<\/a> <a href=\"https:\/\/t.co\/iD9tEr2Pkf\">pic.twitter.com\/iD9tEr2Pkf<\/a><\/p>\n<p>\u2014 SMN Argentina (@SMN_Argentina) <a href=\"https:\/\/twitter.com\/SMN_Argentina\/status\/1996897754208260160?ref_src=twsrc%5Etfw\">December 5, 2025<\/a><\/p><\/blockquote>\n<p><script async src=\"https:\/\/platform.twitter.com\/widgets.js\" charset=\"utf-8\"><\/script><\/p>\n<p>La <strong>primera alerta<\/strong> se hab\u00eda emitido para la <strong>tarde del jueves<\/strong> y el pron\u00f3stico indic\u00f3 que <strong>las lluvias continuar\u00e1n tambi\u00e9n por la ma\u00f1ana de este viernes<\/strong>.<\/p>\n<blockquote><p>La Estaci\u00f3n Meteorol\u00f3gica de Olavarr\u00eda, ubicada en el aer\u00f3dromo, inform\u00f3 que durante este jueves la temperatura m\u00e1xima lleg\u00f3 a 32.6\u00b0C a las 16.30 horas y el registro de lluvia hasta las 21 fue de 5.9 mm. En tanto, en el primer informe de este viernes se indic\u00f3 que la lluvia hasta las 6 de la ma\u00f1ana lleg\u00f3 a 4.2 mm.<\/p><\/blockquote>\n","protected":false},"excerpt":{"rendered":"<p>Es de nivel amarillo. El Servicio Meteorol\u00f3gico Nacional prev\u00e9 actividad el\u00e9ctrica, granizo y vientos que podr\u00edan acompa\u00f1ar la lluvia.<\/p>\n","protected":false},"author":4,"featured_media":189583,"comment_status":"closed","ping_status":"closed","sticky":false,"template":"","format":"standard","meta":{"_jetpack_memberships_contains_paid_content":false,"footnotes":""},"categories":[5,1],"tags":[],"class_list":["post-189608","post","type-post","status-publish","format-standard","has-post-thumbnail","hentry","category-informacion-general","category-portada"],"jetpack_featured_media_url":"https:\/\/i0.wp.com\/cdnoticias.com\/wp-content\/uploads\/2025\/12\/lluvia-alerta-tormenta-olavarria1.jpg?fit=800%2C445&ssl=1","jetpack_sharing_enabled":true,"_links":{"self":[{"href":"https:\/\/cdnoticias.com\/index.php\/wp-json\/wp\/v2\/posts\/189608","targetHints":{"allow":["GET"]}}],"collection":[{"href":"https:\/\/cdnoticias.com\/index.php\/wp-json\/wp\/v2\/posts"}],"about":[{"href":"https:\/\/cdnoticias.com\/index.php\/wp-json\/wp\/v2\/types\/post"}],"author":[{"embeddable":true,"href":"https:\/\/cdnoticias.com\/index.php\/wp-json\/wp\/v2\/users\/4"}],"replies":[{"embeddable":true,"href":"https:\/\/cdnoticias.com\/index.php\/wp-json\/wp\/v2\/comments?post=189608"}],"version-history":[{"count":0,"href":"https:\/\/cdnoticias.com\/index.php\/wp-json\/wp\/v2\/posts\/189608\/revisions"}],"wp:featuredmedia":[{"embeddable":true,"href":"https:\/\/cdnoticias.com\/index.php\/wp-json\/wp\/v2\/media\/189583"}],"wp:attachment":[{"href":"https:\/\/cdnoticias.com\/index.php\/wp-json\/wp\/v2\/media?parent=189608"}],"wp:term":[{"taxonomy":"category","embeddable":true,"href":"https:\/\/cdnoticias.com\/index.php\/wp-json\/wp\/v2\/categories?post=189608"},{"taxonomy":"post_tag","embeddable":true,"href":"https:\/\/cdnoticias.com\/index.php\/wp-json\/wp\/v2\/tags?post=189608"}],"curies":[{"name":"wp","href":"https:\/\/api.w.org\/{rel}","templated":true}]}}