{"id":189563,"date":"2025-12-04T19:30:18","date_gmt":"2025-12-04T22:30:18","guid":{"rendered":"https:\/\/cdnoticias.com\/?p=189563"},"modified":"2025-12-04T20:34:30","modified_gmt":"2025-12-04T23:34:30","slug":"wesner-recorrio-la-obra-de-ampliacion-de-la-escuela-n-57-damaso-arce","status":"publish","type":"post","link":"https:\/\/cdnoticias.com\/index.php\/2025\/12\/04\/wesner-recorrio-la-obra-de-ampliacion-de-la-escuela-n-57-damaso-arce\/","title":{"rendered":"Wesner recorri\u00f3 la obra de ampliaci\u00f3n de la Escuela N\u00b0 57 \u201cD\u00e1maso Arce\u201d"},"content":{"rendered":"\n<p>El intendente visit\u00f3 el establecimiento, donde avanzan trabajos que incluyen nuevas aulas, oficinas y mejoras integrales en infraestructura.<\/p>\n\n\n\n<hr class=\"wp-block-separator aligncenter has-alpha-channel-opacity\"\/>\n\n\n\n<p>Este jueves por la ma\u00f1ana,<strong> el intendente Maximiliano Wesner visit\u00f3 la obra de ampliaci\u00f3n de la Escuela N\u00b0 57 \u201cD\u00e1maso Arce\u201d, ubicada en 9 de Julio y Canaveri.<\/strong> El proyecto presenta un avance significativo y permitir\u00e1 mejorar las condiciones de aprendizaje para los estudiantes, adem\u00e1s de optimizar el espacio de trabajo para docentes, auxiliares y personal administrativo.<\/p>\n\n\n\n<figure class=\"wp-block-image size-large\"><img data-recalc-dims=\"1\" loading=\"lazy\" decoding=\"async\" width=\"800\" height=\"533\" src=\"https:\/\/i0.wp.com\/cdnoticias.com\/wp-content\/uploads\/2025\/12\/Obras-Escuela-57-7.jpeg?resize=800%2C533&#038;ssl=1\" alt=\"\" class=\"wp-image-189567\" srcset=\"https:\/\/i0.wp.com\/cdnoticias.com\/wp-content\/uploads\/2025\/12\/Obras-Escuela-57-7.jpeg?resize=1024%2C682&amp;ssl=1 1024w, https:\/\/i0.wp.com\/cdnoticias.com\/wp-content\/uploads\/2025\/12\/Obras-Escuela-57-7.jpeg?resize=300%2C200&amp;ssl=1 300w, https:\/\/i0.wp.com\/cdnoticias.com\/wp-content\/uploads\/2025\/12\/Obras-Escuela-57-7.jpeg?resize=768%2C512&amp;ssl=1 768w, https:\/\/i0.wp.com\/cdnoticias.com\/wp-content\/uploads\/2025\/12\/Obras-Escuela-57-7.jpeg?resize=1536%2C1023&amp;ssl=1 1536w, https:\/\/i0.wp.com\/cdnoticias.com\/wp-content\/uploads\/2025\/12\/Obras-Escuela-57-7.jpeg?resize=272%2C182&amp;ssl=1 272w, https:\/\/i0.wp.com\/cdnoticias.com\/wp-content\/uploads\/2025\/12\/Obras-Escuela-57-7.jpeg?w=1600&amp;ssl=1 1600w\" sizes=\"auto, (max-width: 800px) 100vw, 800px\" \/><\/figure>\n\n\n\n<figure class=\"wp-block-image size-large\"><img data-recalc-dims=\"1\" loading=\"lazy\" decoding=\"async\" width=\"800\" height=\"544\" src=\"https:\/\/i0.wp.com\/cdnoticias.com\/wp-content\/uploads\/2025\/12\/Obras-Escuela-57-10.jpeg?resize=800%2C544&#038;ssl=1\" alt=\"\" class=\"wp-image-189565\" srcset=\"https:\/\/i0.wp.com\/cdnoticias.com\/wp-content\/uploads\/2025\/12\/Obras-Escuela-57-10.jpeg?resize=1024%2C696&amp;ssl=1 1024w, https:\/\/i0.wp.com\/cdnoticias.com\/wp-content\/uploads\/2025\/12\/Obras-Escuela-57-10.jpeg?resize=300%2C204&amp;ssl=1 300w, https:\/\/i0.wp.com\/cdnoticias.com\/wp-content\/uploads\/2025\/12\/Obras-Escuela-57-10.jpeg?resize=768%2C522&amp;ssl=1 768w, https:\/\/i0.wp.com\/cdnoticias.com\/wp-content\/uploads\/2025\/12\/Obras-Escuela-57-10.jpeg?resize=1536%2C1044&amp;ssl=1 1536w, https:\/\/i0.wp.com\/cdnoticias.com\/wp-content\/uploads\/2025\/12\/Obras-Escuela-57-10.jpeg?w=1600&amp;ssl=1 1600w\" sizes=\"auto, (max-width: 800px) 100vw, 800px\" \/><\/figure>\n\n\n\n<p>Wesner estuvo acompa\u00f1ado por el secretario de Obras, Infraestructura y Servicios P\u00fablicos, Orfel Fari\u00f1a, y por el presidente del Consejo Escolar, Ariel Rodr\u00edguez. Fueron recibidos por la directora del establecimiento, Mariana Rom\u00e1n. El edificio alberga a estudiantes de los barrios San Vicente Sur, Nicol\u00e1s Avellaneda, Mart\u00edn Fierro y zonas cercanas.<\/p>\n\n\n\n<p><em>\u201cSeguimos avanzando con el plan de infraestructura educativa en todo el Partido de Olavarr\u00eda. Obras que van a cambiar la diaria de cada una de las personas que transitan espacios. Desde el Municipio entendemos la educaci\u00f3n p\u00fablica como una prioridad, por eso nuestro compromiso es seguir acompa\u00f1\u00e1ndola, como lo hacemos incluso desde antes de ser gesti\u00f3n\u201d<\/em>, expres\u00f3 el intendente.<\/p>\n\n\n\n<figure class=\"wp-block-image size-large\"><img data-recalc-dims=\"1\" loading=\"lazy\" decoding=\"async\" width=\"800\" height=\"535\" src=\"https:\/\/i0.wp.com\/cdnoticias.com\/wp-content\/uploads\/2025\/12\/Obras-Escuela-57-11.jpeg?resize=800%2C535&#038;ssl=1\" alt=\"\" class=\"wp-image-189564\" srcset=\"https:\/\/i0.wp.com\/cdnoticias.com\/wp-content\/uploads\/2025\/12\/Obras-Escuela-57-11.jpeg?resize=1024%2C685&amp;ssl=1 1024w, https:\/\/i0.wp.com\/cdnoticias.com\/wp-content\/uploads\/2025\/12\/Obras-Escuela-57-11.jpeg?resize=300%2C201&amp;ssl=1 300w, https:\/\/i0.wp.com\/cdnoticias.com\/wp-content\/uploads\/2025\/12\/Obras-Escuela-57-11.jpeg?resize=768%2C514&amp;ssl=1 768w, https:\/\/i0.wp.com\/cdnoticias.com\/wp-content\/uploads\/2025\/12\/Obras-Escuela-57-11.jpeg?resize=1536%2C1027&amp;ssl=1 1536w, https:\/\/i0.wp.com\/cdnoticias.com\/wp-content\/uploads\/2025\/12\/Obras-Escuela-57-11.jpeg?resize=272%2C182&amp;ssl=1 272w, https:\/\/i0.wp.com\/cdnoticias.com\/wp-content\/uploads\/2025\/12\/Obras-Escuela-57-11.jpeg?w=1600&amp;ssl=1 1600w\" sizes=\"auto, (max-width: 800px) 100vw, 800px\" \/><\/figure>\n\n\n\n<p>La intervenci\u00f3n, correspondiente a la Licitaci\u00f3n P\u00fablica N\u00b0 1\/25, incluye<strong> la construcci\u00f3n de dos aulas y tres oficinas que conformar\u00e1n el \u00e1rea administrativa. Adem\u00e1s, se realiza la reestructuraci\u00f3n del edificio para incorporar sanitarios para personal docente y auxiliar, sanitarios accesibles y un dep\u00f3sito. El presupuesto supera los 230 millones de pesos.<\/strong><\/p>\n\n\n\n<p><strong>El proyecto prev\u00e9 tambi\u00e9n una nueva cocina y dep\u00f3sito junto al comedor.<\/strong> La cocina existente fue desmantelada y el espacio ser\u00e1 destinado completamente al \u00e1rea de comedor. Una vez finalizado ese sector, se realizar\u00e1 la remodelaci\u00f3n total de la bater\u00eda de sanitarios ya existente.<\/p>\n","protected":false},"excerpt":{"rendered":"<p>El intendente visit\u00f3 el establecimiento, donde avanzan trabajos que incluyen nuevas aulas, oficinas y mejoras integrales en infraestructura. Este jueves<\/p>\n","protected":false},"author":2,"featured_media":189566,"comment_status":"closed","ping_status":"closed","sticky":false,"template":"","format":"standard","meta":{"_jetpack_memberships_contains_paid_content":false,"footnotes":""},"categories":[5,1],"tags":[],"class_list":["post-189563","post","type-post","status-publish","format-standard","has-post-thumbnail","hentry","category-informacion-general","category-portada"],"jetpack_featured_media_url":"https:\/\/i0.wp.com\/cdnoticias.com\/wp-content\/uploads\/2025\/12\/Obras-Escuela-57-8-e1764887365650.jpeg?fit=1597%2C792&ssl=1","jetpack_sharing_enabled":true,"_links":{"self":[{"href":"https:\/\/cdnoticias.com\/index.php\/wp-json\/wp\/v2\/posts\/189563","targetHints":{"allow":["GET"]}}],"collection":[{"href":"https:\/\/cdnoticias.com\/index.php\/wp-json\/wp\/v2\/posts"}],"about":[{"href":"https:\/\/cdnoticias.com\/index.php\/wp-json\/wp\/v2\/types\/post"}],"author":[{"embeddable":true,"href":"https:\/\/cdnoticias.com\/index.php\/wp-json\/wp\/v2\/users\/2"}],"replies":[{"embeddable":true,"href":"https:\/\/cdnoticias.com\/index.php\/wp-json\/wp\/v2\/comments?post=189563"}],"version-history":[{"count":0,"href":"https:\/\/cdnoticias.com\/index.php\/wp-json\/wp\/v2\/posts\/189563\/revisions"}],"wp:featuredmedia":[{"embeddable":true,"href":"https:\/\/cdnoticias.com\/index.php\/wp-json\/wp\/v2\/media\/189566"}],"wp:attachment":[{"href":"https:\/\/cdnoticias.com\/index.php\/wp-json\/wp\/v2\/media?parent=189563"}],"wp:term":[{"taxonomy":"category","embeddable":true,"href":"https:\/\/cdnoticias.com\/index.php\/wp-json\/wp\/v2\/categories?post=189563"},{"taxonomy":"post_tag","embeddable":true,"href":"https:\/\/cdnoticias.com\/index.php\/wp-json\/wp\/v2\/tags?post=189563"}],"curies":[{"name":"wp","href":"https:\/\/api.w.org\/{rel}","templated":true}]}}