{"id":189559,"date":"2025-12-04T19:13:09","date_gmt":"2025-12-04T22:13:09","guid":{"rendered":"https:\/\/cdnoticias.com\/?p=189559"},"modified":"2025-12-04T20:54:49","modified_gmt":"2025-12-04T23:54:49","slug":"la-provincia-condono-las-deudas-que-tenian-los-municipios-por-fondos-en-la-pandemia","status":"publish","type":"post","link":"https:\/\/cdnoticias.com\/index.php\/2025\/12\/04\/la-provincia-condono-las-deudas-que-tenian-los-municipios-por-fondos-en-la-pandemia\/","title":{"rendered":"La Provincia condon\u00f3 las deudas que ten\u00edan los Municipios por fondos en la pandemia"},"content":{"rendered":"\n<p>Fue en la sesi\u00f3n de la Legislatura que, adem\u00e1s, aprob\u00f3 un fondo especial para las comunas que comenzar\u00e1 a pagarse en 2026. Olavarr\u00eda ten\u00eda que devolver m\u00e1s de 135 millones de pesos. <\/p>\n\n\n\n<hr class=\"wp-block-separator aligncenter has-alpha-channel-opacity\"\/>\n\n\n\n<p>Luego de a\u00f1os de discusiones, postergaciones e incluso un particular descuento en coparticipaci\u00f3n a Olavarr\u00eda este a\u00f1o, l<strong>a Legislatura Bonaerense aprob\u00f3 un paquete de leyes que autoriza al gobernador Kicillof a tomar deuda para pagar compromisos de esa \u00edndole y lograr un equilibrio de las finanzas en tiempos de crisis.<\/strong> De esa deuda, una parte ir\u00e1 a un fondo espec\u00edfico para los Municipios, que de esta forma tendr\u00e1n un extra de cara a lo que viene.<\/p>\n\n\n\n<blockquote class=\"wp-block-quote is-layout-flow wp-block-quote-is-layout-flow\">\n<p>Un dato que pas\u00f3 desapercibido pero resulta una muy buena noticia para Olavarr\u00eda y la regi\u00f3n es que se condon\u00f3 por completo la deuda que los Municipios ten\u00edan con las Provincias por el \u201cFondo Especial de Emergencia Sanitaria para la Contenci\u00f3n Fiscal Municipal\u201d, creado por Decreto en 2020 y del \u201cFondo Especial de Asignaciones Extraordinarias Salariales para Municipios\u201d, creado en 2023.<\/p>\n<\/blockquote>\n\n\n\n<p>Los dos fondos tuvieron como objetivo <strong>asistir a los Municipios en medio de una fuerte crisis producto de la paralizaci\u00f3n de actividades por la pandemia. En reiteradas ocasiones ese fondo ten\u00eda una fecha de pago, pero se fue postergando por diversos motivos, la crisis de las comunas en la mayor\u00eda de los casos.<\/strong><\/p>\n\n\n\n<p><strong>Este 2025, llamativamente, hubo descuentos de coparticipaci\u00f3n a Municipios para cobrarse esa deuda, entre ellos a Olavarr\u00eda,<\/strong> lo que gener\u00f3 un r\u00e1pido movimiento de legisladores para evitar devolver esos fondos.<\/p>\n\n\n\n<p>Para Olavarr\u00eda<strong>, significaba una devoluci\u00f3n de m\u00e1s de 135 millones de pesos<\/strong>: 81 millones y medio del Fondo Especial de Emergencia mientras que casi 55 por el Fondo Especial de Asignaciones Extraordinarias Salariales. Todo esto fue condonado.<\/p>\n\n\n\n<p>Otro dato a destacar es que en la sesi\u00f3n de la madrugada de este jueves <strong>se le impusieron topes a la ca\u00edda del CUD, algo que tambi\u00e9n beneficia a los intendentes ya que les da estabilidad financiera. A partir de ahora, ning\u00fan municipio podr\u00e1 perder m\u00e1s del 5% de su CUD en un a\u00f1o; si llegara a bajar un 5% dos a\u00f1os seguidos, en el tercer a\u00f1o el tope ser\u00e1 de 2,5%, un l\u00edmite que tambi\u00e9n regir\u00e1 en un eventual cuarto a\u00f1o consecutivo.<\/strong><\/p>\n","protected":false},"excerpt":{"rendered":"<p>Fue en la sesi\u00f3n de la Legislatura que, adem\u00e1s, aprob\u00f3 un fondo especial para las comunas que comenzar\u00e1 a pagarse<\/p>\n","protected":false},"author":2,"featured_media":189560,"comment_status":"closed","ping_status":"closed","sticky":false,"template":"","format":"standard","meta":{"_jetpack_memberships_contains_paid_content":false,"footnotes":""},"categories":[4,1],"tags":[],"class_list":["post-189559","post","type-post","status-publish","format-standard","has-post-thumbnail","hentry","category-politica","category-portada"],"jetpack_featured_media_url":"https:\/\/i0.wp.com\/cdnoticias.com\/wp-content\/uploads\/2025\/12\/camara-diputados-pba1-scaled.jpg?fit=2560%2C1707&ssl=1","jetpack_sharing_enabled":true,"_links":{"self":[{"href":"https:\/\/cdnoticias.com\/index.php\/wp-json\/wp\/v2\/posts\/189559","targetHints":{"allow":["GET"]}}],"collection":[{"href":"https:\/\/cdnoticias.com\/index.php\/wp-json\/wp\/v2\/posts"}],"about":[{"href":"https:\/\/cdnoticias.com\/index.php\/wp-json\/wp\/v2\/types\/post"}],"author":[{"embeddable":true,"href":"https:\/\/cdnoticias.com\/index.php\/wp-json\/wp\/v2\/users\/2"}],"replies":[{"embeddable":true,"href":"https:\/\/cdnoticias.com\/index.php\/wp-json\/wp\/v2\/comments?post=189559"}],"version-history":[{"count":0,"href":"https:\/\/cdnoticias.com\/index.php\/wp-json\/wp\/v2\/posts\/189559\/revisions"}],"wp:featuredmedia":[{"embeddable":true,"href":"https:\/\/cdnoticias.com\/index.php\/wp-json\/wp\/v2\/media\/189560"}],"wp:attachment":[{"href":"https:\/\/cdnoticias.com\/index.php\/wp-json\/wp\/v2\/media?parent=189559"}],"wp:term":[{"taxonomy":"category","embeddable":true,"href":"https:\/\/cdnoticias.com\/index.php\/wp-json\/wp\/v2\/categories?post=189559"},{"taxonomy":"post_tag","embeddable":true,"href":"https:\/\/cdnoticias.com\/index.php\/wp-json\/wp\/v2\/tags?post=189559"}],"curies":[{"name":"wp","href":"https:\/\/api.w.org\/{rel}","templated":true}]}}