{"id":189538,"date":"2025-12-04T17:30:16","date_gmt":"2025-12-04T20:30:16","guid":{"rendered":"https:\/\/cdnoticias.com\/?p=189538"},"modified":"2025-12-04T17:30:17","modified_gmt":"2025-12-04T20:30:17","slug":"feria-navidena-en-el-paseo-de-artesanos","status":"publish","type":"post","link":"https:\/\/cdnoticias.com\/index.php\/2025\/12\/04\/feria-navidena-en-el-paseo-de-artesanos\/","title":{"rendered":"Feria Navide\u00f1a en el Paseo de Artesanos"},"content":{"rendered":"\n<p>Desde este jueves y hasta el lunes 8 de diciembre participar\u00e1n de la feria artesanos locales fiscalizados que utilizan diferentes t\u00e9cnicas tales como papel mach\u00e9, orfebrer\u00eda, tejido en telar, hilado, encuadernaci\u00f3n y m\u00e1s.\u00a0<\/p>\n\n\n\n<hr class=\"wp-block-separator aligncenter has-alpha-channel-opacity\"\/>\n\n\n\n<p>Desde <strong>este jueves 4 y hasta el lunes 8 de diciembre,<\/strong> la<strong> Plaza Central<\/strong> se vestir\u00e1 con <strong>motivos navide\u00f1os en el marco de la Feria Artesanal<\/strong>, que se desarrollar\u00e1 este finde.<\/p>\n\n\n\n<p><\/p>\n\n\n\n<p>Los puestos <strong>se habilitar\u00e1n a partir de las 10 horas en el con una gran variedad de producciones locales. <\/strong>Participar\u00e1n de la feria <strong>artesanos locales fiscalizados<\/strong> que utilizan diferentes t\u00e9cnicas tales como papel mach\u00e9, orfebrer\u00eda, tejido en telar, hilado, encuadernaci\u00f3n, cester\u00eda ecol\u00f3gica, cer\u00e1mica, vitrofusi\u00f3n, marroquiner\u00eda, madera, amigurumis, macram\u00e9, velas, pintura art\u00edstica, bordado, artesan\u00eda reciclada y resignificaci\u00f3n.<\/p>\n\n\n\n<p><\/p>\n\n\n\n<p>El objetivo de la misma es <strong>impulsar, reconocer y apoyar la actividad artesanal<\/strong> en el Partido de Olavarr\u00eda, y que a trav\u00e9s de este tipo de eventos se permita dar un espacio de encuentro y sociabilizaci\u00f3n, generando v\u00ednculos y colaborando a la econom\u00eda social.<\/p>\n\n\n\n<p><\/p>\n","protected":false},"excerpt":{"rendered":"<p>Desde este jueves y hasta el lunes 8 de diciembre participar\u00e1n de la feria artesanos locales fiscalizados que utilizan diferentes<\/p>\n","protected":false},"author":6,"featured_media":71864,"comment_status":"closed","ping_status":"closed","sticky":false,"template":"","format":"standard","meta":{"_jetpack_memberships_contains_paid_content":false,"footnotes":""},"categories":[9,1],"tags":[],"class_list":["post-189538","post","type-post","status-publish","format-standard","has-post-thumbnail","hentry","category-cultura","category-portada"],"jetpack_featured_media_url":"https:\/\/i0.wp.com\/cdnoticias.com\/wp-content\/uploads\/2022\/12\/feria-navidena.jpg?fit=690%2C450&ssl=1","jetpack_sharing_enabled":true,"_links":{"self":[{"href":"https:\/\/cdnoticias.com\/index.php\/wp-json\/wp\/v2\/posts\/189538","targetHints":{"allow":["GET"]}}],"collection":[{"href":"https:\/\/cdnoticias.com\/index.php\/wp-json\/wp\/v2\/posts"}],"about":[{"href":"https:\/\/cdnoticias.com\/index.php\/wp-json\/wp\/v2\/types\/post"}],"author":[{"embeddable":true,"href":"https:\/\/cdnoticias.com\/index.php\/wp-json\/wp\/v2\/users\/6"}],"replies":[{"embeddable":true,"href":"https:\/\/cdnoticias.com\/index.php\/wp-json\/wp\/v2\/comments?post=189538"}],"version-history":[{"count":0,"href":"https:\/\/cdnoticias.com\/index.php\/wp-json\/wp\/v2\/posts\/189538\/revisions"}],"wp:featuredmedia":[{"embeddable":true,"href":"https:\/\/cdnoticias.com\/index.php\/wp-json\/wp\/v2\/media\/71864"}],"wp:attachment":[{"href":"https:\/\/cdnoticias.com\/index.php\/wp-json\/wp\/v2\/media?parent=189538"}],"wp:term":[{"taxonomy":"category","embeddable":true,"href":"https:\/\/cdnoticias.com\/index.php\/wp-json\/wp\/v2\/categories?post=189538"},{"taxonomy":"post_tag","embeddable":true,"href":"https:\/\/cdnoticias.com\/index.php\/wp-json\/wp\/v2\/tags?post=189538"}],"curies":[{"name":"wp","href":"https:\/\/api.w.org\/{rel}","templated":true}]}}