{"id":189532,"date":"2025-12-05T09:34:06","date_gmt":"2025-12-05T12:34:06","guid":{"rendered":"https:\/\/cdnoticias.com\/?p=189532"},"modified":"2025-12-05T12:14:16","modified_gmt":"2025-12-05T15:14:16","slug":"se-viene-el-aniversario-122o-de-loma-negra-con-un-gran-festejo","status":"publish","type":"post","link":"https:\/\/cdnoticias.com\/index.php\/2025\/12\/05\/se-viene-el-aniversario-122o-de-loma-negra-con-un-gran-festejo\/","title":{"rendered":"Se viene el Aniversario 122\u00ba de Loma Negra con un gran festejo"},"content":{"rendered":"\n<p>El evento ser\u00e1 este domingo en la Plaza Libertad de la mencionada localidad serrana. Habr\u00e1 variedad de ofertas gastron\u00f3micas, artesanos, emprendedores, m\u00fasica en vivo y el tradicional corte de torta.&nbsp;<\/p>\n\n\n\n<hr class=\"wp-block-separator aligncenter has-alpha-channel-opacity\"\/>\n\n\n\n<p>El Municipio de Olavarr\u00eda invita a la comunidad de todo el Partido y la regi\u00f3n a <strong>celebrar el 122\u00b0 aniversario de Loma Negra<\/strong>, fiesta que se realizar\u00e1 este<strong> domingo 7 de diciembre en la Plaza Libertad <\/strong>de la mencionada localidad serrana.\u00a0En el lugar se contar\u00e1 con propuestas culturales, recreativas, gastron\u00f3micas para todos los gustos y edades.\u00a0<\/p>\n\n\n\n<p><\/p>\n\n\n\n<p>El evento <strong>se iniciar\u00e1 a partir de las 14 horas,<\/strong> organizado de manera conjunta desde el Municipio, la Delegaci\u00f3n Municipal de Loma Negra, Casa de la Cultura y Turismo de Loma Negra e instituciones de la localidad, quienes estar\u00e1n al frente de distintos <strong>puestos de venta de comidas, donde se ofrecer\u00e1 una variada oferta gastron\u00f3mica. <\/strong>Vale destacar que se contar\u00e1 con productos sin TAAC, para ofrecer alternativas a todas las personas que se acerquen.<\/p>\n\n\n\n<p><\/p>\n\n\n\n<blockquote class=\"wp-block-quote is-layout-flow wp-block-quote-is-layout-flow\">\n<p>El acto protocolar se realizar\u00e1 desde las 18 horas, en el cual se llevar\u00e1 a cabo, adem\u00e1s de palabras alusivas, el tradicional corte de la torta de cumplea\u00f1os y entrega de reconocimientos. El desfile comenzar\u00e1 alrededor de las 19.<\/p>\n<\/blockquote>\n\n\n\n<p><\/p>\n\n\n\n<p>A la par, durante toda la jornada se contar\u00e1 con la <strong>participaci\u00f3n de artesanos y emprendedores,<\/strong> quienes tambi\u00e9n dispondr\u00e1n sus productos en distintos espacios de la plaza Libertad.<\/p>\n\n\n\n<p><\/p>\n\n\n\n<p>Las <strong>presentaciones musicales y art\u00edsticas se iniciar\u00e1n desde las 14:30 horas<\/strong> con el siguiente cronograma:<\/p>\n\n\n\n<ul class=\"wp-block-list\">\n<li>14:30 horas: Los de Ahora<\/li>\n<\/ul>\n\n\n\n<ul class=\"wp-block-list\">\n<li>15:40 horas: Grupo 100% Salay<\/li>\n<\/ul>\n\n\n\n<ul class=\"wp-block-list\">\n<li>16:00 horas: Mago Eddy<\/li>\n<\/ul>\n\n\n\n<ul class=\"wp-block-list\">\n<li>16:50 horas: Los Chuma<\/li>\n<\/ul>\n\n\n\n<ul class=\"wp-block-list\">\n<li>17:40 horas: Verano Dorado Dance<\/li>\n<\/ul>\n\n\n\n<ul class=\"wp-block-list\">\n<li>17:50 horas: Danza recreativa Sibila Loma Negra<\/li>\n<\/ul>\n\n\n\n<ul class=\"wp-block-list\">\n<li>18.40 horas: Caporales Sangre Morena<\/li>\n<\/ul>\n\n\n\n<ul class=\"wp-block-list\">\n<li>19:30 horas: Rock Gocella Nicol\u00e1s<\/li>\n<\/ul>\n\n\n\n<ul class=\"wp-block-list\">\n<li>20:15 horas: Cumbia El Bloke<\/li>\n<\/ul>\n\n\n\n<ul class=\"wp-block-list\">\n<li>21:00 horas: La Roland<\/li>\n<\/ul>\n","protected":false},"excerpt":{"rendered":"<p>El evento ser\u00e1 este domingo en la Plaza Libertad de la mencionada localidad serrana. Habr\u00e1 variedad de ofertas gastron\u00f3micas, artesanos,<\/p>\n","protected":false},"author":6,"featured_media":189534,"comment_status":"closed","ping_status":"closed","sticky":false,"template":"","format":"standard","meta":{"_jetpack_memberships_contains_paid_content":false,"footnotes":""},"categories":[9,1],"tags":[],"class_list":["post-189532","post","type-post","status-publish","format-standard","has-post-thumbnail","hentry","category-cultura","category-portada"],"jetpack_featured_media_url":"https:\/\/i0.wp.com\/cdnoticias.com\/wp-content\/uploads\/2025\/12\/aniversariolomanegra.jpg?fit=900%2C595&ssl=1","jetpack_sharing_enabled":true,"_links":{"self":[{"href":"https:\/\/cdnoticias.com\/index.php\/wp-json\/wp\/v2\/posts\/189532","targetHints":{"allow":["GET"]}}],"collection":[{"href":"https:\/\/cdnoticias.com\/index.php\/wp-json\/wp\/v2\/posts"}],"about":[{"href":"https:\/\/cdnoticias.com\/index.php\/wp-json\/wp\/v2\/types\/post"}],"author":[{"embeddable":true,"href":"https:\/\/cdnoticias.com\/index.php\/wp-json\/wp\/v2\/users\/6"}],"replies":[{"embeddable":true,"href":"https:\/\/cdnoticias.com\/index.php\/wp-json\/wp\/v2\/comments?post=189532"}],"version-history":[{"count":0,"href":"https:\/\/cdnoticias.com\/index.php\/wp-json\/wp\/v2\/posts\/189532\/revisions"}],"wp:featuredmedia":[{"embeddable":true,"href":"https:\/\/cdnoticias.com\/index.php\/wp-json\/wp\/v2\/media\/189534"}],"wp:attachment":[{"href":"https:\/\/cdnoticias.com\/index.php\/wp-json\/wp\/v2\/media?parent=189532"}],"wp:term":[{"taxonomy":"category","embeddable":true,"href":"https:\/\/cdnoticias.com\/index.php\/wp-json\/wp\/v2\/categories?post=189532"},{"taxonomy":"post_tag","embeddable":true,"href":"https:\/\/cdnoticias.com\/index.php\/wp-json\/wp\/v2\/tags?post=189532"}],"curies":[{"name":"wp","href":"https:\/\/api.w.org\/{rel}","templated":true}]}}