{"id":189529,"date":"2025-12-05T19:30:04","date_gmt":"2025-12-05T22:30:04","guid":{"rendered":"https:\/\/cdnoticias.com\/?p=189529"},"modified":"2025-12-05T19:30:07","modified_gmt":"2025-12-05T22:30:07","slug":"jornada-de-adopcion-de-animales-de-compania-en-el-parque-mitre","status":"publish","type":"post","link":"https:\/\/cdnoticias.com\/index.php\/2025\/12\/05\/jornada-de-adopcion-de-animales-de-compania-en-el-parque-mitre\/","title":{"rendered":"Jornada de adopci\u00f3n de animales de compa\u00f1\u00eda en el Parque Mitre"},"content":{"rendered":"\n<p>Ser\u00e1 este domingo impulsado por el \u00e1rea veterinaria de la Direcci\u00f3n de Bromatolog\u00eda.&nbsp;<\/p>\n\n\n\n<hr class=\"wp-block-separator aligncenter has-alpha-channel-opacity\"\/>\n\n\n\n<p>Este <strong>domingo<\/strong> se llevar\u00e1 a cabo una nueva<strong> jornada de adopci\u00f3n y cuidado responsable de animales de compa\u00f1\u00eda,<\/strong> denominada \u201c<strong>Adoptame Olavarr\u00eda\u201d.\u00a0<\/strong><\/p>\n\n\n\n<p><\/p>\n\n\n\n<p>Se trata de la propuesta que debi\u00f3 postergarse el fin de semana pasado debido a las condiciones clim\u00e1ticas. La jornada <strong>se desarrollar\u00e1 desde las 17 a las 19 en el Parque Mitre,<\/strong> frente al <strong>Centro Cultural Municipal \u201cSan Jos\u00e9\u201d<\/strong> (Riobamba y Belgrano).<\/p>\n\n\n\n<p><\/p>\n\n\n\n<blockquote class=\"wp-block-quote is-layout-flow wp-block-quote-is-layout-flow\">\n<p>El evento, impulsado por el \u00e1rea veterinaria de la Direcci\u00f3n de Bromatolog\u00eda, junto a protectoras locales, se encuadra en la Campa\u00f1a Municipal \u201cQuerer es Cuidar\u201d, que tiene por objetivo promover el cuidado responsable de animales de compa\u00f1\u00eda.<\/p>\n<\/blockquote>\n\n\n\n<p><\/p>\n\n\n\n<p>La finalidad es <strong>visibilizar y dar a conocer a la sociedad algunos de los perros que se encuentran alojados en el predio de Bromatolog\u00eda,<\/strong> los cuales han sido abandonados y rescatados de la v\u00eda p\u00fablica, y as\u00ed generar conciencia sobre los beneficios de la adopci\u00f3n de perros adultos, adem\u00e1s de brindar consejos y herramientas necesarias para lograr el bienestar de perros y gatos de compa\u00f1\u00eda los vecinos de la ciudad, como as\u00ed tambi\u00e9n contribuir con la convivencia arm\u00f3nica de los animales y sus tutores en el espacio p\u00fablico.<\/p>\n\n\n\n<p><\/p>\n","protected":false},"excerpt":{"rendered":"<p>Ser\u00e1 este domingo impulsado por el \u00e1rea veterinaria de la Direcci\u00f3n de Bromatolog\u00eda.&nbsp; Este domingo se llevar\u00e1 a cabo una<\/p>\n","protected":false},"author":6,"featured_media":114823,"comment_status":"closed","ping_status":"closed","sticky":false,"template":"","format":"standard","meta":{"_jetpack_memberships_contains_paid_content":false,"footnotes":""},"categories":[5,1],"tags":[],"class_list":["post-189529","post","type-post","status-publish","format-standard","has-post-thumbnail","hentry","category-informacion-general","category-portada"],"jetpack_featured_media_url":"https:\/\/i0.wp.com\/cdnoticias.com\/wp-content\/uploads\/2024\/04\/BROMATOLOGIA-jornada-adopciones-28-de-abril-4.jpeg?fit=800%2C445&ssl=1","jetpack_sharing_enabled":true,"_links":{"self":[{"href":"https:\/\/cdnoticias.com\/index.php\/wp-json\/wp\/v2\/posts\/189529","targetHints":{"allow":["GET"]}}],"collection":[{"href":"https:\/\/cdnoticias.com\/index.php\/wp-json\/wp\/v2\/posts"}],"about":[{"href":"https:\/\/cdnoticias.com\/index.php\/wp-json\/wp\/v2\/types\/post"}],"author":[{"embeddable":true,"href":"https:\/\/cdnoticias.com\/index.php\/wp-json\/wp\/v2\/users\/6"}],"replies":[{"embeddable":true,"href":"https:\/\/cdnoticias.com\/index.php\/wp-json\/wp\/v2\/comments?post=189529"}],"version-history":[{"count":0,"href":"https:\/\/cdnoticias.com\/index.php\/wp-json\/wp\/v2\/posts\/189529\/revisions"}],"wp:featuredmedia":[{"embeddable":true,"href":"https:\/\/cdnoticias.com\/index.php\/wp-json\/wp\/v2\/media\/114823"}],"wp:attachment":[{"href":"https:\/\/cdnoticias.com\/index.php\/wp-json\/wp\/v2\/media?parent=189529"}],"wp:term":[{"taxonomy":"category","embeddable":true,"href":"https:\/\/cdnoticias.com\/index.php\/wp-json\/wp\/v2\/categories?post=189529"},{"taxonomy":"post_tag","embeddable":true,"href":"https:\/\/cdnoticias.com\/index.php\/wp-json\/wp\/v2\/tags?post=189529"}],"curies":[{"name":"wp","href":"https:\/\/api.w.org\/{rel}","templated":true}]}}