{"id":189520,"date":"2025-12-04T18:30:09","date_gmt":"2025-12-04T21:30:09","guid":{"rendered":"https:\/\/cdnoticias.com\/?p=189520"},"modified":"2025-12-04T19:30:34","modified_gmt":"2025-12-04T22:30:34","slug":"cortes-de-luz-programados-para-este-viernes","status":"publish","type":"post","link":"https:\/\/cdnoticias.com\/index.php\/2025\/12\/04\/cortes-de-luz-programados-para-este-viernes\/","title":{"rendered":"Cortes de luz programados para este viernes\u00a0"},"content":{"rendered":"\n<p>Ser\u00e1 por tareas de mantenimiento. Se indic\u00f3 que las tareas pueden reprogramarse si las condiciones clim\u00e1ticas son adversas.<\/p>\n\n\n\n<hr class=\"wp-block-separator aligncenter has-alpha-channel-opacity\"\/>\n\n\n\n<p>Desde <strong>Coopelectric <\/strong>se inform\u00f3 que este <strong>viernes <\/strong>se producir\u00e1 la <strong>interrupci\u00f3n del servicio el\u00e9ctrico en un sector de la ciudad y una localidad.\u00a0<\/strong><\/p>\n\n\n\n<p><\/p>\n\n\n\n<blockquote class=\"wp-block-quote is-layout-flow wp-block-quote-is-layout-flow\">\n<p>El corte ser\u00e1 en el horario de 8:00 a 12:00 y afectar\u00e1 el barrio Almirante Brown y 190 Viviendas en Hinojo.\u00a0<\/p>\n<\/blockquote>\n\n\n\n<p><\/p>\n\n\n\n<p>Se indic\u00f3 que <strong>el motivo del corte es por mantenimiento<\/strong> y las tareas pueden reprogramarse si las condiciones clim\u00e1ticas son adversas.<\/p>\n\n\n\n<p><\/p>\n","protected":false},"excerpt":{"rendered":"<p>Ser\u00e1 por tareas de mantenimiento. Se indic\u00f3 que las tareas pueden reprogramarse si las condiciones clim\u00e1ticas son adversas. Desde Coopelectric<\/p>\n","protected":false},"author":6,"featured_media":41403,"comment_status":"closed","ping_status":"closed","sticky":false,"template":"","format":"standard","meta":{"_jetpack_memberships_contains_paid_content":false,"footnotes":""},"categories":[5,1],"tags":[],"class_list":["post-189520","post","type-post","status-publish","format-standard","has-post-thumbnail","hentry","category-informacion-general","category-portada"],"jetpack_featured_media_url":"https:\/\/i0.wp.com\/cdnoticias.com\/wp-content\/uploads\/2021\/12\/coopelectric-camion.jpg?fit=1600%2C890&ssl=1","jetpack_sharing_enabled":true,"_links":{"self":[{"href":"https:\/\/cdnoticias.com\/index.php\/wp-json\/wp\/v2\/posts\/189520","targetHints":{"allow":["GET"]}}],"collection":[{"href":"https:\/\/cdnoticias.com\/index.php\/wp-json\/wp\/v2\/posts"}],"about":[{"href":"https:\/\/cdnoticias.com\/index.php\/wp-json\/wp\/v2\/types\/post"}],"author":[{"embeddable":true,"href":"https:\/\/cdnoticias.com\/index.php\/wp-json\/wp\/v2\/users\/6"}],"replies":[{"embeddable":true,"href":"https:\/\/cdnoticias.com\/index.php\/wp-json\/wp\/v2\/comments?post=189520"}],"version-history":[{"count":0,"href":"https:\/\/cdnoticias.com\/index.php\/wp-json\/wp\/v2\/posts\/189520\/revisions"}],"wp:featuredmedia":[{"embeddable":true,"href":"https:\/\/cdnoticias.com\/index.php\/wp-json\/wp\/v2\/media\/41403"}],"wp:attachment":[{"href":"https:\/\/cdnoticias.com\/index.php\/wp-json\/wp\/v2\/media?parent=189520"}],"wp:term":[{"taxonomy":"category","embeddable":true,"href":"https:\/\/cdnoticias.com\/index.php\/wp-json\/wp\/v2\/categories?post=189520"},{"taxonomy":"post_tag","embeddable":true,"href":"https:\/\/cdnoticias.com\/index.php\/wp-json\/wp\/v2\/tags?post=189520"}],"curies":[{"name":"wp","href":"https:\/\/api.w.org\/{rel}","templated":true}]}}