{"id":189511,"date":"2025-12-04T13:55:31","date_gmt":"2025-12-04T16:55:31","guid":{"rendered":"https:\/\/cdnoticias.com\/?p=189511"},"modified":"2025-12-04T13:55:32","modified_gmt":"2025-12-04T16:55:32","slug":"teresa-gomez-viuda-de-lopez-q-e-p-d","status":"publish","type":"post","link":"https:\/\/cdnoticias.com\/index.php\/2025\/12\/04\/teresa-gomez-viuda-de-lopez-q-e-p-d\/","title":{"rendered":"Teresa Gomez viuda de Lopez (Q.E.P.D.)"},"content":{"rendered":"<p>Falleci\u00f3 en Olavarr\u00eda el 4 de diciembre de 2025 a los 85 a\u00f1os.<\/p>\n<p>Sus hijos Pedro, Silvia, Gustavo y Fernanda L\u00f3pez; sus hijos pol\u00edticos Gladys Galmez, Jos\u00e9 Heffner, Fabiana Moyano y Daniel Passarini; sus nietos Romina y Ariel L\u00f3pez; Nicol\u00e1s, Facundo, Estefan\u00eda y Gern\u00f3nimo Heffner; Alejo y Astrid L\u00f3pez; Abril, Juan y Tom\u00e1s Passarini; sus bisnietos y dem\u00e1s deudos participan su fallecimiento.<\/p>\n<p>Sus restos ser\u00e1n velados en la Sala velatoria de Hinojo, previo responso en la Capilla Ardiente, e inhumados en el Cementerio de Hinojo este viernes 5 de diciembre a las 08:30 horas. Servicio adherido a Coopelectric.<\/p>\n<p>Nacida en Corrientes, vecina de Hinojo, jubilada y pensionada.<\/p>\n","protected":false},"excerpt":{"rendered":"<p>Falleci\u00f3 en Olavarr\u00eda el 4 de diciembre de 2025 a los 85 a\u00f1os. Sus hijos Pedro, Silvia, Gustavo y Fernanda<\/p>\n","protected":false},"author":4,"featured_media":51544,"comment_status":"closed","ping_status":"closed","sticky":false,"template":"","format":"standard","meta":{"_jetpack_memberships_contains_paid_content":false,"footnotes":""},"categories":[10],"tags":[],"class_list":["post-189511","post","type-post","status-publish","format-standard","has-post-thumbnail","hentry","category-necrologicas"],"jetpack_featured_media_url":"https:\/\/i0.wp.com\/cdnoticias.com\/wp-content\/uploads\/2022\/04\/necrologicas-390-x-240.jpg?fit=390%2C240&ssl=1","jetpack_sharing_enabled":true,"_links":{"self":[{"href":"https:\/\/cdnoticias.com\/index.php\/wp-json\/wp\/v2\/posts\/189511","targetHints":{"allow":["GET"]}}],"collection":[{"href":"https:\/\/cdnoticias.com\/index.php\/wp-json\/wp\/v2\/posts"}],"about":[{"href":"https:\/\/cdnoticias.com\/index.php\/wp-json\/wp\/v2\/types\/post"}],"author":[{"embeddable":true,"href":"https:\/\/cdnoticias.com\/index.php\/wp-json\/wp\/v2\/users\/4"}],"replies":[{"embeddable":true,"href":"https:\/\/cdnoticias.com\/index.php\/wp-json\/wp\/v2\/comments?post=189511"}],"version-history":[{"count":0,"href":"https:\/\/cdnoticias.com\/index.php\/wp-json\/wp\/v2\/posts\/189511\/revisions"}],"wp:featuredmedia":[{"embeddable":true,"href":"https:\/\/cdnoticias.com\/index.php\/wp-json\/wp\/v2\/media\/51544"}],"wp:attachment":[{"href":"https:\/\/cdnoticias.com\/index.php\/wp-json\/wp\/v2\/media?parent=189511"}],"wp:term":[{"taxonomy":"category","embeddable":true,"href":"https:\/\/cdnoticias.com\/index.php\/wp-json\/wp\/v2\/categories?post=189511"},{"taxonomy":"post_tag","embeddable":true,"href":"https:\/\/cdnoticias.com\/index.php\/wp-json\/wp\/v2\/tags?post=189511"}],"curies":[{"name":"wp","href":"https:\/\/api.w.org\/{rel}","templated":true}]}}